{"id":113628,"date":"2023-01-02T11:05:59","date_gmt":"2023-01-02T14:05:59","guid":{"rendered":"https:\/\/eldiariodesanpedro.com.ar\/sitio\/?p=113628"},"modified":"2023-01-02T11:06:00","modified_gmt":"2023-01-02T14:06:00","slug":"tarjeta-alimentar-cuando-cobro-en-enero-con-el-aumento","status":"publish","type":"post","link":"https:\/\/eldiariodesanpedro.com.ar\/sitio\/tarjeta-alimentar-cuando-cobro-en-enero-con-el-aumento\/","title":{"rendered":"Tarjeta Alimentar: \u00bfcu\u00e1ndo cobro en enero con el aumento?"},"content":{"rendered":"<!-- VideographyWP Plugin Message: Automatic video embedding prevented by plugin options. -->\n\n<p>En enero se realizar\u00e1 el pago de la Tarjeta Alimentar con el nuevo aumento del 40%. Conoc\u00e9 cu\u00e1les son los montos y qu\u00e9 d\u00eda cobran los beneficiarios.<\/p>\n\n\n\n<p>En enero de 2023, la\u00a0<strong>Tarjeta Alimentar<\/strong>\u00a0tendr\u00e1 un aumento del 40% para sus beneficiarios. Se trata de un\u00a0programa\u00a0que se cobra a trav\u00e9s de la\u00a0Administraci\u00f3n Nacional de la Seguridad Social (Anses)\u00a0en el que se garantiza que las familias beneficiarias puedan acceder a la\u00a0alimentaci\u00f3n\u00a0de sus hijos e hijas.<\/p>\n\n\n\n<p>El programa es de pago mensual y se realiza para la<strong>\u00a0compra de alimentos en comercios, almacenes, supermercados, ferias y mercados populares del pa\u00eds donde la tarjeta est\u00e1 habilitada<\/strong>. Realizado por el Ministerio de Desarrollo Social de la Naci\u00f3n, uno de sus objetivos es poder asistir y ayudar en el acceso a alimentos en los sectores m\u00e1s vulnerables.<\/p>\n\n\n\n<p>Para ser beneficiario o beneficiaria no hay que realizar ning\u00fan tipo de tr\u00e1mite ya que se genera de forma autom\u00e1tica, con el cruce de datos entre MI ANSES y AFIP. Sin embargo, es importante siempre mantener<strong>&nbsp;actualizados los datos personales, familiares y de contacto dentro de la p\u00e1gina oficial del organismo<\/strong>.<\/p>\n\n\n\n<p>Los mismos pod\u00e9s consultarlos y actualizarlos en mi ANSES &gt; Informaci\u00f3n personal &gt; Domicilio y datos de contacto con tu CUIL y Clave de la Seguridad Social. Respecto a c\u00f3mo utilizar la prestaci\u00f3n, se puede solicitar el pl\u00e1stico, para tenerla de forma f\u00edsica, o utilizar la tarjeta digitalmente.<\/p>\n\n\n\n<h2 class=\"wp-block-heading\">\u00bfQui\u00e9nes pueden acceder al cobro de la Tarjeta Alimentar?<\/h2>\n\n\n\n<p>Las\u00a0personas que pueden acceder\u00a0a la Tarjeta Alimentar son las siguientes:<\/p>\n\n\n\n<ul class=\"wp-block-list\"><li>Personas que cobren la Asignaci\u00f3n Universal por Hijo\/a con hijos\/as de hasta 14 a\u00f1os inclusive.<\/li><li>Embarazadas a partir de los 3 meses que cobren la Asignaci\u00f3n por Embarazo para Protecci\u00f3n Social.<\/li><li>Personas con hijos con discapacidad que cobren la Asignaci\u00f3n Universal por Hija\/o, sin l\u00edmite de edad.<\/li><li>Madres de 7 o m\u00e1s hijas\/os que perciben Pensiones No Contributivas.<\/li><\/ul>\n\n\n\n<h2 class=\"wp-block-heading\">\u00bfCu\u00e1les son los montos de la Tarjeta Alimentar en 2023?<\/h2>\n\n\n\n<p>Con el\u00a0\u00faltimo aumento del 40% anunciado por Victoria Tolosa Paz, los montos de la Tarjeta Alimentar cambiar\u00e1n para cada beneficiario. Algunos de los montos son:<\/p>\n\n\n\n<ul class=\"wp-block-list\"><li>Personas con un hijo: pasar\u00e1n de cobrar $9.000 a&nbsp;<strong>$12.500<\/strong>.<\/li><li>Personas con dos hijos:&nbsp;<strong>$19.000<\/strong>.<\/li><li>Personas con tres hijos o m\u00e1s:&nbsp;<strong>$25.000<\/strong>.<\/li><\/ul>\n\n\n\n<p>Seg\u00fan explic\u00f3 la funcionaria,&nbsp;<strong>el incremento ser\u00e1 de casi $11.000 millones en el monto de la prestaci\u00f3n alimentaria que brinda el Estado y la inversi\u00f3n alcanzar\u00e1 los $38.519 millones (era de $27.616 millones)<\/strong>. Los nuevos montos podr\u00e1n cobrarse a partir del 2023.<\/p>\n\n\n\n<h2 class=\"wp-block-heading\">Anses: Calendario de cobro de la Tarjeta Alimentar en enero 2023<\/h2>\n\n\n\n<h3 class=\"wp-block-heading\">Calendario de pagos Anses: Pensiones No Contributivas<\/h3>\n\n\n\n<ul class=\"wp-block-list\"><li>DNI terminados en 0 y 1: 3 de enero.<\/li><li>DNI terminados en 2 y 3: 4 de enero.<\/li><li>DNI terminados en 4 y 5: 5 de enero.<\/li><li>DNI terminados en 6 y 7: 6 de enero.<\/li><li>DNI terminados en 8 y 9: 9 de enero.<\/li><\/ul>\n\n\n\n<h3 class=\"wp-block-heading\">Calendario de pagos Anses: Asignaci\u00f3n Universal por Hijo<\/h3>\n\n\n\n<ul class=\"wp-block-list\"><li>DNI terminados en 0: 10 de enero.<\/li><li>DNI terminados en 1: 11 de enero.<\/li><li>DNI terminados en 2: 12 de enero.<\/li><li>DNI terminados en 3: 13 de enero.<\/li><li>DNI terminados en 4: 16 de enero.<\/li><li>DNI terminados en 5: 17 de enero.<\/li><li>DNI terminados en 6: 18 de enero.<\/li><li>DNI terminados en 7: 19 de enero.<\/li><li>DNI terminados en 8: 20 de enero.<\/li><li>DNI terminados en 9: 23 de enero.<\/li><\/ul>\n\n\n\n<h3 class=\"wp-block-heading\">Calendario de pagos Anses: Asignaci\u00f3n Universal por Embarazo<\/h3>\n\n\n\n<ul class=\"wp-block-list\"><li>DNI terminados en 0: 11 de enero.<\/li><li>DNI terminados en 1: 12 de enero.<\/li><li>DNI terminados en 2: 13 de enero.<\/li><li>DNI terminados en 3: 16 de enero.<\/li><li>DNI terminados en 4: 17 de enero.<\/li><li>DNI terminados en 5: 18 de enero.<\/li><li>DNI terminados en 6: 19 de enero.<\/li><li>DNI terminados en 7: 20 de enero.<\/li><li>DNI terminados en 8: 23 de enero.<\/li><li>DNI terminados en 9: 24 de enero.<\/li><\/ul>\n\n\n\n<p><a href=\"https:\/\/media.infocielo.com\/p\/0bd69c12d6ec5441e5639b7730c9f5b9\/adjuntos\/299\/imagenes\/001\/259\/0001259764\/887x0\/smart\/tarjeta-alimentarjpg.jpg\"><\/a><\/p>\n","protected":false},"excerpt":{"rendered":"<p>En enero se realizar\u00e1 el pago de la Tarjeta Alimentar con el nuevo aumento del 40%. Conoc\u00e9 cu\u00e1les son los montos y qu\u00e9 d\u00eda cobran los beneficiarios. En enero de 2023, la\u00a0Tarjeta Alimentar\u00a0tendr\u00e1 un aumento del 40% para sus beneficiarios. Se trata de un\u00a0programa\u00a0que se cobra a trav\u00e9s de la\u00a0Administraci\u00f3n Nacional de la Seguridad Social [&hellip;]<\/p>\n","protected":false},"author":4,"featured_media":100346,"comment_status":"closed","ping_status":"closed","sticky":false,"template":"","format":"standard","meta":{"om_disable_all_campaigns":false,"_jetpack_memberships_contains_paid_content":false,"footnotes":""},"categories":[101,2],"tags":[197,696,33,19],"class_list":["post-113628","post","type-post","status-publish","format-standard","has-post-thumbnail","hentry","category-interes-general-locales","category-locales","tag-buenos-aires","tag-interes-general","tag-locales","tag-san-pedro"],"aioseo_notices":[],"gutentor_comment":0,"jetpack_featured_media_url":"https:\/\/eldiariodesanpedro.com.ar\/sitio\/wp-content\/uploads\/2021\/10\/tarjeta-alimentarjpg.jpg","jetpack_shortlink":"https:\/\/wp.me\/p6RhLt-tyI","jetpack_sharing_enabled":true,"_links":{"self":[{"href":"https:\/\/eldiariodesanpedro.com.ar\/sitio\/wp-json\/wp\/v2\/posts\/113628","targetHints":{"allow":["GET"]}}],"collection":[{"href":"https:\/\/eldiariodesanpedro.com.ar\/sitio\/wp-json\/wp\/v2\/posts"}],"about":[{"href":"https:\/\/eldiariodesanpedro.com.ar\/sitio\/wp-json\/wp\/v2\/types\/post"}],"author":[{"embeddable":true,"href":"https:\/\/eldiariodesanpedro.com.ar\/sitio\/wp-json\/wp\/v2\/users\/4"}],"replies":[{"embeddable":true,"href":"https:\/\/eldiariodesanpedro.com.ar\/sitio\/wp-json\/wp\/v2\/comments?post=113628"}],"version-history":[{"count":1,"href":"https:\/\/eldiariodesanpedro.com.ar\/sitio\/wp-json\/wp\/v2\/posts\/113628\/revisions"}],"predecessor-version":[{"id":113629,"href":"https:\/\/eldiariodesanpedro.com.ar\/sitio\/wp-json\/wp\/v2\/posts\/113628\/revisions\/113629"}],"wp:featuredmedia":[{"embeddable":true,"href":"https:\/\/eldiariodesanpedro.com.ar\/sitio\/wp-json\/wp\/v2\/media\/100346"}],"wp:attachment":[{"href":"https:\/\/eldiariodesanpedro.com.ar\/sitio\/wp-json\/wp\/v2\/media?parent=113628"}],"wp:term":[{"taxonomy":"category","embeddable":true,"href":"https:\/\/eldiariodesanpedro.com.ar\/sitio\/wp-json\/wp\/v2\/categories?post=113628"},{"taxonomy":"post_tag","embeddable":true,"href":"https:\/\/eldiariodesanpedro.com.ar\/sitio\/wp-json\/wp\/v2\/tags?post=113628"}],"curies":[{"name":"wp","href":"https:\/\/api.w.org\/{rel}","templated":true}]}}