{"id":113625,"date":"2023-01-02T10:59:46","date_gmt":"2023-01-02T13:59:46","guid":{"rendered":"https:\/\/eldiariodesanpedro.com.ar\/sitio\/?p=113625"},"modified":"2023-01-02T10:59:47","modified_gmt":"2023-01-02T13:59:47","slug":"la-policia-bonaerense-cerro-el-ano-con-un-aumento-del-97-por-ciento","status":"publish","type":"post","link":"https:\/\/eldiariodesanpedro.com.ar\/sitio\/la-policia-bonaerense-cerro-el-ano-con-un-aumento-del-97-por-ciento\/","title":{"rendered":"La Polic\u00eda bonaerense cerro el a\u00f1o con un aumento del 97 por ciento"},"content":{"rendered":"<!-- VideographyWP Plugin Message: Automatic video embedding prevented by plugin options. -->\n\n<p>Tras la discusi\u00f3n paritaria con los gremios estatales, el Poder Ejecutivo confirm\u00f3 el aumento del 7 por ciento a diciembre para los agentes de la Polic\u00eda bonaerense.<\/p>\n\n\n\n<p>Luego de que\u00a0estatales,\u00a0docentes\u00a0y\u00a0judiciales\u00a0discutieran y cerraran las paritarias del a\u00f1o, la\u00a0<strong>Polic\u00eda bonaerense<\/strong>\u00a0tambi\u00e9n recibir\u00e1 un aumento en su salario y cierra el a\u00f1o con un 97 por ciento de incremento.<\/p>\n\n\n\n<p>A los incrementos salariales alcanzados en los meses anteriores, se suma un 7 por ciento que ser\u00e1 retroactivo a enero para llegar a ese n\u00famero total.<\/p>\n\n\n\n<p><strong>\u00abEl aumento salarial para el Personal Policial de la Provincia de Buenos Aires ser\u00e1 del 97% en el a\u00f1o 2022. Hasta diciembre de este a\u00f1o alcanzamos un 90% de incremento. Los 7 puntos adicionales se pagar\u00e1n como retroactivo con los sueldos de enero de 2023\u00bb,<\/strong>&nbsp;dijo el ministr de Seguridad, Sergio Berni.<\/p>\n\n\n\n<p>De este modo,\u00a0<strong>la paritaria anual para los agentes de seguridad<\/strong>\u00a0permitir\u00e1 colocarse por encima de los niveles inflacionarios, uno de los grandes objetivos que se propuso el Ejecutivo provincial. La cifra de aumento se elevar\u00e1, en algunos casos, seg\u00fan los cargos y la antig\u00fcedad, como en el caso de los trabajdores estatales.<\/p>\n\n\n\n<p>\u201cSeguimos trabajando para jerarquizar el trabajo de nuestras fuerzas de seguridad con una inversi\u00f3n hist\u00f3rica\u201d, afirm\u00f3 el gobernador&nbsp;<strong>Axel Kicillof<\/strong>&nbsp;y a\u00f1adi\u00f3 que \u201cuna Polic\u00eda m\u00e1s equipada, profesionalizada y mejor remunerada se traduce en m\u00e1s seguridad para cada bonaerense\u201d.<\/p>\n\n\n\n<p>En otro plano, los agentes de la Polic\u00eda que participan del\u00a0Operativo Sol recibir\u00e1n en concepto de vi\u00e1ticos 7 mil pesos\u00a0sin distinci\u00f3n de jerarqu\u00eda, categor\u00eda ni escalaf\u00f3n, algo que qued\u00f3 estipulado mediante el decreto 2228\/22, que lleva la firma del gobernador\u00a0<strong>Axel Kicillof<\/strong>\u00a0y los ministros\u00a0<strong>Sergio Berni<\/strong>, de Seguridad;\u00a0<strong>Pablo L\u00f3pez<\/strong>\u00a0de Hacienda y Finanzas y el jefe de Gabinete,\u00a0<strong>Mart\u00edn Insaurralde.<\/strong><\/p>\n\n\n\n<p>Por su parte, el personal de&nbsp;<strong>cadetes<\/strong>&nbsp;del Ministerio de Seguridad derivados al Operativo Sol, como as\u00ed tambi\u00e9n a los restantes operativos a realizarse durante 2023 en el territorio provincialrecibir\u00e1n un 50 por ciento del monto anterior, es decir 3.500 pesos.<\/p>\n\n\n\n<p><a href=\"https:\/\/media.infocielo.com\/p\/e001bc8b5c2a7391f1df014ac95f5cdd\/adjuntos\/299\/imagenes\/001\/559\/0001559356\/887x0\/smart\/policia-bonaerense-2022jpg.jpg\"><\/a><\/p>\n","protected":false},"excerpt":{"rendered":"<p>Tras la discusi\u00f3n paritaria con los gremios estatales, el Poder Ejecutivo confirm\u00f3 el aumento del 7 por ciento a diciembre para los agentes de la Polic\u00eda bonaerense. Luego de que\u00a0estatales,\u00a0docentes\u00a0y\u00a0judiciales\u00a0discutieran y cerraran las paritarias del a\u00f1o, la\u00a0Polic\u00eda bonaerense\u00a0tambi\u00e9n recibir\u00e1 un aumento en su salario y cierra el a\u00f1o con un 97 por ciento de incremento. [&hellip;]<\/p>\n","protected":false},"author":4,"featured_media":113626,"comment_status":"closed","ping_status":"closed","sticky":false,"template":"","format":"standard","meta":{"om_disable_all_campaigns":false,"_jetpack_memberships_contains_paid_content":false,"footnotes":""},"categories":[621],"tags":[197,696,33,19],"class_list":["post-113625","post","type-post","status-publish","format-standard","has-post-thumbnail","hentry","category-regionales","tag-buenos-aires","tag-interes-general","tag-locales","tag-san-pedro"],"aioseo_notices":[],"gutentor_comment":0,"jetpack_featured_media_url":"https:\/\/eldiariodesanpedro.com.ar\/sitio\/wp-content\/uploads\/2023\/01\/policia-bonaerense-2022jpg.jpg","jetpack_shortlink":"https:\/\/wp.me\/p6RhLt-tyF","jetpack_sharing_enabled":true,"_links":{"self":[{"href":"https:\/\/eldiariodesanpedro.com.ar\/sitio\/wp-json\/wp\/v2\/posts\/113625","targetHints":{"allow":["GET"]}}],"collection":[{"href":"https:\/\/eldiariodesanpedro.com.ar\/sitio\/wp-json\/wp\/v2\/posts"}],"about":[{"href":"https:\/\/eldiariodesanpedro.com.ar\/sitio\/wp-json\/wp\/v2\/types\/post"}],"author":[{"embeddable":true,"href":"https:\/\/eldiariodesanpedro.com.ar\/sitio\/wp-json\/wp\/v2\/users\/4"}],"replies":[{"embeddable":true,"href":"https:\/\/eldiariodesanpedro.com.ar\/sitio\/wp-json\/wp\/v2\/comments?post=113625"}],"version-history":[{"count":1,"href":"https:\/\/eldiariodesanpedro.com.ar\/sitio\/wp-json\/wp\/v2\/posts\/113625\/revisions"}],"predecessor-version":[{"id":113627,"href":"https:\/\/eldiariodesanpedro.com.ar\/sitio\/wp-json\/wp\/v2\/posts\/113625\/revisions\/113627"}],"wp:featuredmedia":[{"embeddable":true,"href":"https:\/\/eldiariodesanpedro.com.ar\/sitio\/wp-json\/wp\/v2\/media\/113626"}],"wp:attachment":[{"href":"https:\/\/eldiariodesanpedro.com.ar\/sitio\/wp-json\/wp\/v2\/media?parent=113625"}],"wp:term":[{"taxonomy":"category","embeddable":true,"href":"https:\/\/eldiariodesanpedro.com.ar\/sitio\/wp-json\/wp\/v2\/categories?post=113625"},{"taxonomy":"post_tag","embeddable":true,"href":"https:\/\/eldiariodesanpedro.com.ar\/sitio\/wp-json\/wp\/v2\/tags?post=113625"}],"curies":[{"name":"wp","href":"https:\/\/api.w.org\/{rel}","templated":true}]}}