{"id":113622,"date":"2023-01-02T10:50:10","date_gmt":"2023-01-02T13:50:10","guid":{"rendered":"https:\/\/eldiariodesanpedro.com.ar\/sitio\/?p=113622"},"modified":"2023-01-02T10:50:11","modified_gmt":"2023-01-02T13:50:11","slug":"en-2022-hubo-un-femicidio-cada-cinco-dias-en-la-provincia","status":"publish","type":"post","link":"https:\/\/eldiariodesanpedro.com.ar\/sitio\/en-2022-hubo-un-femicidio-cada-cinco-dias-en-la-provincia\/","title":{"rendered":"En 2022, hubo un femicidio cada cinco d\u00edas en la provincia"},"content":{"rendered":"<!-- VideographyWP Plugin Message: Automatic video embedding prevented by plugin options. -->\n\n<p>De acuerdo a los datos de la Subsecretar\u00eda de Pol\u00edticas contra las Violencias por razones de G\u00e9nero de dicha cartera, a cargo de Estela D\u00edaz, el a\u00f1o pasado se hab\u00edan registrado 83 casos, mientras que en 2020 hubo 108.<\/p>\n\n\n\n<p>Alrededor de un femicidio cada cinco d\u00edas se cometi\u00f3 durante el a\u00f1o en la provincia de Buenos Aires, lo que implica un descenso del 18% respecto a 2021, inform\u00f3 este jueves el Ministerio de Mujeres, Pol\u00edticas de G\u00e9nero y Diversidad Sexual bonaerense.<\/p>\n\n\n\n<p>En n\u00fameros concretos, fueron 67 femicidios y 2 transfemicidios y travesticidios.<\/p>\n\n\n\n<p>De acuerdo a los datos de la Subsecretar\u00eda de Pol\u00edticas contra las Violencias por razones de G\u00e9nero de dicha cartera, a cargo de Estela D\u00edaz, el a\u00f1o pasado se hab\u00edan registrado 83 casos, mientras que en 2020 hubo 108.<\/p>\n\n\n\n<p>La Suprema Corte, en su informe anual de 2021, se\u00f1al\u00f3 que la utilizaci\u00f3n de dispositivos duales en la provincia de Buenos Aires, entre otras pol\u00edticas de prevenci\u00f3n y asistencia, explicaban este cambio de tendencia a la baja de casos.<\/p>\n\n\n\n<p>En este sentido, el ministerio bonaerense detall\u00f3 que el uso de estos dispositivos (tobilleras) en cuyo control participa la L\u00ednea 144 del ministerio se increment\u00f3 un 38 por ciento este a\u00f1o hasta completar 530 ya que se sumaron 202 a los 328 que hab\u00eda hasta el a\u00f1o pasado.<\/p>\n\n\n\n<p>Adem\u00e1s, durante este a\u00f1o se consolid\u00f3 el trabajo de dicha l\u00ednea que atiende consultas por violencias por razones de g\u00e9nero y hasta octubre de este a\u00f1o hab\u00eda atendido 14.291 llamadas.<\/p>\n\n\n\n<p>Y si se mide el acumulado desde que la creaci\u00f3n del ministerio se atendieron 49.014 consultas.<\/p>\n","protected":false},"excerpt":{"rendered":"<p>De acuerdo a los datos de la Subsecretar\u00eda de Pol\u00edticas contra las Violencias por razones de G\u00e9nero de dicha cartera, a cargo de Estela D\u00edaz, el a\u00f1o pasado se hab\u00edan registrado 83 casos, mientras que en 2020 hubo 108. Alrededor de un femicidio cada cinco d\u00edas se cometi\u00f3 durante el a\u00f1o en la provincia de [&hellip;]<\/p>\n","protected":false},"author":4,"featured_media":113623,"comment_status":"closed","ping_status":"closed","sticky":false,"template":"","format":"standard","meta":{"om_disable_all_campaigns":false,"_jetpack_memberships_contains_paid_content":false,"footnotes":""},"categories":[621],"tags":[197,696,33,19],"class_list":["post-113622","post","type-post","status-publish","format-standard","has-post-thumbnail","hentry","category-regionales","tag-buenos-aires","tag-interes-general","tag-locales","tag-san-pedro"],"aioseo_notices":[],"gutentor_comment":0,"jetpack_featured_media_url":"https:\/\/eldiariodesanpedro.com.ar\/sitio\/wp-content\/uploads\/2023\/01\/0000021509-resized-1920x1080-1.jpg","jetpack_shortlink":"https:\/\/wp.me\/p6RhLt-tyC","jetpack_sharing_enabled":true,"_links":{"self":[{"href":"https:\/\/eldiariodesanpedro.com.ar\/sitio\/wp-json\/wp\/v2\/posts\/113622","targetHints":{"allow":["GET"]}}],"collection":[{"href":"https:\/\/eldiariodesanpedro.com.ar\/sitio\/wp-json\/wp\/v2\/posts"}],"about":[{"href":"https:\/\/eldiariodesanpedro.com.ar\/sitio\/wp-json\/wp\/v2\/types\/post"}],"author":[{"embeddable":true,"href":"https:\/\/eldiariodesanpedro.com.ar\/sitio\/wp-json\/wp\/v2\/users\/4"}],"replies":[{"embeddable":true,"href":"https:\/\/eldiariodesanpedro.com.ar\/sitio\/wp-json\/wp\/v2\/comments?post=113622"}],"version-history":[{"count":1,"href":"https:\/\/eldiariodesanpedro.com.ar\/sitio\/wp-json\/wp\/v2\/posts\/113622\/revisions"}],"predecessor-version":[{"id":113624,"href":"https:\/\/eldiariodesanpedro.com.ar\/sitio\/wp-json\/wp\/v2\/posts\/113622\/revisions\/113624"}],"wp:featuredmedia":[{"embeddable":true,"href":"https:\/\/eldiariodesanpedro.com.ar\/sitio\/wp-json\/wp\/v2\/media\/113623"}],"wp:attachment":[{"href":"https:\/\/eldiariodesanpedro.com.ar\/sitio\/wp-json\/wp\/v2\/media?parent=113622"}],"wp:term":[{"taxonomy":"category","embeddable":true,"href":"https:\/\/eldiariodesanpedro.com.ar\/sitio\/wp-json\/wp\/v2\/categories?post=113622"},{"taxonomy":"post_tag","embeddable":true,"href":"https:\/\/eldiariodesanpedro.com.ar\/sitio\/wp-json\/wp\/v2\/tags?post=113622"}],"curies":[{"name":"wp","href":"https:\/\/api.w.org\/{rel}","templated":true}]}}