{"id":113587,"date":"2022-12-30T10:20:25","date_gmt":"2022-12-30T13:20:25","guid":{"rendered":"https:\/\/eldiariodesanpedro.com.ar\/sitio\/?p=113587"},"modified":"2022-12-30T10:20:27","modified_gmt":"2022-12-30T13:20:27","slug":"dos-mujeres-heridas-en-accidente-de-transito-2","status":"publish","type":"post","link":"https:\/\/eldiariodesanpedro.com.ar\/sitio\/dos-mujeres-heridas-en-accidente-de-transito-2\/","title":{"rendered":"Dos mujeres heridas en accidente de transito"},"content":{"rendered":"<!-- VideographyWP Plugin Message: Automatic video embedding prevented by plugin options. -->\n\n<p>En el d\u00eda de ayer, alrededor de las 12:30 horas el personal policial de nuestra ciudad acude ha llamado en calles Almafuerte y Goycochea donde por razones que se tratan de establecer colisiona un autom\u00f3vil marca Peugeot 207 guiado por una femenina de 46 a\u00f1os contra una motocicleta marca Keller 110 guiada por una femenina de 48, quien circulaba con su hija de 19 como acompa\u00f1ante. <\/p>\n\n\n\n<p>Como consecuencia del siniestro, ambas ocupantes del rodado menor fueron trasladadas a la guardia del hospital presentando lesiones car\u00e1cter leves en miembros inferiores<\/p>\n","protected":false},"excerpt":{"rendered":"<p>En el d\u00eda de ayer, alrededor de las 12:30 horas el personal policial de nuestra ciudad acude ha llamado en calles Almafuerte y Goycochea donde por razones que se tratan de establecer colisiona un autom\u00f3vil marca Peugeot 207 guiado por una femenina de 46 a\u00f1os contra una motocicleta marca Keller 110 guiada por una femenina [&hellip;]<\/p>\n","protected":false},"author":4,"featured_media":113588,"comment_status":"closed","ping_status":"closed","sticky":false,"template":"","format":"standard","meta":{"om_disable_all_campaigns":false,"_jetpack_memberships_contains_paid_content":false,"footnotes":""},"categories":[2,103],"tags":[197,33,95,19],"class_list":["post-113587","post","type-post","status-publish","format-standard","has-post-thumbnail","hentry","category-locales","category-policiales-locales","tag-buenos-aires","tag-locales","tag-policiales","tag-san-pedro"],"aioseo_notices":[],"gutentor_comment":0,"jetpack_featured_media_url":"https:\/\/eldiariodesanpedro.com.ar\/sitio\/wp-content\/uploads\/2022\/12\/WhatsApp-Image-2022-12-30-at-10.16.22.jpeg","jetpack_shortlink":"https:\/\/wp.me\/p6RhLt-ty3","jetpack_sharing_enabled":true,"_links":{"self":[{"href":"https:\/\/eldiariodesanpedro.com.ar\/sitio\/wp-json\/wp\/v2\/posts\/113587","targetHints":{"allow":["GET"]}}],"collection":[{"href":"https:\/\/eldiariodesanpedro.com.ar\/sitio\/wp-json\/wp\/v2\/posts"}],"about":[{"href":"https:\/\/eldiariodesanpedro.com.ar\/sitio\/wp-json\/wp\/v2\/types\/post"}],"author":[{"embeddable":true,"href":"https:\/\/eldiariodesanpedro.com.ar\/sitio\/wp-json\/wp\/v2\/users\/4"}],"replies":[{"embeddable":true,"href":"https:\/\/eldiariodesanpedro.com.ar\/sitio\/wp-json\/wp\/v2\/comments?post=113587"}],"version-history":[{"count":1,"href":"https:\/\/eldiariodesanpedro.com.ar\/sitio\/wp-json\/wp\/v2\/posts\/113587\/revisions"}],"predecessor-version":[{"id":113589,"href":"https:\/\/eldiariodesanpedro.com.ar\/sitio\/wp-json\/wp\/v2\/posts\/113587\/revisions\/113589"}],"wp:featuredmedia":[{"embeddable":true,"href":"https:\/\/eldiariodesanpedro.com.ar\/sitio\/wp-json\/wp\/v2\/media\/113588"}],"wp:attachment":[{"href":"https:\/\/eldiariodesanpedro.com.ar\/sitio\/wp-json\/wp\/v2\/media?parent=113587"}],"wp:term":[{"taxonomy":"category","embeddable":true,"href":"https:\/\/eldiariodesanpedro.com.ar\/sitio\/wp-json\/wp\/v2\/categories?post=113587"},{"taxonomy":"post_tag","embeddable":true,"href":"https:\/\/eldiariodesanpedro.com.ar\/sitio\/wp-json\/wp\/v2\/tags?post=113587"}],"curies":[{"name":"wp","href":"https:\/\/api.w.org\/{rel}","templated":true}]}}