{"id":113584,"date":"2022-12-30T10:04:13","date_gmt":"2022-12-30T13:04:13","guid":{"rendered":"https:\/\/eldiariodesanpedro.com.ar\/sitio\/?p=113584"},"modified":"2022-12-30T10:04:15","modified_gmt":"2022-12-30T13:04:15","slug":"repudio-y-sirenazo-contra-el-viceministro-de-ambiente-de-la-nacion-sergio-federovisky","status":"publish","type":"post","link":"https:\/\/eldiariodesanpedro.com.ar\/sitio\/repudio-y-sirenazo-contra-el-viceministro-de-ambiente-de-la-nacion-sergio-federovisky\/","title":{"rendered":"Repudio y sirenazo contra el Viceministro de Ambiente de la Naci\u00f3n, Sergio Federovisky"},"content":{"rendered":"<!-- VideographyWP Plugin Message: Automatic video embedding prevented by plugin options. -->\n\n<p>Desde distintas entidades se manifestaron en contra de los dichos del funcionario y el propio Consejo Nacional de Federaciones de Bomberos adem\u00e1s de repudiarlo dispuso que este jueves a las 20 hs. haya un sirenazo en todo el pais.<\/p>\n\n\n\n<p>Lo expresado por el Viceministro de Ambiente de la Naci\u00f3n, Sergio Federovisky, en un programa de televisi\u00f3n, en donde atac\u00f3 al sistema de Bomberos Voluntarios del pa\u00eds con manifestaciones totalmente desafortunadas que lo dejan en una inc\u00f3moda posici\u00f3n debido a que evidenci\u00f3 una desinformaci\u00f3n total sobre cu\u00e1l es el verdadero rol de los Bomberos Voluntarios, origin\u00f3 un malestar generalizado en la familia bomberil.<\/p>\n\n\n\n<p>A tal punto que el propio Consejo Nacional de Federaciones de Bomberos&nbsp;emiti\u00f3 un comunicado repudiando los dichos del funcionario.<\/p>\n\n\n\n<p>COMUNICADO<\/p>\n\n\n\n<p>Ciudad Aut\u00f3noma de Buenos Aires, 28 de diciembre de 2022.<\/p>\n\n\n\n<p>CONSEJO NACIONAL DE FEDERACIONES DE BOMBEROS VOLUNTARIOS DE LA REP\u00daBLICA ARGENTINA<\/p>\n\n\n\n<p>RESOLUCI\u00d3N<\/p>\n\n\n\n<p>VISTO, los hechos acontecidos en el d\u00eda de ayer en el Programa \u201cPara que Sepas\u201d emitido por el canal A24, y los dichos del Vice Ministro de Ambiente de la Naci\u00f3n; y CONSIDERANDO, que EL CONSEJO DE FEDERACIONES DE BOMBEROS VOLUNTARIOS DE LA REP\u00daBLICA ARGENTINA, es el \u00fanico Ente de tercer grado, representativo ante los poderes p\u00fablicos nacionales e internacionales de los intereses de los 58 mil hombres y mujeres que integran el Sistema Nacional de Bomberos Voluntarios (SNBV), seg\u00fan lo establece la Ley Nacional N\u00ba 25.054.<\/p>\n\n\n\n<p>Por ello, EL PRESIDENTE DEL CONSEJO RESUELVE:<\/p>\n\n\n\n<p>ART\u00cdCULO 1.- Repudiar categ\u00f3ricamente las declaraciones del Viceministro de Ambiente de la Naci\u00f3n Sergio Federovisky, en el programa \u201cPara que Sepas\u201d en el canal A24 emitido el 27 de diciembre, por maliciosa e infundadas, que pretendieron poner en tela de juicio la honorabilidad, el profesionalismos y la vocaci\u00f3n de servicio de los bomberos voluntarios de Argentina.<\/p>\n\n\n\n<p>ART\u00cdCULO 2.- Declarar persona no grata al Vice Ministro de Ambiente Sergio Federovisky para el Sistema Nacional de Bomberos Voluntario de la Rep\u00fablica Argentina. ART\u00cdCULO 3. Solicitar al Ministro de Ambiente de la Naci\u00f3n se manifieste en forma inmediata y p\u00fablica sobre los dichos del Viceministro. ART\u00cdCULO 4 . Solicitar audiencia al Ministerio de Seguridad.<\/p>\n\n\n\n<p>ART\u00cdCULO 5.- Disponer un Sirenazo para el d\u00eda jueves 29 de diciembre a las 20 horas, en todas las entidades de bomberos voluntarios, como expresi\u00f3n de repudio.<\/p>\n\n\n\n<p>ART\u00cdCULO 6.- Convocar a movilizaci\u00f3n en cada una de las ciudades del pa\u00eds en repudio al destrato del sistema de bomberos voluntarios, para el d\u00eda viernes 30 de diciembre.<\/p>\n\n\n\n<p>ART\u00cdCULO 7.- Dejar expresado que el Sistema Nacional de Bomberos Voluntarios de la Rep\u00fablica Argentina considera que el funcionario en cuesti\u00f3n se torn\u00f3 indigno para desempe\u00f1ar un lugar en la funci\u00f3n p\u00fablica.<\/p>\n","protected":false},"excerpt":{"rendered":"<p>Desde distintas entidades se manifestaron en contra de los dichos del funcionario y el propio Consejo Nacional de Federaciones de Bomberos adem\u00e1s de repudiarlo dispuso que este jueves a las 20 hs. haya un sirenazo en todo el pais. Lo expresado por el Viceministro de Ambiente de la Naci\u00f3n, Sergio Federovisky, en un programa de [&hellip;]<\/p>\n","protected":false},"author":4,"featured_media":113585,"comment_status":"closed","ping_status":"closed","sticky":false,"template":"","format":"standard","meta":{"om_disable_all_campaigns":false,"_jetpack_memberships_contains_paid_content":false,"footnotes":""},"categories":[50,101,2],"tags":[197,696,33,19],"class_list":["post-113584","post","type-post","status-publish","format-standard","has-post-thumbnail","hentry","category-destacadas","category-interes-general-locales","category-locales","tag-buenos-aires","tag-interes-general","tag-locales","tag-san-pedro"],"aioseo_notices":[],"gutentor_comment":0,"jetpack_featured_media_url":"https:\/\/eldiariodesanpedro.com.ar\/sitio\/wp-content\/uploads\/2022\/12\/0000021504-resized-1920x1080-1.jpg","jetpack_shortlink":"https:\/\/wp.me\/p6RhLt-ty0","jetpack_sharing_enabled":true,"_links":{"self":[{"href":"https:\/\/eldiariodesanpedro.com.ar\/sitio\/wp-json\/wp\/v2\/posts\/113584","targetHints":{"allow":["GET"]}}],"collection":[{"href":"https:\/\/eldiariodesanpedro.com.ar\/sitio\/wp-json\/wp\/v2\/posts"}],"about":[{"href":"https:\/\/eldiariodesanpedro.com.ar\/sitio\/wp-json\/wp\/v2\/types\/post"}],"author":[{"embeddable":true,"href":"https:\/\/eldiariodesanpedro.com.ar\/sitio\/wp-json\/wp\/v2\/users\/4"}],"replies":[{"embeddable":true,"href":"https:\/\/eldiariodesanpedro.com.ar\/sitio\/wp-json\/wp\/v2\/comments?post=113584"}],"version-history":[{"count":1,"href":"https:\/\/eldiariodesanpedro.com.ar\/sitio\/wp-json\/wp\/v2\/posts\/113584\/revisions"}],"predecessor-version":[{"id":113586,"href":"https:\/\/eldiariodesanpedro.com.ar\/sitio\/wp-json\/wp\/v2\/posts\/113584\/revisions\/113586"}],"wp:featuredmedia":[{"embeddable":true,"href":"https:\/\/eldiariodesanpedro.com.ar\/sitio\/wp-json\/wp\/v2\/media\/113585"}],"wp:attachment":[{"href":"https:\/\/eldiariodesanpedro.com.ar\/sitio\/wp-json\/wp\/v2\/media?parent=113584"}],"wp:term":[{"taxonomy":"category","embeddable":true,"href":"https:\/\/eldiariodesanpedro.com.ar\/sitio\/wp-json\/wp\/v2\/categories?post=113584"},{"taxonomy":"post_tag","embeddable":true,"href":"https:\/\/eldiariodesanpedro.com.ar\/sitio\/wp-json\/wp\/v2\/tags?post=113584"}],"curies":[{"name":"wp","href":"https:\/\/api.w.org\/{rel}","templated":true}]}}