{"id":113581,"date":"2022-12-30T09:59:53","date_gmt":"2022-12-30T12:59:53","guid":{"rendered":"https:\/\/eldiariodesanpedro.com.ar\/sitio\/?p=113581"},"modified":"2022-12-30T09:59:55","modified_gmt":"2022-12-30T12:59:55","slug":"osvaldo-lori-estamos-indignados-con-los-dichos-de-federovisky","status":"publish","type":"post","link":"https:\/\/eldiariodesanpedro.com.ar\/sitio\/osvaldo-lori-estamos-indignados-con-los-dichos-de-federovisky\/","title":{"rendered":"Osvaldo Lori: \u00abEstamos indignados con los dichos de Federovisky\u00bb"},"content":{"rendered":"<!-- VideographyWP Plugin Message: Automatic video embedding prevented by plugin options. -->\n\n<p>El Viceministro de Ambiente de la Naci\u00f3n tuvo una desafortunada participaci\u00f3n en una entrevista period\u00edstica. El funcionario le apunt\u00f3 a los Bomberos Voluntarios de todo el pa\u00eds dejando como se\u00f1al un alarmante desconocimiento sobre cu\u00e1l es el verdadero rol que cada cuerpo activo desarrolla a diario. Fuerte repudio a los dichos de Federovisky.<\/p>\n\n\n\n<p>Fuera de foco y con un llamativo desconocimiento del funcionamiento diario el Viceministro de Ambiente de la Naci\u00f3n, Sergio Federovisky, atac\u00f3 el sistema de Bomberos Voluntarios del pa\u00eds.&nbsp;<\/p>\n\n\n\n<p>Sucedi\u00f3 durante una entrevista realizada en el programa Para Que Sepas que se emite por A24 y donde el funcionario fue consultado sobre la intervenci\u00f3n gubernamental ante la cantidad de incendios que se han dado en todo el pa\u00eds.<\/p>\n\n\n\n<p>\u201cLos bomberos voluntarios son un cap\u00edtulo aparte y pedimos a las provincias que empiecen a desactivar la idea de usarlos para este tipo de incendios, porque se combaten de otra manera, los incendios no se apagan con agua sino desde el terreno con herramientas como cortafuegos o tratando de llevar el fuego a zona muerta\u201d, dijo sorprendiendo a todos y agreg\u00f3: \u201cLos bomberos voluntarios s\u00f3lo est\u00e1n preparados para apagar un incendio en un edificio, una casa, es otra l\u00f3gica\u201d.<\/p>\n\n\n\n<p>A todo esto, el funcionario le agreg\u00f3 otras expresiones totalmente desafortunadas que lo dejan en una inc\u00f3moda posici\u00f3n debido a que evidenci\u00f3 una desinformaci\u00f3n total sobre cu\u00e1l es el verdadero rol de los Bomberos Voluntarios, y a la ves generando el malestar y repudio de distintas entidades.<\/p>\n\n\n\n<p>El Lic. Osvaldo Luis Lori, Comandante General y Presidente de la Federaci\u00f3n de Bomberos Voluntarios de la Provincia de Buenos Aires, intim\u00f3 a Federovisky para que en un t\u00e9rmino no mayor a las 24 horas aclare sus dichos y la Federaci\u00f3n Argentina repudi\u00f3 y declar\u00f3 persona no grata al funcionario.<\/p>\n\n\n\n<p>Lori, habl\u00f3 en el aire de FM G\u00e9nesis y se refiri\u00f3 a los dichos del funcionario nacional.<\/p>\n\n\n\n<p>\u00abEstamos indignados con los dichos de Federovisky\u00bb. \u201cNo solo que pone en duda el manejo del dinero sino tambi\u00e9n la parte operativa\u201d, dijo Lori.<\/p>\n\n\n\n<p>\u201cSon 1051 los incendios forestales que los bomberos voluntarios han tenido en la provincia de buenos Aires\u201d, asegur\u00f3. \u201cY son 1051 razones que tengo para molestarme\u201d.<\/p>\n\n\n\n<p>\u201cTambi\u00e9n prestamos servicios de emergencias en accidentes, algo m\u00e1s de 10 mil en el a\u00f1o, intervenimos en las cat\u00e1strofes y as\u00ed en muchos siniestros m\u00e1s\u201d, asegur\u00f3 el directivo.<\/p>\n\n\n\n<p>\u201cAnte cada emergencia han sido los bomberos voluntarios\u201d.<\/p>\n\n\n\n<p>\u201cEn el suelo bonaerense no solo hay incendios de islas sino en todo tipo de terrenos. Ahora, que los incendios no se apagan con agua es para discutirlo, si bien existen distintas formas todos los incendios se han apagado con agua\u201d, asegur\u00f3. \u201cY decir que solo estamos preparados para apagar incendios en edificios es un error\u201d.<\/p>\n\n\n\n<p>\u201cEs poco acertada la declaraci\u00f3n de este funcionario, desconoce c\u00f3mo es el funcionamiento del sistema de bomberos\u201d, destac\u00f3.<\/p>\n\n\n\n<p>\u201cNo ha sido acertado lo que dijo y menos poner en dudas el funcionamiento de las comisiones directivas y m\u00e1s a\u00fan lo de los Bomberos\u201d.<\/p>\n\n\n\n<p>LA INTIMACI\u00d3N A FEDEROVISKY<\/p>\n\n\n\n<p>\u201cMe dirijo a usted, en mi car\u00e1cter de Presidente de la Federaci\u00f3n de Asociaciones de Bomberos Voluntarios de la Provincia de Buenos Aires (FABVPBA), con el objeto de intimarlo a que en el improrrogable plazo de 24 horas de recibida la presente proceda a rectificarse p\u00fablicamente de las manifestaciones que usted ha hecho el 27\/12\/2022 a las 22.00 horas, aproximadamente, en el programa que conduce la periodista Marcela Pagano en la se\u00f1al de noticias A24\u201d.<\/p>\n\n\n\n<p>\u201cEs evidente que de sus dichos se desprende un desconocimiento total de la actividad que desplegamos, los bomberos voluntarios de la Provincia de Buenos Aires, realizaron&nbsp;<strong>\u201c10.051 servicios forestales en islas, sierras, montes y cultivos\u201d<\/strong>&nbsp;durante el 2022 y fueron apagados&nbsp;<strong>\u201ccon agua\u201d<\/strong>.<\/p>\n\n\n\n<p>\u201cSeguramente usted tampoco sabe que de los 37.705 servicios anuales que realizan los bomberos voluntarios a lo largo y ancho de la Provincia de Buenos Aires, solo 15.924 son incendios urbanos y 10.928 son accidentes. Tampoco debe saber que esos mismos bomberos voluntarios que desde hace 138 a\u00f1os apagan los incendios con agua, son los mismos que en el mes de febrero de 2022 fueron a combatir los incendios en la Provincia de Corrientes&nbsp;<strong>\u201ccon agua\u201d.<\/strong><\/p>\n\n\n\n<p><strong>\u201c<\/strong>Por todo lo expuesto, a fin de evitar la promoci\u00f3n de mayores perjuicios a los ya ocasionados a la Federaci\u00f3n y principalmente a sus Entidades Asociadas, lo intimo al inmediato cese de la indebida difusi\u00f3n y\/o promoci\u00f3n y\/o exhibici\u00f3n y\/o utilizaci\u00f3n de sus indebidas, mendaces e injustificadas manifestaciones y a rectificarse p\u00fablicamente de sus dichos en los mismos medios de comunicaci\u00f3n en los cuales lo hizo. No obstante ello, reservo derechos de accionar penal y civilmente por los da\u00f1os y perjuicios ya ocasionados por usted a mi representada y sus 182 entidades asociadas\u201d,\u00a0<strong>dice entre algunos puntos la nota enviada por Nori.<\/strong><\/p>\n","protected":false},"excerpt":{"rendered":"<p>El Viceministro de Ambiente de la Naci\u00f3n tuvo una desafortunada participaci\u00f3n en una entrevista period\u00edstica. El funcionario le apunt\u00f3 a los Bomberos Voluntarios de todo el pa\u00eds dejando como se\u00f1al un alarmante desconocimiento sobre cu\u00e1l es el verdadero rol que cada cuerpo activo desarrolla a diario. Fuerte repudio a los dichos de Federovisky. Fuera de [&hellip;]<\/p>\n","protected":false},"author":4,"featured_media":113582,"comment_status":"closed","ping_status":"closed","sticky":false,"template":"","format":"standard","meta":{"om_disable_all_campaigns":false,"_jetpack_memberships_contains_paid_content":false,"footnotes":""},"categories":[50,101,2],"tags":[197,696,33,19],"class_list":["post-113581","post","type-post","status-publish","format-standard","has-post-thumbnail","hentry","category-destacadas","category-interes-general-locales","category-locales","tag-buenos-aires","tag-interes-general","tag-locales","tag-san-pedro"],"aioseo_notices":[],"gutentor_comment":0,"jetpack_featured_media_url":"https:\/\/eldiariodesanpedro.com.ar\/sitio\/wp-content\/uploads\/2022\/12\/0000021503-resized-1920x1080-1.jpg","jetpack_shortlink":"https:\/\/wp.me\/p6RhLt-txX","jetpack_sharing_enabled":true,"_links":{"self":[{"href":"https:\/\/eldiariodesanpedro.com.ar\/sitio\/wp-json\/wp\/v2\/posts\/113581","targetHints":{"allow":["GET"]}}],"collection":[{"href":"https:\/\/eldiariodesanpedro.com.ar\/sitio\/wp-json\/wp\/v2\/posts"}],"about":[{"href":"https:\/\/eldiariodesanpedro.com.ar\/sitio\/wp-json\/wp\/v2\/types\/post"}],"author":[{"embeddable":true,"href":"https:\/\/eldiariodesanpedro.com.ar\/sitio\/wp-json\/wp\/v2\/users\/4"}],"replies":[{"embeddable":true,"href":"https:\/\/eldiariodesanpedro.com.ar\/sitio\/wp-json\/wp\/v2\/comments?post=113581"}],"version-history":[{"count":1,"href":"https:\/\/eldiariodesanpedro.com.ar\/sitio\/wp-json\/wp\/v2\/posts\/113581\/revisions"}],"predecessor-version":[{"id":113583,"href":"https:\/\/eldiariodesanpedro.com.ar\/sitio\/wp-json\/wp\/v2\/posts\/113581\/revisions\/113583"}],"wp:featuredmedia":[{"embeddable":true,"href":"https:\/\/eldiariodesanpedro.com.ar\/sitio\/wp-json\/wp\/v2\/media\/113582"}],"wp:attachment":[{"href":"https:\/\/eldiariodesanpedro.com.ar\/sitio\/wp-json\/wp\/v2\/media?parent=113581"}],"wp:term":[{"taxonomy":"category","embeddable":true,"href":"https:\/\/eldiariodesanpedro.com.ar\/sitio\/wp-json\/wp\/v2\/categories?post=113581"},{"taxonomy":"post_tag","embeddable":true,"href":"https:\/\/eldiariodesanpedro.com.ar\/sitio\/wp-json\/wp\/v2\/tags?post=113581"}],"curies":[{"name":"wp","href":"https:\/\/api.w.org\/{rel}","templated":true}]}}