{"id":113569,"date":"2022-12-30T09:45:43","date_gmt":"2022-12-30T12:45:43","guid":{"rendered":"https:\/\/eldiariodesanpedro.com.ar\/sitio\/?p=113569"},"modified":"2022-12-30T09:45:44","modified_gmt":"2022-12-30T12:45:44","slug":"renovacion-edilicia-y-enlace-a-la-red-de-historias-clinicas-en-el-centro-de-salud-los-aromos","status":"publish","type":"post","link":"https:\/\/eldiariodesanpedro.com.ar\/sitio\/renovacion-edilicia-y-enlace-a-la-red-de-historias-clinicas-en-el-centro-de-salud-los-aromos\/","title":{"rendered":"Renovaci\u00f3n edilicia y enlace a la red de historias cl\u00ednicas en el Centro de Salud Los Aromos"},"content":{"rendered":"<!-- VideographyWP Plugin Message: Automatic video embedding prevented by plugin options. -->\n\n<p>Este jueves visitaron el Centro de Salud \u201cLos Aromos\u201d para compartir la finalizaci\u00f3n de las obras que se iniciaron en el 2021, el Secretario de Obras P\u00fablicas Dr. Javier Silva, el Secretario de Salud Dr. Pablo Pichioni y el Subsecretario de Salud Gabriel Sayago.<\/p>\n\n\n\n<p>En este espacio ubicado en Fray Mamerto Esqui\u00fa 320, finaliz\u00f3 una refacci\u00f3n total que incluy\u00f3 la renovaci\u00f3n de cielo rasos, ampliaci\u00f3n de ambientes, colocaci\u00f3n de pisos y aberturas nuevas, construcci\u00f3n de veredas y muros perimetrales para brindar mayor seguridad a un espacio que lamentablemente ven\u00eda sufriendo hechos vand\u00e1licos con frecuencia. Se habilitaron espacios m\u00e1s c\u00f3modos para el personal y para la atenci\u00f3n a los pacientes.<\/p>\n\n\n\n<p>Desde las \u00e1reas municipales involucradas se realizaron, por un lado las gestiones para la ejecuci\u00f3n de las obras y por otro, con la participaci\u00f3n del Intendente Dr. Ram\u00f3n Salazar, la adhesi\u00f3n de la Municipalidad a la Red de Historias Cl\u00ednicas integradas a trav\u00e9s de la cual llegaron 15 computadoras al Partido de San Pedro para la carga de informaci\u00f3n.<\/p>\n\n\n\n<p>Tres de estas unidades ingresar\u00e1n informaci\u00f3n desde este CAP que se suma al CIC y Canaletas. Los funcionarios compartieron con m\u00e9dicos\/as, enfermeros\/as y auxiliares la alegr\u00eda de haber concretado esta obra que constituye una concreci\u00f3n m\u00e1s en la pol\u00edtica integral con la que se pretende seguir fortaleciendo el sistema de salud y generando obras p\u00fablicas que beneficien a toda la comunidad.<\/p>\n\n\n\n<figure class=\"wp-block-image size-full\"><img decoding=\"async\" width=\"783\" height=\"617\" data-attachment-id=\"113570\" data-permalink=\"https:\/\/eldiariodesanpedro.com.ar\/sitio\/renovacion-edilicia-y-enlace-a-la-red-de-historias-clinicas-en-el-centro-de-salud-los-aromos\/whatsapp-image-2022-12-30-at-07-57-05\/\" data-orig-file=\"https:\/\/eldiariodesanpedro.com.ar\/sitio\/wp-content\/uploads\/2022\/12\/WhatsApp-Image-2022-12-30-at-07.57.05.jpeg\" data-orig-size=\"783,617\" data-comments-opened=\"0\" data-image-meta=\"{&quot;aperture&quot;:&quot;0&quot;,&quot;credit&quot;:&quot;&quot;,&quot;camera&quot;:&quot;&quot;,&quot;caption&quot;:&quot;&quot;,&quot;created_timestamp&quot;:&quot;0&quot;,&quot;copyright&quot;:&quot;&quot;,&quot;focal_length&quot;:&quot;0&quot;,&quot;iso&quot;:&quot;0&quot;,&quot;shutter_speed&quot;:&quot;0&quot;,&quot;title&quot;:&quot;&quot;,&quot;orientation&quot;:&quot;0&quot;}\" data-image-title=\"WhatsApp Image 2022-12-30 at 07.57.05\" data-image-description=\"\" data-image-caption=\"\" data-large-file=\"https:\/\/eldiariodesanpedro.com.ar\/sitio\/wp-content\/uploads\/2022\/12\/WhatsApp-Image-2022-12-30-at-07.57.05.jpeg\" data-src=\"https:\/\/eldiariodesanpedro.com.ar\/sitio\/wp-content\/uploads\/2022\/12\/WhatsApp-Image-2022-12-30-at-07.57.05.jpeg\" alt=\"\" class=\"wp-image-113570 lazyload\" data-srcset=\"https:\/\/eldiariodesanpedro.com.ar\/sitio\/wp-content\/uploads\/2022\/12\/WhatsApp-Image-2022-12-30-at-07.57.05.jpeg 783w, https:\/\/eldiariodesanpedro.com.ar\/sitio\/wp-content\/uploads\/2022\/12\/WhatsApp-Image-2022-12-30-at-07.57.05-300x236.jpeg 300w, https:\/\/eldiariodesanpedro.com.ar\/sitio\/wp-content\/uploads\/2022\/12\/WhatsApp-Image-2022-12-30-at-07.57.05-768x605.jpeg 768w\" data-sizes=\"(max-width: 783px) 100vw, 783px\" src=\"data:image\/svg+xml;base64,PHN2ZyB3aWR0aD0iMSIgaGVpZ2h0PSIxIiB4bWxucz0iaHR0cDovL3d3dy53My5vcmcvMjAwMC9zdmciPjwvc3ZnPg==\" style=\"--smush-placeholder-width: 783px; --smush-placeholder-aspect-ratio: 783\/617;\" \/><\/figure>\n\n\n\n<figure class=\"wp-block-image size-full\"><img decoding=\"async\" width=\"840\" height=\"630\" data-attachment-id=\"113572\" data-permalink=\"https:\/\/eldiariodesanpedro.com.ar\/sitio\/renovacion-edilicia-y-enlace-a-la-red-de-historias-clinicas-en-el-centro-de-salud-los-aromos\/whatsapp-image-2022-12-30-at-07-57-09\/\" data-orig-file=\"https:\/\/eldiariodesanpedro.com.ar\/sitio\/wp-content\/uploads\/2022\/12\/WhatsApp-Image-2022-12-30-at-07.57.09.jpeg\" data-orig-size=\"840,630\" data-comments-opened=\"0\" data-image-meta=\"{&quot;aperture&quot;:&quot;0&quot;,&quot;credit&quot;:&quot;&quot;,&quot;camera&quot;:&quot;&quot;,&quot;caption&quot;:&quot;&quot;,&quot;created_timestamp&quot;:&quot;0&quot;,&quot;copyright&quot;:&quot;&quot;,&quot;focal_length&quot;:&quot;0&quot;,&quot;iso&quot;:&quot;0&quot;,&quot;shutter_speed&quot;:&quot;0&quot;,&quot;title&quot;:&quot;&quot;,&quot;orientation&quot;:&quot;0&quot;}\" data-image-title=\"WhatsApp Image 2022-12-30 at 07.57.09\" data-image-description=\"\" data-image-caption=\"\" data-large-file=\"https:\/\/eldiariodesanpedro.com.ar\/sitio\/wp-content\/uploads\/2022\/12\/WhatsApp-Image-2022-12-30-at-07.57.09.jpeg\" data-src=\"https:\/\/eldiariodesanpedro.com.ar\/sitio\/wp-content\/uploads\/2022\/12\/WhatsApp-Image-2022-12-30-at-07.57.09.jpeg\" alt=\"\" class=\"wp-image-113572 lazyload\" data-srcset=\"https:\/\/eldiariodesanpedro.com.ar\/sitio\/wp-content\/uploads\/2022\/12\/WhatsApp-Image-2022-12-30-at-07.57.09.jpeg 840w, https:\/\/eldiariodesanpedro.com.ar\/sitio\/wp-content\/uploads\/2022\/12\/WhatsApp-Image-2022-12-30-at-07.57.09-300x225.jpeg 300w, https:\/\/eldiariodesanpedro.com.ar\/sitio\/wp-content\/uploads\/2022\/12\/WhatsApp-Image-2022-12-30-at-07.57.09-768x576.jpeg 768w, https:\/\/eldiariodesanpedro.com.ar\/sitio\/wp-content\/uploads\/2022\/12\/WhatsApp-Image-2022-12-30-at-07.57.09-272x204.jpeg 272w\" data-sizes=\"(max-width: 840px) 100vw, 840px\" src=\"data:image\/svg+xml;base64,PHN2ZyB3aWR0aD0iMSIgaGVpZ2h0PSIxIiB4bWxucz0iaHR0cDovL3d3dy53My5vcmcvMjAwMC9zdmciPjwvc3ZnPg==\" style=\"--smush-placeholder-width: 840px; --smush-placeholder-aspect-ratio: 840\/630;\" \/><\/figure>\n\n\n\n<figure class=\"wp-block-image size-full\"><img decoding=\"async\" width=\"840\" height=\"630\" data-attachment-id=\"113573\" data-permalink=\"https:\/\/eldiariodesanpedro.com.ar\/sitio\/renovacion-edilicia-y-enlace-a-la-red-de-historias-clinicas-en-el-centro-de-salud-los-aromos\/whatsapp-image-2022-12-30-at-07-57-12\/\" data-orig-file=\"https:\/\/eldiariodesanpedro.com.ar\/sitio\/wp-content\/uploads\/2022\/12\/WhatsApp-Image-2022-12-30-at-07.57.12.jpeg\" data-orig-size=\"840,630\" data-comments-opened=\"0\" data-image-meta=\"{&quot;aperture&quot;:&quot;0&quot;,&quot;credit&quot;:&quot;&quot;,&quot;camera&quot;:&quot;&quot;,&quot;caption&quot;:&quot;&quot;,&quot;created_timestamp&quot;:&quot;0&quot;,&quot;copyright&quot;:&quot;&quot;,&quot;focal_length&quot;:&quot;0&quot;,&quot;iso&quot;:&quot;0&quot;,&quot;shutter_speed&quot;:&quot;0&quot;,&quot;title&quot;:&quot;&quot;,&quot;orientation&quot;:&quot;0&quot;}\" data-image-title=\"WhatsApp Image 2022-12-30 at 07.57.12\" data-image-description=\"\" data-image-caption=\"\" data-large-file=\"https:\/\/eldiariodesanpedro.com.ar\/sitio\/wp-content\/uploads\/2022\/12\/WhatsApp-Image-2022-12-30-at-07.57.12.jpeg\" data-src=\"https:\/\/eldiariodesanpedro.com.ar\/sitio\/wp-content\/uploads\/2022\/12\/WhatsApp-Image-2022-12-30-at-07.57.12.jpeg\" alt=\"\" class=\"wp-image-113573 lazyload\" data-srcset=\"https:\/\/eldiariodesanpedro.com.ar\/sitio\/wp-content\/uploads\/2022\/12\/WhatsApp-Image-2022-12-30-at-07.57.12.jpeg 840w, https:\/\/eldiariodesanpedro.com.ar\/sitio\/wp-content\/uploads\/2022\/12\/WhatsApp-Image-2022-12-30-at-07.57.12-300x225.jpeg 300w, https:\/\/eldiariodesanpedro.com.ar\/sitio\/wp-content\/uploads\/2022\/12\/WhatsApp-Image-2022-12-30-at-07.57.12-768x576.jpeg 768w, https:\/\/eldiariodesanpedro.com.ar\/sitio\/wp-content\/uploads\/2022\/12\/WhatsApp-Image-2022-12-30-at-07.57.12-272x204.jpeg 272w\" data-sizes=\"(max-width: 840px) 100vw, 840px\" src=\"data:image\/svg+xml;base64,PHN2ZyB3aWR0aD0iMSIgaGVpZ2h0PSIxIiB4bWxucz0iaHR0cDovL3d3dy53My5vcmcvMjAwMC9zdmciPjwvc3ZnPg==\" style=\"--smush-placeholder-width: 840px; --smush-placeholder-aspect-ratio: 840\/630;\" \/><\/figure>\n","protected":false},"excerpt":{"rendered":"<p>Este jueves visitaron el Centro de Salud \u201cLos Aromos\u201d para compartir la finalizaci\u00f3n de las obras que se iniciaron en el 2021, el Secretario de Obras P\u00fablicas Dr. Javier Silva, el Secretario de Salud Dr. Pablo Pichioni y el Subsecretario de Salud Gabriel Sayago. En este espacio ubicado en Fray Mamerto Esqui\u00fa 320, finaliz\u00f3 una [&hellip;]<\/p>\n","protected":false},"author":4,"featured_media":113571,"comment_status":"closed","ping_status":"closed","sticky":false,"template":"","format":"standard","meta":{"om_disable_all_campaigns":false,"_jetpack_memberships_contains_paid_content":false,"footnotes":""},"categories":[50,101,2],"tags":[197,696,33,19],"class_list":["post-113569","post","type-post","status-publish","format-standard","has-post-thumbnail","hentry","category-destacadas","category-interes-general-locales","category-locales","tag-buenos-aires","tag-interes-general","tag-locales","tag-san-pedro"],"aioseo_notices":[],"gutentor_comment":0,"jetpack_featured_media_url":"https:\/\/eldiariodesanpedro.com.ar\/sitio\/wp-content\/uploads\/2022\/12\/WhatsApp-Image-2022-12-30-at-07.57.07.jpeg","jetpack_shortlink":"https:\/\/wp.me\/p6RhLt-txL","jetpack_sharing_enabled":true,"_links":{"self":[{"href":"https:\/\/eldiariodesanpedro.com.ar\/sitio\/wp-json\/wp\/v2\/posts\/113569","targetHints":{"allow":["GET"]}}],"collection":[{"href":"https:\/\/eldiariodesanpedro.com.ar\/sitio\/wp-json\/wp\/v2\/posts"}],"about":[{"href":"https:\/\/eldiariodesanpedro.com.ar\/sitio\/wp-json\/wp\/v2\/types\/post"}],"author":[{"embeddable":true,"href":"https:\/\/eldiariodesanpedro.com.ar\/sitio\/wp-json\/wp\/v2\/users\/4"}],"replies":[{"embeddable":true,"href":"https:\/\/eldiariodesanpedro.com.ar\/sitio\/wp-json\/wp\/v2\/comments?post=113569"}],"version-history":[{"count":1,"href":"https:\/\/eldiariodesanpedro.com.ar\/sitio\/wp-json\/wp\/v2\/posts\/113569\/revisions"}],"predecessor-version":[{"id":113574,"href":"https:\/\/eldiariodesanpedro.com.ar\/sitio\/wp-json\/wp\/v2\/posts\/113569\/revisions\/113574"}],"wp:featuredmedia":[{"embeddable":true,"href":"https:\/\/eldiariodesanpedro.com.ar\/sitio\/wp-json\/wp\/v2\/media\/113571"}],"wp:attachment":[{"href":"https:\/\/eldiariodesanpedro.com.ar\/sitio\/wp-json\/wp\/v2\/media?parent=113569"}],"wp:term":[{"taxonomy":"category","embeddable":true,"href":"https:\/\/eldiariodesanpedro.com.ar\/sitio\/wp-json\/wp\/v2\/categories?post=113569"},{"taxonomy":"post_tag","embeddable":true,"href":"https:\/\/eldiariodesanpedro.com.ar\/sitio\/wp-json\/wp\/v2\/tags?post=113569"}],"curies":[{"name":"wp","href":"https:\/\/api.w.org\/{rel}","templated":true}]}}