{"id":113552,"date":"2022-12-29T16:41:40","date_gmt":"2022-12-29T19:41:40","guid":{"rendered":"https:\/\/eldiariodesanpedro.com.ar\/sitio\/?p=113552"},"modified":"2022-12-29T16:41:41","modified_gmt":"2022-12-29T19:41:41","slug":"toque-de-sirena-en-repudio-a-declaraciones-del-vice-ministro-de-ambiente","status":"publish","type":"post","link":"https:\/\/eldiariodesanpedro.com.ar\/sitio\/toque-de-sirena-en-repudio-a-declaraciones-del-vice-ministro-de-ambiente\/","title":{"rendered":"Toque de sirena en repudio a declaraciones del Vice Ministro de Ambiente"},"content":{"rendered":"<!-- VideographyWP Plugin Message: Automatic video embedding prevented by plugin options. -->\n\n<p>Bomberos Voluntarios quiere poner en conocimiento de la poblaci\u00f3n en su conjunto que en el d\u00eda de hoy a las 20 hs se llevar\u00e1 a cabo un toque sirenas aereas en nuestro cuartel central de San Pedro como as\u00ed tambi\u00e9n en el Destacamento N\u00b02 de Gdor Castro.<br>El mismo obedece al repudio que se genero en las filas bomberiles de todo el pa\u00eds a ra\u00edz de las declaraciones del Vice Ministro de Ambiente de la Naci\u00f3n Sergio Federovisky.<br>Dicha medida abarca a todos los cuarteles de Bomberos Voluntarios del pa\u00eds.<br><\/p>\n\n\n<a href=\"https:\/\/eldiariodesanpedro.com.ar\/sitio\/wp-content\/uploads\/2022\/12\/resolucio\u0301n-CONSEJO-Repudio.pdf\" class=\"pdfemb-viewer\" style=\"\" data-width=\"max\" data-height=\"max\" data-toolbar=\"bottom\" data-toolbar-fixed=\"off\">resolucio\u0301n-CONSEJO-Repudio<\/a>\n<p class=\"wp-block-pdfemb-pdf-embedder-viewer\"><\/p>\n","protected":false},"excerpt":{"rendered":"<p>Bomberos Voluntarios quiere poner en conocimiento de la poblaci\u00f3n en su conjunto que en el d\u00eda de hoy a las 20 hs se llevar\u00e1 a cabo un toque sirenas aereas en nuestro cuartel central de San Pedro como as\u00ed tambi\u00e9n en el Destacamento N\u00b02 de Gdor Castro.El mismo obedece al repudio que se genero en [&hellip;]<\/p>\n","protected":false},"author":4,"featured_media":18227,"comment_status":"closed","ping_status":"closed","sticky":false,"template":"","format":"standard","meta":{"om_disable_all_campaigns":false,"_jetpack_memberships_contains_paid_content":false,"footnotes":""},"categories":[50,101,2],"tags":[197,33,19,3315],"class_list":["post-113552","post","type-post","status-publish","format-standard","has-post-thumbnail","hentry","category-destacadas","category-interes-general-locales","category-locales","tag-buenos-aires","tag-locales","tag-san-pedro","tag-toque-de-sirena-en-repudio-a-declaraciones-del-vice-ministro-de-ambiente"],"aioseo_notices":[],"gutentor_comment":0,"jetpack_featured_media_url":"https:\/\/eldiariodesanpedro.com.ar\/sitio\/wp-content\/uploads\/2017\/05\/bomberos-san-pedro-1.jpg","jetpack_shortlink":"https:\/\/wp.me\/p6RhLt-txu","jetpack_sharing_enabled":true,"_links":{"self":[{"href":"https:\/\/eldiariodesanpedro.com.ar\/sitio\/wp-json\/wp\/v2\/posts\/113552","targetHints":{"allow":["GET"]}}],"collection":[{"href":"https:\/\/eldiariodesanpedro.com.ar\/sitio\/wp-json\/wp\/v2\/posts"}],"about":[{"href":"https:\/\/eldiariodesanpedro.com.ar\/sitio\/wp-json\/wp\/v2\/types\/post"}],"author":[{"embeddable":true,"href":"https:\/\/eldiariodesanpedro.com.ar\/sitio\/wp-json\/wp\/v2\/users\/4"}],"replies":[{"embeddable":true,"href":"https:\/\/eldiariodesanpedro.com.ar\/sitio\/wp-json\/wp\/v2\/comments?post=113552"}],"version-history":[{"count":1,"href":"https:\/\/eldiariodesanpedro.com.ar\/sitio\/wp-json\/wp\/v2\/posts\/113552\/revisions"}],"predecessor-version":[{"id":113554,"href":"https:\/\/eldiariodesanpedro.com.ar\/sitio\/wp-json\/wp\/v2\/posts\/113552\/revisions\/113554"}],"wp:featuredmedia":[{"embeddable":true,"href":"https:\/\/eldiariodesanpedro.com.ar\/sitio\/wp-json\/wp\/v2\/media\/18227"}],"wp:attachment":[{"href":"https:\/\/eldiariodesanpedro.com.ar\/sitio\/wp-json\/wp\/v2\/media?parent=113552"}],"wp:term":[{"taxonomy":"category","embeddable":true,"href":"https:\/\/eldiariodesanpedro.com.ar\/sitio\/wp-json\/wp\/v2\/categories?post=113552"},{"taxonomy":"post_tag","embeddable":true,"href":"https:\/\/eldiariodesanpedro.com.ar\/sitio\/wp-json\/wp\/v2\/tags?post=113552"}],"curies":[{"name":"wp","href":"https:\/\/api.w.org\/{rel}","templated":true}]}}