{"id":113536,"date":"2022-12-29T15:43:33","date_gmt":"2022-12-29T18:43:33","guid":{"rendered":"https:\/\/eldiariodesanpedro.com.ar\/sitio\/?p=113536"},"modified":"2022-12-29T15:43:34","modified_gmt":"2022-12-29T18:43:34","slug":"agenda-cultural-y-de-actividades-temporada-2023","status":"publish","type":"post","link":"https:\/\/eldiariodesanpedro.com.ar\/sitio\/agenda-cultural-y-de-actividades-temporada-2023\/","title":{"rendered":"Agenda cultural y de actividades temporada 2023"},"content":{"rendered":"<!-- VideographyWP Plugin Message: Automatic video embedding prevented by plugin options. -->\n\n<p><strong>Playa Vuelta de Obligado:<\/strong> Se puede visitar todos los d\u00edas de forma libre y gratuita, cuenta con servicio de guardavidas de lunes a viernes de 12 a 20 hs. y los fines de semana de 10 a 20 hs. El lugar cuenta con todos los servicios, artesanos, emprendedores, Food Truck y paradores. Adem\u00e1s, se pueden visitar la reserva natural y el Museo hist\u00f3rico. El estacionamiento tiene un costo los fines de semana, pero quien no desee abonarlo puede estacionar a una cuadra y descender a la playa caminando.<\/p>\n\n\n\n<p><strong>Complejo Municipal Ex Tiro Federal:<\/strong> Con entrada libre y gratuita para sampedrinos, se pueden utilizar las instalaciones del lugar y opcional con abono el uso de la piscina que cuenta con servicio de guardavidas de lunes a viernes de 12 a 20 hs. y los fines de semana de 10 a 20 hs.<\/p>\n\n\n\n<p><strong>Espacio recreativo Cantando en el R\u00edo:<\/strong> Tras las mejoras realizadas para ofrecer un nuevo espacio de recreaci\u00f3n sobre la ribera, se han colocado sombrillas, bancos y mesas, ba\u00f1os qu\u00edmicos, cestos para residuos y carteler\u00eda recordando que es una zona ideal para la pesca y la recreaci\u00f3n pero est\u00e1 estrictamente prohibido el ingreso al r\u00edo porque se trata de una sector de aguas profundas.<\/p>\n\n\n\n<p><strong>Ciclo de cine bajo las estrellas: <\/strong>En Plaza Belgrano, todos los mi\u00e9rcoles de enero y febrero desde las 20.30 hs. se proyectar\u00e1n pel\u00edculas de forma gratuita para disfrutar al aire libre entre toda la familia.<\/p>\n\n\n\n<p><strong>Actividad teatral en el Centro Cultural Abelardo Castillo: <\/strong>Consolidando por tercer a\u00f1o consecutivo la plaza teatral de San Pedro, todos los s\u00e1bados de enero y febrero se presentar\u00e1n dos espect\u00e1culos con artistas de primer nivel. \u201cCosas que no se deben decir\u201d con Anita Mart\u00ednez desde las 21.00 hs. y la continuidad de Talentos en San Pedro con la conducci\u00f3n de Rodrigo Lussich desde las 22.30 hs.<\/p>\n\n\n\n<p><strong>Actividad Teatral en el Teatro Municipal Siripo: <\/strong>Todos los viernes y domingos de enero y febrero a las 21.30 hs. se presenta \u201cLa Revista est\u00e1 en el Siripo\u201d, un show que tendr\u00e1 todos los condimentos de un espect\u00e1culo de revista con un elenco integrado en su totalidad por artistas sampedinos.<\/p>\n\n\n\n<p><strong>23\u00b0 Fiesta Provincial del Durazno y la Producci\u00f3n:<\/strong> Se desarrollar\u00e1 el 14 y 15 de enero en el campo deportivo de Agricultores con shows musicales de primer nivel, Ballets, la elecci\u00f3n del Embajador, la Embajadora y la definici\u00f3n del durazno de oro.<\/p>\n\n\n\n<p><strong>Colonia de Adultos Mayores: <\/strong>Coordinada por el \u00e1rea de Adultos Mayores dependiente de la Secretar\u00eda de Desarrollo Humano, funcionar\u00e1 en el complejo Municipal (Ex Tiro Federal) durante los meses de enero y febrero trabajando conjuntamente con los centros de jubilados de San Pedro y las localidades en donde pueden consultar para inscripciones.<\/p>\n\n\n\n<p><strong>Feria Capy San Pedro: <\/strong>A partir del viernes 6 de enero, de vienes a domingo desde las 18 hs. se desarrollar\u00e1 en Plaza Belgrano y contar\u00e1 con feria de artesan\u00edas, shows circenses y espect\u00e1culos musicales.<\/p>\n\n\n\n<figure class=\"wp-block-image size-full\"><img decoding=\"async\" width=\"630\" height=\"630\" data-attachment-id=\"113546\" data-permalink=\"https:\/\/eldiariodesanpedro.com.ar\/sitio\/agenda-cultural-y-de-actividades-temporada-2023\/whatsapp-image-2022-12-29-at-15-26-25\/\" data-orig-file=\"https:\/\/eldiariodesanpedro.com.ar\/sitio\/wp-content\/uploads\/2022\/12\/WhatsApp-Image-2022-12-29-at-15.26.25.jpeg\" data-orig-size=\"630,630\" data-comments-opened=\"0\" data-image-meta=\"{&quot;aperture&quot;:&quot;0&quot;,&quot;credit&quot;:&quot;&quot;,&quot;camera&quot;:&quot;&quot;,&quot;caption&quot;:&quot;&quot;,&quot;created_timestamp&quot;:&quot;0&quot;,&quot;copyright&quot;:&quot;&quot;,&quot;focal_length&quot;:&quot;0&quot;,&quot;iso&quot;:&quot;0&quot;,&quot;shutter_speed&quot;:&quot;0&quot;,&quot;title&quot;:&quot;&quot;,&quot;orientation&quot;:&quot;0&quot;}\" data-image-title=\"WhatsApp Image 2022-12-29 at 15.26.25\" data-image-description=\"\" data-image-caption=\"\" data-large-file=\"https:\/\/eldiariodesanpedro.com.ar\/sitio\/wp-content\/uploads\/2022\/12\/WhatsApp-Image-2022-12-29-at-15.26.25.jpeg\" data-src=\"https:\/\/eldiariodesanpedro.com.ar\/sitio\/wp-content\/uploads\/2022\/12\/WhatsApp-Image-2022-12-29-at-15.26.25.jpeg\" alt=\"\" class=\"wp-image-113546 lazyload\" data-srcset=\"https:\/\/eldiariodesanpedro.com.ar\/sitio\/wp-content\/uploads\/2022\/12\/WhatsApp-Image-2022-12-29-at-15.26.25.jpeg 630w, https:\/\/eldiariodesanpedro.com.ar\/sitio\/wp-content\/uploads\/2022\/12\/WhatsApp-Image-2022-12-29-at-15.26.25-300x300.jpeg 300w, https:\/\/eldiariodesanpedro.com.ar\/sitio\/wp-content\/uploads\/2022\/12\/WhatsApp-Image-2022-12-29-at-15.26.25-150x150.jpeg 150w\" data-sizes=\"(max-width: 630px) 100vw, 630px\" src=\"data:image\/svg+xml;base64,PHN2ZyB3aWR0aD0iMSIgaGVpZ2h0PSIxIiB4bWxucz0iaHR0cDovL3d3dy53My5vcmcvMjAwMC9zdmciPjwvc3ZnPg==\" style=\"--smush-placeholder-width: 630px; --smush-placeholder-aspect-ratio: 630\/630;\" \/><\/figure>\n\n\n\n<figure class=\"wp-block-image size-full\"><img decoding=\"async\" width=\"630\" height=\"630\" data-attachment-id=\"113545\" data-permalink=\"https:\/\/eldiariodesanpedro.com.ar\/sitio\/agenda-cultural-y-de-actividades-temporada-2023\/whatsapp-image-2022-12-29-at-15-26-25-1\/\" data-orig-file=\"https:\/\/eldiariodesanpedro.com.ar\/sitio\/wp-content\/uploads\/2022\/12\/WhatsApp-Image-2022-12-29-at-15.26.25-1.jpeg\" data-orig-size=\"630,630\" data-comments-opened=\"0\" data-image-meta=\"{&quot;aperture&quot;:&quot;0&quot;,&quot;credit&quot;:&quot;&quot;,&quot;camera&quot;:&quot;&quot;,&quot;caption&quot;:&quot;&quot;,&quot;created_timestamp&quot;:&quot;0&quot;,&quot;copyright&quot;:&quot;&quot;,&quot;focal_length&quot;:&quot;0&quot;,&quot;iso&quot;:&quot;0&quot;,&quot;shutter_speed&quot;:&quot;0&quot;,&quot;title&quot;:&quot;&quot;,&quot;orientation&quot;:&quot;0&quot;}\" data-image-title=\"WhatsApp Image 2022-12-29 at 15.26.25 (1)\" data-image-description=\"\" data-image-caption=\"\" data-large-file=\"https:\/\/eldiariodesanpedro.com.ar\/sitio\/wp-content\/uploads\/2022\/12\/WhatsApp-Image-2022-12-29-at-15.26.25-1.jpeg\" data-src=\"https:\/\/eldiariodesanpedro.com.ar\/sitio\/wp-content\/uploads\/2022\/12\/WhatsApp-Image-2022-12-29-at-15.26.25-1.jpeg\" alt=\"\" class=\"wp-image-113545 lazyload\" data-srcset=\"https:\/\/eldiariodesanpedro.com.ar\/sitio\/wp-content\/uploads\/2022\/12\/WhatsApp-Image-2022-12-29-at-15.26.25-1.jpeg 630w, https:\/\/eldiariodesanpedro.com.ar\/sitio\/wp-content\/uploads\/2022\/12\/WhatsApp-Image-2022-12-29-at-15.26.25-1-300x300.jpeg 300w, https:\/\/eldiariodesanpedro.com.ar\/sitio\/wp-content\/uploads\/2022\/12\/WhatsApp-Image-2022-12-29-at-15.26.25-1-150x150.jpeg 150w\" data-sizes=\"(max-width: 630px) 100vw, 630px\" src=\"data:image\/svg+xml;base64,PHN2ZyB3aWR0aD0iMSIgaGVpZ2h0PSIxIiB4bWxucz0iaHR0cDovL3d3dy53My5vcmcvMjAwMC9zdmciPjwvc3ZnPg==\" style=\"--smush-placeholder-width: 630px; --smush-placeholder-aspect-ratio: 630\/630;\" \/><\/figure>\n\n\n\n<figure class=\"wp-block-image size-full\"><img decoding=\"async\" width=\"445\" height=\"630\" data-attachment-id=\"113547\" data-permalink=\"https:\/\/eldiariodesanpedro.com.ar\/sitio\/agenda-cultural-y-de-actividades-temporada-2023\/whatsapp-image-2022-12-29-at-15-26-26\/\" data-orig-file=\"https:\/\/eldiariodesanpedro.com.ar\/sitio\/wp-content\/uploads\/2022\/12\/WhatsApp-Image-2022-12-29-at-15.26.26.jpeg\" data-orig-size=\"445,630\" data-comments-opened=\"0\" data-image-meta=\"{&quot;aperture&quot;:&quot;0&quot;,&quot;credit&quot;:&quot;&quot;,&quot;camera&quot;:&quot;&quot;,&quot;caption&quot;:&quot;&quot;,&quot;created_timestamp&quot;:&quot;0&quot;,&quot;copyright&quot;:&quot;&quot;,&quot;focal_length&quot;:&quot;0&quot;,&quot;iso&quot;:&quot;0&quot;,&quot;shutter_speed&quot;:&quot;0&quot;,&quot;title&quot;:&quot;&quot;,&quot;orientation&quot;:&quot;0&quot;}\" data-image-title=\"WhatsApp Image 2022-12-29 at 15.26.26\" data-image-description=\"\" data-image-caption=\"\" data-large-file=\"https:\/\/eldiariodesanpedro.com.ar\/sitio\/wp-content\/uploads\/2022\/12\/WhatsApp-Image-2022-12-29-at-15.26.26.jpeg\" data-src=\"https:\/\/eldiariodesanpedro.com.ar\/sitio\/wp-content\/uploads\/2022\/12\/WhatsApp-Image-2022-12-29-at-15.26.26.jpeg\" alt=\"\" class=\"wp-image-113547 lazyload\" data-srcset=\"https:\/\/eldiariodesanpedro.com.ar\/sitio\/wp-content\/uploads\/2022\/12\/WhatsApp-Image-2022-12-29-at-15.26.26.jpeg 445w, https:\/\/eldiariodesanpedro.com.ar\/sitio\/wp-content\/uploads\/2022\/12\/WhatsApp-Image-2022-12-29-at-15.26.26-212x300.jpeg 212w\" data-sizes=\"(max-width: 445px) 100vw, 445px\" src=\"data:image\/svg+xml;base64,PHN2ZyB3aWR0aD0iMSIgaGVpZ2h0PSIxIiB4bWxucz0iaHR0cDovL3d3dy53My5vcmcvMjAwMC9zdmciPjwvc3ZnPg==\" style=\"--smush-placeholder-width: 445px; --smush-placeholder-aspect-ratio: 445\/630;\" \/><\/figure>\n\n\n\n<figure class=\"wp-block-image size-full\"><img decoding=\"async\" width=\"445\" height=\"630\" data-attachment-id=\"113548\" data-permalink=\"https:\/\/eldiariodesanpedro.com.ar\/sitio\/agenda-cultural-y-de-actividades-temporada-2023\/whatsapp-image-2022-12-29-at-15-26-27-1\/\" data-orig-file=\"https:\/\/eldiariodesanpedro.com.ar\/sitio\/wp-content\/uploads\/2022\/12\/WhatsApp-Image-2022-12-29-at-15.26.27-1.jpeg\" data-orig-size=\"445,630\" data-comments-opened=\"0\" data-image-meta=\"{&quot;aperture&quot;:&quot;0&quot;,&quot;credit&quot;:&quot;&quot;,&quot;camera&quot;:&quot;&quot;,&quot;caption&quot;:&quot;&quot;,&quot;created_timestamp&quot;:&quot;0&quot;,&quot;copyright&quot;:&quot;&quot;,&quot;focal_length&quot;:&quot;0&quot;,&quot;iso&quot;:&quot;0&quot;,&quot;shutter_speed&quot;:&quot;0&quot;,&quot;title&quot;:&quot;&quot;,&quot;orientation&quot;:&quot;0&quot;}\" data-image-title=\"WhatsApp Image 2022-12-29 at 15.26.27 (1)\" data-image-description=\"\" data-image-caption=\"\" data-large-file=\"https:\/\/eldiariodesanpedro.com.ar\/sitio\/wp-content\/uploads\/2022\/12\/WhatsApp-Image-2022-12-29-at-15.26.27-1.jpeg\" data-src=\"https:\/\/eldiariodesanpedro.com.ar\/sitio\/wp-content\/uploads\/2022\/12\/WhatsApp-Image-2022-12-29-at-15.26.27-1.jpeg\" alt=\"\" class=\"wp-image-113548 lazyload\" data-srcset=\"https:\/\/eldiariodesanpedro.com.ar\/sitio\/wp-content\/uploads\/2022\/12\/WhatsApp-Image-2022-12-29-at-15.26.27-1.jpeg 445w, https:\/\/eldiariodesanpedro.com.ar\/sitio\/wp-content\/uploads\/2022\/12\/WhatsApp-Image-2022-12-29-at-15.26.27-1-212x300.jpeg 212w\" data-sizes=\"(max-width: 445px) 100vw, 445px\" src=\"data:image\/svg+xml;base64,PHN2ZyB3aWR0aD0iMSIgaGVpZ2h0PSIxIiB4bWxucz0iaHR0cDovL3d3dy53My5vcmcvMjAwMC9zdmciPjwvc3ZnPg==\" style=\"--smush-placeholder-width: 445px; --smush-placeholder-aspect-ratio: 445\/630;\" \/><\/figure>\n\n\n\n<figure class=\"wp-block-image size-full\"><img decoding=\"async\" width=\"500\" height=\"500\" data-attachment-id=\"113549\" data-permalink=\"https:\/\/eldiariodesanpedro.com.ar\/sitio\/agenda-cultural-y-de-actividades-temporada-2023\/whatsapp-image-2022-12-29-at-15-26-27\/\" data-orig-file=\"https:\/\/eldiariodesanpedro.com.ar\/sitio\/wp-content\/uploads\/2022\/12\/WhatsApp-Image-2022-12-29-at-15.26.27.jpeg\" data-orig-size=\"500,500\" data-comments-opened=\"0\" data-image-meta=\"{&quot;aperture&quot;:&quot;0&quot;,&quot;credit&quot;:&quot;&quot;,&quot;camera&quot;:&quot;&quot;,&quot;caption&quot;:&quot;&quot;,&quot;created_timestamp&quot;:&quot;0&quot;,&quot;copyright&quot;:&quot;&quot;,&quot;focal_length&quot;:&quot;0&quot;,&quot;iso&quot;:&quot;0&quot;,&quot;shutter_speed&quot;:&quot;0&quot;,&quot;title&quot;:&quot;&quot;,&quot;orientation&quot;:&quot;0&quot;}\" data-image-title=\"WhatsApp Image 2022-12-29 at 15.26.27\" data-image-description=\"\" data-image-caption=\"\" data-large-file=\"https:\/\/eldiariodesanpedro.com.ar\/sitio\/wp-content\/uploads\/2022\/12\/WhatsApp-Image-2022-12-29-at-15.26.27.jpeg\" data-src=\"https:\/\/eldiariodesanpedro.com.ar\/sitio\/wp-content\/uploads\/2022\/12\/WhatsApp-Image-2022-12-29-at-15.26.27.jpeg\" alt=\"\" class=\"wp-image-113549 lazyload\" data-srcset=\"https:\/\/eldiariodesanpedro.com.ar\/sitio\/wp-content\/uploads\/2022\/12\/WhatsApp-Image-2022-12-29-at-15.26.27.jpeg 500w, https:\/\/eldiariodesanpedro.com.ar\/sitio\/wp-content\/uploads\/2022\/12\/WhatsApp-Image-2022-12-29-at-15.26.27-300x300.jpeg 300w, https:\/\/eldiariodesanpedro.com.ar\/sitio\/wp-content\/uploads\/2022\/12\/WhatsApp-Image-2022-12-29-at-15.26.27-150x150.jpeg 150w\" data-sizes=\"(max-width: 500px) 100vw, 500px\" src=\"data:image\/svg+xml;base64,PHN2ZyB3aWR0aD0iMSIgaGVpZ2h0PSIxIiB4bWxucz0iaHR0cDovL3d3dy53My5vcmcvMjAwMC9zdmciPjwvc3ZnPg==\" style=\"--smush-placeholder-width: 500px; --smush-placeholder-aspect-ratio: 500\/500;\" \/><\/figure>\n","protected":false},"excerpt":{"rendered":"<p>Playa Vuelta de Obligado: Se puede visitar todos los d\u00edas de forma libre y gratuita, cuenta con servicio de guardavidas de lunes a viernes de 12 a 20 hs. y los fines de semana de 10 a 20 hs. El lugar cuenta con todos los servicios, artesanos, emprendedores, Food Truck y paradores. Adem\u00e1s, se pueden [&hellip;]<\/p>\n","protected":false},"author":4,"featured_media":113537,"comment_status":"closed","ping_status":"closed","sticky":false,"template":"","format":"standard","meta":{"om_disable_all_campaigns":false,"_jetpack_memberships_contains_paid_content":false,"footnotes":""},"categories":[50,101,2],"tags":[197,696,33,19],"class_list":["post-113536","post","type-post","status-publish","format-standard","has-post-thumbnail","hentry","category-destacadas","category-interes-general-locales","category-locales","tag-buenos-aires","tag-interes-general","tag-locales","tag-san-pedro"],"aioseo_notices":[],"gutentor_comment":0,"jetpack_featured_media_url":"https:\/\/eldiariodesanpedro.com.ar\/sitio\/wp-content\/uploads\/2022\/12\/WhatsApp-Image-2022-12-29-at-15.26.02.jpeg","jetpack_shortlink":"https:\/\/wp.me\/p6RhLt-txe","jetpack_sharing_enabled":true,"_links":{"self":[{"href":"https:\/\/eldiariodesanpedro.com.ar\/sitio\/wp-json\/wp\/v2\/posts\/113536","targetHints":{"allow":["GET"]}}],"collection":[{"href":"https:\/\/eldiariodesanpedro.com.ar\/sitio\/wp-json\/wp\/v2\/posts"}],"about":[{"href":"https:\/\/eldiariodesanpedro.com.ar\/sitio\/wp-json\/wp\/v2\/types\/post"}],"author":[{"embeddable":true,"href":"https:\/\/eldiariodesanpedro.com.ar\/sitio\/wp-json\/wp\/v2\/users\/4"}],"replies":[{"embeddable":true,"href":"https:\/\/eldiariodesanpedro.com.ar\/sitio\/wp-json\/wp\/v2\/comments?post=113536"}],"version-history":[{"count":1,"href":"https:\/\/eldiariodesanpedro.com.ar\/sitio\/wp-json\/wp\/v2\/posts\/113536\/revisions"}],"predecessor-version":[{"id":113551,"href":"https:\/\/eldiariodesanpedro.com.ar\/sitio\/wp-json\/wp\/v2\/posts\/113536\/revisions\/113551"}],"wp:featuredmedia":[{"embeddable":true,"href":"https:\/\/eldiariodesanpedro.com.ar\/sitio\/wp-json\/wp\/v2\/media\/113537"}],"wp:attachment":[{"href":"https:\/\/eldiariodesanpedro.com.ar\/sitio\/wp-json\/wp\/v2\/media?parent=113536"}],"wp:term":[{"taxonomy":"category","embeddable":true,"href":"https:\/\/eldiariodesanpedro.com.ar\/sitio\/wp-json\/wp\/v2\/categories?post=113536"},{"taxonomy":"post_tag","embeddable":true,"href":"https:\/\/eldiariodesanpedro.com.ar\/sitio\/wp-json\/wp\/v2\/tags?post=113536"}],"curies":[{"name":"wp","href":"https:\/\/api.w.org\/{rel}","templated":true}]}}