{"id":113530,"date":"2022-12-29T15:27:53","date_gmt":"2022-12-29T18:27:53","guid":{"rendered":"https:\/\/eldiariodesanpedro.com.ar\/sitio\/?p=113530"},"modified":"2022-12-29T15:27:57","modified_gmt":"2022-12-29T18:27:57","slug":"presentacion-de-actividades-para-la-temporada-2023","status":"publish","type":"post","link":"https:\/\/eldiariodesanpedro.com.ar\/sitio\/presentacion-de-actividades-para-la-temporada-2023\/","title":{"rendered":"Presentaci\u00f3n de actividades para la temporada 2023"},"content":{"rendered":"<!-- VideographyWP Plugin Message: Automatic video embedding prevented by plugin options. -->\n\n<p>En el Centro Cultural Abelardo Castillo la Secretaria de Turismo y Cultura, Marcela Cu\u00f1er encabez\u00f3 una conferencia de prensa junto a representantes del gobierno municipal, artistas y productores donde se compartieron las propuestas coordinadas conjuntamente entre el equipo de gobierno e instituciones y privados para la temporada 2023 que contar\u00e1 con una amplia agenda que permitir\u00e1 a sampedrinos y turistas disfrutar de diversas opciones.<\/p>\n\n\n\n<p>El Secretario de Seguridad, Juan Carlos Ag\u00fcero se refiri\u00f3 a los operativos programados para fin de a\u00f1o en el cual se coordinar\u00e1n dispositivos de tr\u00e1nsito similar al del 24 pero con refuerzos en puntos como el Espacio Clove, en el que se utilizar\u00e1 el camino de tierra lindero al predio que conduce a ruta 1001 para descomprimir la salida del evento que se realizar\u00e1 en el lugar. Tambi\u00e9n en la zona de la plazoleta Fray Cayetano Rodr\u00edguez y otros puntos clave de nuestra ciudad.<\/p>\n\n\n\n<p>Adem\u00e1s, inform\u00f3 que el Ministerio de Seguridad de la Provincia de Buenos Aires envi\u00f3 oficiales como un refuerzo por la temporada para recorrer la zona de costanera, Vuelta de Obligado y otros puntos de la ciudad, luego de las gestiones realizadas por el Intendente Municipal, Dr. Ram\u00f3n Salazar.<\/p>\n\n\n\n<p>\u00c1ngel \u00c1lvarez, delegado de Gobernador Casto junto al Coordinador de Producci\u00f3n Hugo Ram\u00edrez y el presidente del Club Agricultores, Gerardo De Vincenzi adelantaron detalles de la 23\u00b0 Fiesta del Durazno que se desarrollar\u00e1 el 14 y 15 en el campo deportivo de Agricultores con los shows musicales de primer nivel, Ballets, la elecci\u00f3n del Embajador, la Embajadora y la definici\u00f3n del durazno de oro.<\/p>\n\n\n\n<p>El Secretario de Desarrollo Humano, Walter S\u00e1nchez junto a la coordinadora del \u00e1rea de Adultos Mayores, Silvia Tir\u00f1anes informaron el lanzamiento de una colonia para Adultos Mayores que funcionar\u00e1 en el complejo Municipal (Ex Tiro Federal) durante los meses de enero y febrero trabajando conjuntamente con los centros de jubilados de San Pedro y las localidades.<\/p>\n\n\n\n<p>Alejandro Cupit\u00f3, de CV Producciones present\u00f3 las propuestas con las que se consolida el objetivo de posicionar a San Pedro como una plaza teatral en este tercer a\u00f1o consecutivo de actividades con artistas de primer nivel que difunden a nivel nacional nuestra ciudad. En el Centro Cultural Abelardo Castillo, todos los s\u00e1bados de enero y febrero la presentaci\u00f3n de Anita Mart\u00ednez que llevar\u00e1 adelante su show \u201cCosas que no se deben decir\u201d desde las 21.00 hs. y la continuidad de Talentos en San Pedro con la conducci\u00f3n de Rodrigo Lussich desde las 22.30 hs.<\/p>\n\n\n\n<p>Enrique Ferroni, junto a Mariano Lanfranconi y Sol Altolaguirre presentaron \u201cLa Revista est\u00e1 en el Siripo\u201d, un show que tendr\u00e1 todos los condimentos de un espect\u00e1culo de revista con un elenco integrado en su totalidad por artistas sampedinos. Se presentar\u00e1n todos los viernes y domingos de enero y febrero a las 21.30 hs. en el Teatro Municipal Siripo.<\/p>\n\n\n\n<p>El organizador y principal impulsor de la Feria de las Artes \u201cToto\u201d Corval\u00e1n inform\u00f3 que a partir del viernes 6 de enero, de vienes a domingo desde las 18 hs. se desarrollar\u00e1 la Feria Capy San Pedro en Plaza Belgrano que contar\u00e1 con feria de artesan\u00edas, shows circenses y espect\u00e1culos musicales.<\/p>\n\n\n\n<p>Desde la Secretar\u00eda y con el gran trabajo de diferentes \u00e1reas municipales, se ir\u00e1n brindando mayores detalles de la agenda trav\u00e9s de notas de prensa y publicaciones en las redes sociales.<\/p>\n\n\n\n<figure class=\"wp-block-image size-large\"><img decoding=\"async\" width=\"1024\" height=\"461\" data-attachment-id=\"113533\" data-permalink=\"https:\/\/eldiariodesanpedro.com.ar\/sitio\/presentacion-de-actividades-para-la-temporada-2023\/whatsapp-image-2022-12-29-at-13-25-57-1\/\" data-orig-file=\"https:\/\/eldiariodesanpedro.com.ar\/sitio\/wp-content\/uploads\/2022\/12\/WhatsApp-Image-2022-12-29-at-13.25.57-1.jpeg\" data-orig-size=\"1200,540\" data-comments-opened=\"0\" data-image-meta=\"{&quot;aperture&quot;:&quot;0&quot;,&quot;credit&quot;:&quot;&quot;,&quot;camera&quot;:&quot;&quot;,&quot;caption&quot;:&quot;&quot;,&quot;created_timestamp&quot;:&quot;0&quot;,&quot;copyright&quot;:&quot;&quot;,&quot;focal_length&quot;:&quot;0&quot;,&quot;iso&quot;:&quot;0&quot;,&quot;shutter_speed&quot;:&quot;0&quot;,&quot;title&quot;:&quot;&quot;,&quot;orientation&quot;:&quot;0&quot;}\" data-image-title=\"WhatsApp Image 2022-12-29 at 13.25.57 (1)\" data-image-description=\"\" data-image-caption=\"\" data-large-file=\"https:\/\/eldiariodesanpedro.com.ar\/sitio\/wp-content\/uploads\/2022\/12\/WhatsApp-Image-2022-12-29-at-13.25.57-1-1024x461.jpeg\" data-src=\"https:\/\/eldiariodesanpedro.com.ar\/sitio\/wp-content\/uploads\/2022\/12\/WhatsApp-Image-2022-12-29-at-13.25.57-1-1024x461.jpeg\" alt=\"\" class=\"wp-image-113533 lazyload\" data-srcset=\"https:\/\/eldiariodesanpedro.com.ar\/sitio\/wp-content\/uploads\/2022\/12\/WhatsApp-Image-2022-12-29-at-13.25.57-1-1024x461.jpeg 1024w, https:\/\/eldiariodesanpedro.com.ar\/sitio\/wp-content\/uploads\/2022\/12\/WhatsApp-Image-2022-12-29-at-13.25.57-1-300x135.jpeg 300w, https:\/\/eldiariodesanpedro.com.ar\/sitio\/wp-content\/uploads\/2022\/12\/WhatsApp-Image-2022-12-29-at-13.25.57-1-768x346.jpeg 768w, https:\/\/eldiariodesanpedro.com.ar\/sitio\/wp-content\/uploads\/2022\/12\/WhatsApp-Image-2022-12-29-at-13.25.57-1.jpeg 1200w\" data-sizes=\"(max-width: 1024px) 100vw, 1024px\" src=\"data:image\/svg+xml;base64,PHN2ZyB3aWR0aD0iMSIgaGVpZ2h0PSIxIiB4bWxucz0iaHR0cDovL3d3dy53My5vcmcvMjAwMC9zdmciPjwvc3ZnPg==\" style=\"--smush-placeholder-width: 1024px; --smush-placeholder-aspect-ratio: 1024\/461;\" \/><\/figure>\n\n\n\n<figure class=\"wp-block-image size-large\"><img decoding=\"async\" width=\"1024\" height=\"461\" data-attachment-id=\"113534\" data-permalink=\"https:\/\/eldiariodesanpedro.com.ar\/sitio\/presentacion-de-actividades-para-la-temporada-2023\/whatsapp-image-2022-12-29-at-13-25-57\/\" data-orig-file=\"https:\/\/eldiariodesanpedro.com.ar\/sitio\/wp-content\/uploads\/2022\/12\/WhatsApp-Image-2022-12-29-at-13.25.57.jpeg\" data-orig-size=\"1200,540\" data-comments-opened=\"0\" data-image-meta=\"{&quot;aperture&quot;:&quot;0&quot;,&quot;credit&quot;:&quot;&quot;,&quot;camera&quot;:&quot;&quot;,&quot;caption&quot;:&quot;&quot;,&quot;created_timestamp&quot;:&quot;0&quot;,&quot;copyright&quot;:&quot;&quot;,&quot;focal_length&quot;:&quot;0&quot;,&quot;iso&quot;:&quot;0&quot;,&quot;shutter_speed&quot;:&quot;0&quot;,&quot;title&quot;:&quot;&quot;,&quot;orientation&quot;:&quot;0&quot;}\" data-image-title=\"WhatsApp Image 2022-12-29 at 13.25.57\" data-image-description=\"\" data-image-caption=\"\" data-large-file=\"https:\/\/eldiariodesanpedro.com.ar\/sitio\/wp-content\/uploads\/2022\/12\/WhatsApp-Image-2022-12-29-at-13.25.57-1024x461.jpeg\" data-src=\"https:\/\/eldiariodesanpedro.com.ar\/sitio\/wp-content\/uploads\/2022\/12\/WhatsApp-Image-2022-12-29-at-13.25.57-1024x461.jpeg\" alt=\"\" class=\"wp-image-113534 lazyload\" data-srcset=\"https:\/\/eldiariodesanpedro.com.ar\/sitio\/wp-content\/uploads\/2022\/12\/WhatsApp-Image-2022-12-29-at-13.25.57-1024x461.jpeg 1024w, https:\/\/eldiariodesanpedro.com.ar\/sitio\/wp-content\/uploads\/2022\/12\/WhatsApp-Image-2022-12-29-at-13.25.57-300x135.jpeg 300w, https:\/\/eldiariodesanpedro.com.ar\/sitio\/wp-content\/uploads\/2022\/12\/WhatsApp-Image-2022-12-29-at-13.25.57-768x346.jpeg 768w, https:\/\/eldiariodesanpedro.com.ar\/sitio\/wp-content\/uploads\/2022\/12\/WhatsApp-Image-2022-12-29-at-13.25.57.jpeg 1200w\" data-sizes=\"(max-width: 1024px) 100vw, 1024px\" src=\"data:image\/svg+xml;base64,PHN2ZyB3aWR0aD0iMSIgaGVpZ2h0PSIxIiB4bWxucz0iaHR0cDovL3d3dy53My5vcmcvMjAwMC9zdmciPjwvc3ZnPg==\" style=\"--smush-placeholder-width: 1024px; --smush-placeholder-aspect-ratio: 1024\/461;\" \/><\/figure>\n","protected":false},"excerpt":{"rendered":"<p>En el Centro Cultural Abelardo Castillo la Secretaria de Turismo y Cultura, Marcela Cu\u00f1er encabez\u00f3 una conferencia de prensa junto a representantes del gobierno municipal, artistas y productores donde se compartieron las propuestas coordinadas conjuntamente entre el equipo de gobierno e instituciones y privados para la temporada 2023 que contar\u00e1 con una amplia agenda que [&hellip;]<\/p>\n","protected":false},"author":4,"featured_media":113531,"comment_status":"closed","ping_status":"closed","sticky":false,"template":"","format":"standard","meta":{"om_disable_all_campaigns":false,"_jetpack_memberships_contains_paid_content":false,"footnotes":""},"categories":[50,101,2],"tags":[197,696,33,19],"class_list":["post-113530","post","type-post","status-publish","format-standard","has-post-thumbnail","hentry","category-destacadas","category-interes-general-locales","category-locales","tag-buenos-aires","tag-interes-general","tag-locales","tag-san-pedro"],"aioseo_notices":[],"gutentor_comment":0,"jetpack_featured_media_url":"https:\/\/eldiariodesanpedro.com.ar\/sitio\/wp-content\/uploads\/2022\/12\/WhatsApp-Image-2022-12-29-at-13.25.56-1.jpeg","jetpack_shortlink":"https:\/\/wp.me\/p6RhLt-tx8","jetpack_sharing_enabled":true,"_links":{"self":[{"href":"https:\/\/eldiariodesanpedro.com.ar\/sitio\/wp-json\/wp\/v2\/posts\/113530","targetHints":{"allow":["GET"]}}],"collection":[{"href":"https:\/\/eldiariodesanpedro.com.ar\/sitio\/wp-json\/wp\/v2\/posts"}],"about":[{"href":"https:\/\/eldiariodesanpedro.com.ar\/sitio\/wp-json\/wp\/v2\/types\/post"}],"author":[{"embeddable":true,"href":"https:\/\/eldiariodesanpedro.com.ar\/sitio\/wp-json\/wp\/v2\/users\/4"}],"replies":[{"embeddable":true,"href":"https:\/\/eldiariodesanpedro.com.ar\/sitio\/wp-json\/wp\/v2\/comments?post=113530"}],"version-history":[{"count":1,"href":"https:\/\/eldiariodesanpedro.com.ar\/sitio\/wp-json\/wp\/v2\/posts\/113530\/revisions"}],"predecessor-version":[{"id":113535,"href":"https:\/\/eldiariodesanpedro.com.ar\/sitio\/wp-json\/wp\/v2\/posts\/113530\/revisions\/113535"}],"wp:featuredmedia":[{"embeddable":true,"href":"https:\/\/eldiariodesanpedro.com.ar\/sitio\/wp-json\/wp\/v2\/media\/113531"}],"wp:attachment":[{"href":"https:\/\/eldiariodesanpedro.com.ar\/sitio\/wp-json\/wp\/v2\/media?parent=113530"}],"wp:term":[{"taxonomy":"category","embeddable":true,"href":"https:\/\/eldiariodesanpedro.com.ar\/sitio\/wp-json\/wp\/v2\/categories?post=113530"},{"taxonomy":"post_tag","embeddable":true,"href":"https:\/\/eldiariodesanpedro.com.ar\/sitio\/wp-json\/wp\/v2\/tags?post=113530"}],"curies":[{"name":"wp","href":"https:\/\/api.w.org\/{rel}","templated":true}]}}