{"id":113527,"date":"2022-12-29T14:00:06","date_gmt":"2022-12-29T17:00:06","guid":{"rendered":"https:\/\/eldiariodesanpedro.com.ar\/sitio\/?p=113527"},"modified":"2022-12-29T14:00:07","modified_gmt":"2022-12-29T17:00:07","slug":"medico-orientador-y-nuevos-espacios-de-atencion-o-seguimiento-en-el-hospital","status":"publish","type":"post","link":"https:\/\/eldiariodesanpedro.com.ar\/sitio\/medico-orientador-y-nuevos-espacios-de-atencion-o-seguimiento-en-el-hospital\/","title":{"rendered":"M\u00e9dico orientador y nuevos espacios de atenci\u00f3n o seguimiento en el Hospital"},"content":{"rendered":"<!-- VideographyWP Plugin Message: Automatic video embedding prevented by plugin options. -->\n\n<p>La Secretar\u00eda de Salud de la Municipalidad de San Pedro informa, a trav\u00e9s de la Direcci\u00f3n Administrativa del Hospital Emilio Ruffa que est\u00e1 funcionando, y ajustando paulatinamente su implementaci\u00f3n, el servicio del \u00abm\u00e9dico orientador\u00bb para responder a la alta demanda que se recibe a diario, agilizar y ordenar la entrega de turnos y la capacidad de atenci\u00f3n de acuerdo a una evaluaci\u00f3n con criterio profesional.<\/p>\n\n\n\n<p>De este modo, ante casos que requieren mayor celeridad se logra intervenir indicando atenci\u00f3n en guardia, internaci\u00f3n o estudios para diagn\u00f3stico.<\/p>\n\n\n\n<p>Estos turnos, al igual que los de los profesionales de las diferentes especialidades con las que cuenta el Hospital pueden solicitarse personalmente o al 3329-321765.<\/p>\n\n\n\n<p>Los turnos para el horario matutino se brindan desde las 6 horas y los turnos para el horario vespertino se brindan desde las 14.<\/p>\n\n\n\n<p>Se informa adem\u00e1s que se han reorganizado otros servicios muy \u00fatiles para la comunidad:<\/p>\n\n\n\n<p>ENFERMERIA Y CONTROLES<br>Enfermer\u00eda de adultos fuera del servicio de guardia en el consultorio N\u00ba8 (el personal de seguridad puede orientarlos para su ubicaci\u00f3n)<br>Lunes a viernes de 14 a 20 horas &#8211; S\u00e1bados 9 a 13 horas<br>Atenci\u00f3n a demanda sin turno previo, derivaciones de guardia y desde m\u00e9dico orientador.<br>Control de presi\u00f3n y signos vitales, Glucemia, inyectables con indicaci\u00f3n m\u00e9dica, curaciones y controles postquir\u00fargicos.<\/p>\n\n\n\n<p>Triage Traumatolog\u00eda<br>Lunes a viernes de 8 a 17 horas &#8211; S\u00e1bados de 8 a 13 horas.<br>Atenci\u00f3n de urgencias fuera del sistema de admisi\u00f3n por turnos, seguimiento post operatorio y derivados a la especialidad desde guardia<\/p>\n\n\n\n<p>Espirometrias<br>Atenci\u00f3n de turnos programados martes y viernes desde las 8.00 hs.<br>IMPORTANTE PAMI: Atenci\u00f3n prioritaria solicitando turno personalmente en oficina de facturaci\u00f3n o a trav\u00e9s de persona de confianza por whatsapp al 3329-537660 con los datos del afiliado.<\/p>\n\n\n\n<p>Farmacia<br>Entrega bajo receta de profesional del sistema p\u00fablico<br>Lunes a viernes de 8 a 18 horas &#8211; S\u00e1bados de 8 a 12 horas.<\/p>\n\n\n\n<figure class=\"wp-block-image size-full\"><img decoding=\"async\" width=\"630\" height=\"630\" data-attachment-id=\"113528\" data-permalink=\"https:\/\/eldiariodesanpedro.com.ar\/sitio\/medico-orientador-y-nuevos-espacios-de-atencion-o-seguimiento-en-el-hospital\/whatsapp-image-2022-12-29-at-08-35-16\/\" data-orig-file=\"https:\/\/eldiariodesanpedro.com.ar\/sitio\/wp-content\/uploads\/2022\/12\/WhatsApp-Image-2022-12-29-at-08.35.16.jpeg\" data-orig-size=\"630,630\" data-comments-opened=\"0\" data-image-meta=\"{&quot;aperture&quot;:&quot;0&quot;,&quot;credit&quot;:&quot;&quot;,&quot;camera&quot;:&quot;&quot;,&quot;caption&quot;:&quot;&quot;,&quot;created_timestamp&quot;:&quot;0&quot;,&quot;copyright&quot;:&quot;&quot;,&quot;focal_length&quot;:&quot;0&quot;,&quot;iso&quot;:&quot;0&quot;,&quot;shutter_speed&quot;:&quot;0&quot;,&quot;title&quot;:&quot;&quot;,&quot;orientation&quot;:&quot;0&quot;}\" data-image-title=\"WhatsApp Image 2022-12-29 at 08.35.16\" data-image-description=\"\" data-image-caption=\"\" data-large-file=\"https:\/\/eldiariodesanpedro.com.ar\/sitio\/wp-content\/uploads\/2022\/12\/WhatsApp-Image-2022-12-29-at-08.35.16.jpeg\" data-src=\"https:\/\/eldiariodesanpedro.com.ar\/sitio\/wp-content\/uploads\/2022\/12\/WhatsApp-Image-2022-12-29-at-08.35.16.jpeg\" alt=\"\" class=\"wp-image-113528 lazyload\" data-srcset=\"https:\/\/eldiariodesanpedro.com.ar\/sitio\/wp-content\/uploads\/2022\/12\/WhatsApp-Image-2022-12-29-at-08.35.16.jpeg 630w, https:\/\/eldiariodesanpedro.com.ar\/sitio\/wp-content\/uploads\/2022\/12\/WhatsApp-Image-2022-12-29-at-08.35.16-300x300.jpeg 300w, https:\/\/eldiariodesanpedro.com.ar\/sitio\/wp-content\/uploads\/2022\/12\/WhatsApp-Image-2022-12-29-at-08.35.16-150x150.jpeg 150w\" data-sizes=\"(max-width: 630px) 100vw, 630px\" src=\"data:image\/svg+xml;base64,PHN2ZyB3aWR0aD0iMSIgaGVpZ2h0PSIxIiB4bWxucz0iaHR0cDovL3d3dy53My5vcmcvMjAwMC9zdmciPjwvc3ZnPg==\" style=\"--smush-placeholder-width: 630px; --smush-placeholder-aspect-ratio: 630\/630;\" \/><\/figure>\n","protected":false},"excerpt":{"rendered":"<p>La Secretar\u00eda de Salud de la Municipalidad de San Pedro informa, a trav\u00e9s de la Direcci\u00f3n Administrativa del Hospital Emilio Ruffa que est\u00e1 funcionando, y ajustando paulatinamente su implementaci\u00f3n, el servicio del \u00abm\u00e9dico orientador\u00bb para responder a la alta demanda que se recibe a diario, agilizar y ordenar la entrega de turnos y la capacidad [&hellip;]<\/p>\n","protected":false},"author":4,"featured_media":105158,"comment_status":"closed","ping_status":"closed","sticky":false,"template":"","format":"standard","meta":{"om_disable_all_campaigns":false,"_jetpack_memberships_contains_paid_content":false,"footnotes":""},"categories":[50,101,2],"tags":[197,696,33,19],"class_list":["post-113527","post","type-post","status-publish","format-standard","has-post-thumbnail","hentry","category-destacadas","category-interes-general-locales","category-locales","tag-buenos-aires","tag-interes-general","tag-locales","tag-san-pedro"],"aioseo_notices":[],"gutentor_comment":0,"jetpack_featured_media_url":"https:\/\/eldiariodesanpedro.com.ar\/sitio\/wp-content\/uploads\/2022\/03\/Hospital-frente-2018.jpg","jetpack_shortlink":"https:\/\/wp.me\/p6RhLt-tx5","jetpack_sharing_enabled":true,"_links":{"self":[{"href":"https:\/\/eldiariodesanpedro.com.ar\/sitio\/wp-json\/wp\/v2\/posts\/113527","targetHints":{"allow":["GET"]}}],"collection":[{"href":"https:\/\/eldiariodesanpedro.com.ar\/sitio\/wp-json\/wp\/v2\/posts"}],"about":[{"href":"https:\/\/eldiariodesanpedro.com.ar\/sitio\/wp-json\/wp\/v2\/types\/post"}],"author":[{"embeddable":true,"href":"https:\/\/eldiariodesanpedro.com.ar\/sitio\/wp-json\/wp\/v2\/users\/4"}],"replies":[{"embeddable":true,"href":"https:\/\/eldiariodesanpedro.com.ar\/sitio\/wp-json\/wp\/v2\/comments?post=113527"}],"version-history":[{"count":1,"href":"https:\/\/eldiariodesanpedro.com.ar\/sitio\/wp-json\/wp\/v2\/posts\/113527\/revisions"}],"predecessor-version":[{"id":113529,"href":"https:\/\/eldiariodesanpedro.com.ar\/sitio\/wp-json\/wp\/v2\/posts\/113527\/revisions\/113529"}],"wp:featuredmedia":[{"embeddable":true,"href":"https:\/\/eldiariodesanpedro.com.ar\/sitio\/wp-json\/wp\/v2\/media\/105158"}],"wp:attachment":[{"href":"https:\/\/eldiariodesanpedro.com.ar\/sitio\/wp-json\/wp\/v2\/media?parent=113527"}],"wp:term":[{"taxonomy":"category","embeddable":true,"href":"https:\/\/eldiariodesanpedro.com.ar\/sitio\/wp-json\/wp\/v2\/categories?post=113527"},{"taxonomy":"post_tag","embeddable":true,"href":"https:\/\/eldiariodesanpedro.com.ar\/sitio\/wp-json\/wp\/v2\/tags?post=113527"}],"curies":[{"name":"wp","href":"https:\/\/api.w.org\/{rel}","templated":true}]}}