{"id":113520,"date":"2022-12-29T13:07:00","date_gmt":"2022-12-29T16:07:00","guid":{"rendered":"https:\/\/eldiariodesanpedro.com.ar\/sitio\/?p=113520"},"modified":"2022-12-29T13:55:00","modified_gmt":"2022-12-29T16:55:00","slug":"san-pedro-presente-en-la-asamblea-del-coprotur-y-el-lanzamiento-de-temporada-en-mar-de-ajo","status":"publish","type":"post","link":"https:\/\/eldiariodesanpedro.com.ar\/sitio\/san-pedro-presente-en-la-asamblea-del-coprotur-y-el-lanzamiento-de-temporada-en-mar-de-ajo\/","title":{"rendered":"San Pedro presente en la Asamblea del COPROTUR y el lanzamiento de temporada en Mar de Aj\u00f3"},"content":{"rendered":"<!-- VideographyWP Plugin Message: Automatic video embedding prevented by plugin options. -->\n\n<p>En el Espacio Multicultural de Mar de Aj\u00f3, partido de La Costa, se realiz\u00f3 este mi\u00e9rcoles la asamblea del Consejo Provincial de Turismo (COPROTUR) que re\u00fane a las \u00e1reas de Turismo de todos los municipios de la Provincia de Buenos Aires y que ha venido creciendo en la promoci\u00f3n y activaci\u00f3n de propuestas para estimular la actividad en todas las regiones bonaerenses.<\/p>\n\n\n\n<p>El organismo que ya tiene ocho a\u00f1os de funcionamiento re\u00fane tambi\u00e9n a representantes del sector privado y en esta oportunidad la asamblea en Mar de Aj\u00f3 coincide con el lanzamiento de la auspiciosa temporada que se avecina y para la cual hay grandes expectativas. San Pedro est\u00e1 presente con una delegaci\u00f3n encabezada por la Licenciada Marcela Cu\u00f1er, Secretaria de Turismo y Cultura.<\/p>\n\n\n\n<p>La jornada fue abierta por el Intendente de Mar de Aj\u00f3, Cristian Cardozo y llegaron a la ciudad para participar de este acontecimiento el Gobernador, Axel Kicillof; el Ministro de Producci\u00f3n, Ciencia e Innovaci\u00f3n Tecnol\u00f3gica de la provincia de Buenos Aires, Augusto Costa y la Subsecretaria de Turismo, Soledad Mart\u00ednez entre otras autoridades.<\/p>\n\n\n\n<p>Adem\u00e1s de presentar todas las propuestas culturales y la oferta para paseos y estad\u00edas que ofrece San Pedro, la participaci\u00f3n en este encuentro con las m\u00e1ximas autoridades provinciales del sector, permite coordinar la presencia de nuestras fiestas en las delegaciones elegidas este verano para los Paradores ReCreo.<\/p>\n\n\n\n<p>Se confirm\u00f3 que en la semana previa a la Fiesta del Durazno y la Producci\u00f3n habr\u00e1 una presentaci\u00f3n especial en el Parador que funcionar\u00e1 toda la temporada en Villa Gessell.<\/p>\n\n\n\n<p>Junto a la asamblea se realiz\u00f3 un encuentro con Sectores Productivos del que tambi\u00e9n particip\u00f3 la representaci\u00f3n de la Municipalidad de San Pedro.<\/p>\n\n\n\n<p><\/p>\n\n\n\n<figure class=\"wp-block-image size-full\"><img decoding=\"async\" width=\"891\" height=\"630\" data-attachment-id=\"113525\" data-permalink=\"https:\/\/eldiariodesanpedro.com.ar\/sitio\/san-pedro-presente-en-la-asamblea-del-coprotur-y-el-lanzamiento-de-temporada-en-mar-de-ajo\/whatsapp-image-2022-12-28-at-17-35-23\/\" data-orig-file=\"https:\/\/eldiariodesanpedro.com.ar\/sitio\/wp-content\/uploads\/2022\/12\/WhatsApp-Image-2022-12-28-at-17.35.23.jpeg\" data-orig-size=\"891,630\" data-comments-opened=\"0\" data-image-meta=\"{&quot;aperture&quot;:&quot;0&quot;,&quot;credit&quot;:&quot;&quot;,&quot;camera&quot;:&quot;&quot;,&quot;caption&quot;:&quot;&quot;,&quot;created_timestamp&quot;:&quot;0&quot;,&quot;copyright&quot;:&quot;&quot;,&quot;focal_length&quot;:&quot;0&quot;,&quot;iso&quot;:&quot;0&quot;,&quot;shutter_speed&quot;:&quot;0&quot;,&quot;title&quot;:&quot;&quot;,&quot;orientation&quot;:&quot;0&quot;}\" data-image-title=\"WhatsApp Image 2022-12-28 at 17.35.23\" data-image-description=\"\" data-image-caption=\"\" data-large-file=\"https:\/\/eldiariodesanpedro.com.ar\/sitio\/wp-content\/uploads\/2022\/12\/WhatsApp-Image-2022-12-28-at-17.35.23.jpeg\" data-src=\"https:\/\/eldiariodesanpedro.com.ar\/sitio\/wp-content\/uploads\/2022\/12\/WhatsApp-Image-2022-12-28-at-17.35.23.jpeg\" alt=\"\" class=\"wp-image-113525 lazyload\" data-srcset=\"https:\/\/eldiariodesanpedro.com.ar\/sitio\/wp-content\/uploads\/2022\/12\/WhatsApp-Image-2022-12-28-at-17.35.23.jpeg 891w, https:\/\/eldiariodesanpedro.com.ar\/sitio\/wp-content\/uploads\/2022\/12\/WhatsApp-Image-2022-12-28-at-17.35.23-300x212.jpeg 300w, https:\/\/eldiariodesanpedro.com.ar\/sitio\/wp-content\/uploads\/2022\/12\/WhatsApp-Image-2022-12-28-at-17.35.23-768x543.jpeg 768w\" data-sizes=\"(max-width: 891px) 100vw, 891px\" src=\"data:image\/svg+xml;base64,PHN2ZyB3aWR0aD0iMSIgaGVpZ2h0PSIxIiB4bWxucz0iaHR0cDovL3d3dy53My5vcmcvMjAwMC9zdmciPjwvc3ZnPg==\" style=\"--smush-placeholder-width: 891px; --smush-placeholder-aspect-ratio: 891\/630;\" \/><\/figure>\n\n\n\n<figure class=\"wp-block-image size-full\"><img decoding=\"async\" width=\"891\" height=\"630\" data-attachment-id=\"113524\" data-permalink=\"https:\/\/eldiariodesanpedro.com.ar\/sitio\/san-pedro-presente-en-la-asamblea-del-coprotur-y-el-lanzamiento-de-temporada-en-mar-de-ajo\/whatsapp-image-2022-12-28-at-17-35-23-1\/\" data-orig-file=\"https:\/\/eldiariodesanpedro.com.ar\/sitio\/wp-content\/uploads\/2022\/12\/WhatsApp-Image-2022-12-28-at-17.35.23-1.jpeg\" data-orig-size=\"891,630\" data-comments-opened=\"0\" data-image-meta=\"{&quot;aperture&quot;:&quot;0&quot;,&quot;credit&quot;:&quot;&quot;,&quot;camera&quot;:&quot;&quot;,&quot;caption&quot;:&quot;&quot;,&quot;created_timestamp&quot;:&quot;0&quot;,&quot;copyright&quot;:&quot;&quot;,&quot;focal_length&quot;:&quot;0&quot;,&quot;iso&quot;:&quot;0&quot;,&quot;shutter_speed&quot;:&quot;0&quot;,&quot;title&quot;:&quot;&quot;,&quot;orientation&quot;:&quot;0&quot;}\" data-image-title=\"WhatsApp Image 2022-12-28 at 17.35.23 (1)\" data-image-description=\"\" data-image-caption=\"\" data-large-file=\"https:\/\/eldiariodesanpedro.com.ar\/sitio\/wp-content\/uploads\/2022\/12\/WhatsApp-Image-2022-12-28-at-17.35.23-1.jpeg\" data-src=\"https:\/\/eldiariodesanpedro.com.ar\/sitio\/wp-content\/uploads\/2022\/12\/WhatsApp-Image-2022-12-28-at-17.35.23-1.jpeg\" alt=\"\" class=\"wp-image-113524 lazyload\" data-srcset=\"https:\/\/eldiariodesanpedro.com.ar\/sitio\/wp-content\/uploads\/2022\/12\/WhatsApp-Image-2022-12-28-at-17.35.23-1.jpeg 891w, https:\/\/eldiariodesanpedro.com.ar\/sitio\/wp-content\/uploads\/2022\/12\/WhatsApp-Image-2022-12-28-at-17.35.23-1-300x212.jpeg 300w, https:\/\/eldiariodesanpedro.com.ar\/sitio\/wp-content\/uploads\/2022\/12\/WhatsApp-Image-2022-12-28-at-17.35.23-1-768x543.jpeg 768w\" data-sizes=\"(max-width: 891px) 100vw, 891px\" src=\"data:image\/svg+xml;base64,PHN2ZyB3aWR0aD0iMSIgaGVpZ2h0PSIxIiB4bWxucz0iaHR0cDovL3d3dy53My5vcmcvMjAwMC9zdmciPjwvc3ZnPg==\" style=\"--smush-placeholder-width: 891px; --smush-placeholder-aspect-ratio: 891\/630;\" \/><\/figure>\n\n\n\n<figure class=\"wp-block-image size-full\"><img decoding=\"async\" width=\"946\" height=\"630\" data-attachment-id=\"113522\" data-permalink=\"https:\/\/eldiariodesanpedro.com.ar\/sitio\/san-pedro-presente-en-la-asamblea-del-coprotur-y-el-lanzamiento-de-temporada-en-mar-de-ajo\/whatsapp-image-2022-12-28-at-17-35-21\/\" data-orig-file=\"https:\/\/eldiariodesanpedro.com.ar\/sitio\/wp-content\/uploads\/2022\/12\/WhatsApp-Image-2022-12-28-at-17.35.21.jpeg\" data-orig-size=\"946,630\" data-comments-opened=\"0\" data-image-meta=\"{&quot;aperture&quot;:&quot;0&quot;,&quot;credit&quot;:&quot;&quot;,&quot;camera&quot;:&quot;&quot;,&quot;caption&quot;:&quot;&quot;,&quot;created_timestamp&quot;:&quot;0&quot;,&quot;copyright&quot;:&quot;&quot;,&quot;focal_length&quot;:&quot;0&quot;,&quot;iso&quot;:&quot;0&quot;,&quot;shutter_speed&quot;:&quot;0&quot;,&quot;title&quot;:&quot;&quot;,&quot;orientation&quot;:&quot;0&quot;}\" data-image-title=\"WhatsApp Image 2022-12-28 at 17.35.21\" data-image-description=\"\" data-image-caption=\"\" data-large-file=\"https:\/\/eldiariodesanpedro.com.ar\/sitio\/wp-content\/uploads\/2022\/12\/WhatsApp-Image-2022-12-28-at-17.35.21.jpeg\" data-src=\"https:\/\/eldiariodesanpedro.com.ar\/sitio\/wp-content\/uploads\/2022\/12\/WhatsApp-Image-2022-12-28-at-17.35.21.jpeg\" alt=\"\" class=\"wp-image-113522 lazyload\" data-srcset=\"https:\/\/eldiariodesanpedro.com.ar\/sitio\/wp-content\/uploads\/2022\/12\/WhatsApp-Image-2022-12-28-at-17.35.21.jpeg 946w, https:\/\/eldiariodesanpedro.com.ar\/sitio\/wp-content\/uploads\/2022\/12\/WhatsApp-Image-2022-12-28-at-17.35.21-300x200.jpeg 300w, https:\/\/eldiariodesanpedro.com.ar\/sitio\/wp-content\/uploads\/2022\/12\/WhatsApp-Image-2022-12-28-at-17.35.21-768x511.jpeg 768w\" data-sizes=\"(max-width: 946px) 100vw, 946px\" src=\"data:image\/svg+xml;base64,PHN2ZyB3aWR0aD0iMSIgaGVpZ2h0PSIxIiB4bWxucz0iaHR0cDovL3d3dy53My5vcmcvMjAwMC9zdmciPjwvc3ZnPg==\" style=\"--smush-placeholder-width: 946px; --smush-placeholder-aspect-ratio: 946\/630;\" \/><\/figure>\n\n\n\n<figure class=\"wp-block-image size-full\"><img decoding=\"async\" width=\"891\" height=\"630\" data-attachment-id=\"113523\" data-permalink=\"https:\/\/eldiariodesanpedro.com.ar\/sitio\/san-pedro-presente-en-la-asamblea-del-coprotur-y-el-lanzamiento-de-temporada-en-mar-de-ajo\/whatsapp-image-2022-12-28-at-17-35-22\/\" data-orig-file=\"https:\/\/eldiariodesanpedro.com.ar\/sitio\/wp-content\/uploads\/2022\/12\/WhatsApp-Image-2022-12-28-at-17.35.22.jpeg\" data-orig-size=\"891,630\" data-comments-opened=\"0\" data-image-meta=\"{&quot;aperture&quot;:&quot;0&quot;,&quot;credit&quot;:&quot;&quot;,&quot;camera&quot;:&quot;&quot;,&quot;caption&quot;:&quot;&quot;,&quot;created_timestamp&quot;:&quot;0&quot;,&quot;copyright&quot;:&quot;&quot;,&quot;focal_length&quot;:&quot;0&quot;,&quot;iso&quot;:&quot;0&quot;,&quot;shutter_speed&quot;:&quot;0&quot;,&quot;title&quot;:&quot;&quot;,&quot;orientation&quot;:&quot;0&quot;}\" data-image-title=\"WhatsApp Image 2022-12-28 at 17.35.22\" data-image-description=\"\" data-image-caption=\"\" data-large-file=\"https:\/\/eldiariodesanpedro.com.ar\/sitio\/wp-content\/uploads\/2022\/12\/WhatsApp-Image-2022-12-28-at-17.35.22.jpeg\" data-src=\"https:\/\/eldiariodesanpedro.com.ar\/sitio\/wp-content\/uploads\/2022\/12\/WhatsApp-Image-2022-12-28-at-17.35.22.jpeg\" alt=\"\" class=\"wp-image-113523 lazyload\" data-srcset=\"https:\/\/eldiariodesanpedro.com.ar\/sitio\/wp-content\/uploads\/2022\/12\/WhatsApp-Image-2022-12-28-at-17.35.22.jpeg 891w, https:\/\/eldiariodesanpedro.com.ar\/sitio\/wp-content\/uploads\/2022\/12\/WhatsApp-Image-2022-12-28-at-17.35.22-300x212.jpeg 300w, https:\/\/eldiariodesanpedro.com.ar\/sitio\/wp-content\/uploads\/2022\/12\/WhatsApp-Image-2022-12-28-at-17.35.22-768x543.jpeg 768w\" data-sizes=\"(max-width: 891px) 100vw, 891px\" src=\"data:image\/svg+xml;base64,PHN2ZyB3aWR0aD0iMSIgaGVpZ2h0PSIxIiB4bWxucz0iaHR0cDovL3d3dy53My5vcmcvMjAwMC9zdmciPjwvc3ZnPg==\" style=\"--smush-placeholder-width: 891px; --smush-placeholder-aspect-ratio: 891\/630;\" \/><\/figure>\n","protected":false},"excerpt":{"rendered":"<p>En el Espacio Multicultural de Mar de Aj\u00f3, partido de La Costa, se realiz\u00f3 este mi\u00e9rcoles la asamblea del Consejo Provincial de Turismo (COPROTUR) que re\u00fane a las \u00e1reas de Turismo de todos los municipios de la Provincia de Buenos Aires y que ha venido creciendo en la promoci\u00f3n y activaci\u00f3n de propuestas para estimular [&hellip;]<\/p>\n","protected":false},"author":4,"featured_media":113521,"comment_status":"closed","ping_status":"closed","sticky":false,"template":"","format":"standard","meta":{"om_disable_all_campaigns":false,"_jetpack_memberships_contains_paid_content":false,"footnotes":""},"categories":[50,101,2],"tags":[197,696,33,19],"class_list":["post-113520","post","type-post","status-publish","format-standard","has-post-thumbnail","hentry","category-destacadas","category-interes-general-locales","category-locales","tag-buenos-aires","tag-interes-general","tag-locales","tag-san-pedro"],"aioseo_notices":[],"gutentor_comment":0,"jetpack_featured_media_url":"https:\/\/eldiariodesanpedro.com.ar\/sitio\/wp-content\/uploads\/2022\/12\/WhatsApp-Image-2022-12-28-at-17.35.20.jpeg","jetpack_shortlink":"https:\/\/wp.me\/p6RhLt-twY","jetpack_sharing_enabled":true,"_links":{"self":[{"href":"https:\/\/eldiariodesanpedro.com.ar\/sitio\/wp-json\/wp\/v2\/posts\/113520","targetHints":{"allow":["GET"]}}],"collection":[{"href":"https:\/\/eldiariodesanpedro.com.ar\/sitio\/wp-json\/wp\/v2\/posts"}],"about":[{"href":"https:\/\/eldiariodesanpedro.com.ar\/sitio\/wp-json\/wp\/v2\/types\/post"}],"author":[{"embeddable":true,"href":"https:\/\/eldiariodesanpedro.com.ar\/sitio\/wp-json\/wp\/v2\/users\/4"}],"replies":[{"embeddable":true,"href":"https:\/\/eldiariodesanpedro.com.ar\/sitio\/wp-json\/wp\/v2\/comments?post=113520"}],"version-history":[{"count":1,"href":"https:\/\/eldiariodesanpedro.com.ar\/sitio\/wp-json\/wp\/v2\/posts\/113520\/revisions"}],"predecessor-version":[{"id":113526,"href":"https:\/\/eldiariodesanpedro.com.ar\/sitio\/wp-json\/wp\/v2\/posts\/113520\/revisions\/113526"}],"wp:featuredmedia":[{"embeddable":true,"href":"https:\/\/eldiariodesanpedro.com.ar\/sitio\/wp-json\/wp\/v2\/media\/113521"}],"wp:attachment":[{"href":"https:\/\/eldiariodesanpedro.com.ar\/sitio\/wp-json\/wp\/v2\/media?parent=113520"}],"wp:term":[{"taxonomy":"category","embeddable":true,"href":"https:\/\/eldiariodesanpedro.com.ar\/sitio\/wp-json\/wp\/v2\/categories?post=113520"},{"taxonomy":"post_tag","embeddable":true,"href":"https:\/\/eldiariodesanpedro.com.ar\/sitio\/wp-json\/wp\/v2\/tags?post=113520"}],"curies":[{"name":"wp","href":"https:\/\/api.w.org\/{rel}","templated":true}]}}