{"id":113517,"date":"2022-12-28T15:21:31","date_gmt":"2022-12-28T18:21:31","guid":{"rendered":"https:\/\/eldiariodesanpedro.com.ar\/sitio\/?p=113517"},"modified":"2022-12-28T15:21:32","modified_gmt":"2022-12-28T18:21:32","slug":"una-joven-robo-una-gaseosa-en-un-comercio-ademas-de-causar-disturbios-en-la-zona","status":"publish","type":"post","link":"https:\/\/eldiariodesanpedro.com.ar\/sitio\/una-joven-robo-una-gaseosa-en-un-comercio-ademas-de-causar-disturbios-en-la-zona\/","title":{"rendered":"Una joven robo una gaseosa en un comercio adem\u00e1s de causar disturbios en la zona"},"content":{"rendered":"<!-- VideographyWP Plugin Message: Automatic video embedding prevented by plugin options. -->\n\n<p>En la ma\u00f1ana de este mi\u00e9rcoles una joven fue aprehendida por haber robado una Coca Cola y hacer disturbios en comercios adem\u00e1s de la v\u00eda p\u00fablica.<\/p>\n\n\n\n<p>Alrededor de las 8 hs de la jornada de hoy una joven trans que anteriormente ya fue aprendida por ocasionar disturbios en comercios fue aprehendida tras robar en una poller\u00eda y hacer disturbios en otros comercios de la zona.<\/p>\n\n\n\n<p>Fue aprehendida por efectivos policiales y puesta en libertad r\u00e1pidamente, pero un par de horas despu\u00e9s volvi\u00f3 a hacerse presente en la zona de 3 de Febrero y Sarmiento donde volvi\u00f3 a ocasionar disturbios.<\/p>\n\n\n\n<p>Los comerciantes no realizaron denuncia en la comisaria.<\/p>\n","protected":false},"excerpt":{"rendered":"<p>En la ma\u00f1ana de este mi\u00e9rcoles una joven fue aprehendida por haber robado una Coca Cola y hacer disturbios en comercios adem\u00e1s de la v\u00eda p\u00fablica. Alrededor de las 8 hs de la jornada de hoy una joven trans que anteriormente ya fue aprendida por ocasionar disturbios en comercios fue aprehendida tras robar en una [&hellip;]<\/p>\n","protected":false},"author":4,"featured_media":113518,"comment_status":"closed","ping_status":"closed","sticky":false,"template":"","format":"standard","meta":{"om_disable_all_campaigns":false,"_jetpack_memberships_contains_paid_content":false,"footnotes":""},"categories":[50,2,103],"tags":[197,33,95,19],"class_list":["post-113517","post","type-post","status-publish","format-standard","has-post-thumbnail","hentry","category-destacadas","category-locales","category-policiales-locales","tag-buenos-aires","tag-locales","tag-policiales","tag-san-pedro"],"aioseo_notices":[],"gutentor_comment":0,"jetpack_featured_media_url":"https:\/\/eldiariodesanpedro.com.ar\/sitio\/wp-content\/uploads\/2022\/12\/WhatsApp-Image-2022-12-28-at-15.13.42.jpeg","jetpack_shortlink":"https:\/\/wp.me\/p6RhLt-twV","jetpack_sharing_enabled":true,"_links":{"self":[{"href":"https:\/\/eldiariodesanpedro.com.ar\/sitio\/wp-json\/wp\/v2\/posts\/113517","targetHints":{"allow":["GET"]}}],"collection":[{"href":"https:\/\/eldiariodesanpedro.com.ar\/sitio\/wp-json\/wp\/v2\/posts"}],"about":[{"href":"https:\/\/eldiariodesanpedro.com.ar\/sitio\/wp-json\/wp\/v2\/types\/post"}],"author":[{"embeddable":true,"href":"https:\/\/eldiariodesanpedro.com.ar\/sitio\/wp-json\/wp\/v2\/users\/4"}],"replies":[{"embeddable":true,"href":"https:\/\/eldiariodesanpedro.com.ar\/sitio\/wp-json\/wp\/v2\/comments?post=113517"}],"version-history":[{"count":1,"href":"https:\/\/eldiariodesanpedro.com.ar\/sitio\/wp-json\/wp\/v2\/posts\/113517\/revisions"}],"predecessor-version":[{"id":113519,"href":"https:\/\/eldiariodesanpedro.com.ar\/sitio\/wp-json\/wp\/v2\/posts\/113517\/revisions\/113519"}],"wp:featuredmedia":[{"embeddable":true,"href":"https:\/\/eldiariodesanpedro.com.ar\/sitio\/wp-json\/wp\/v2\/media\/113518"}],"wp:attachment":[{"href":"https:\/\/eldiariodesanpedro.com.ar\/sitio\/wp-json\/wp\/v2\/media?parent=113517"}],"wp:term":[{"taxonomy":"category","embeddable":true,"href":"https:\/\/eldiariodesanpedro.com.ar\/sitio\/wp-json\/wp\/v2\/categories?post=113517"},{"taxonomy":"post_tag","embeddable":true,"href":"https:\/\/eldiariodesanpedro.com.ar\/sitio\/wp-json\/wp\/v2\/tags?post=113517"}],"curies":[{"name":"wp","href":"https:\/\/api.w.org\/{rel}","templated":true}]}}