{"id":113514,"date":"2022-12-28T15:11:24","date_gmt":"2022-12-28T18:11:24","guid":{"rendered":"https:\/\/eldiariodesanpedro.com.ar\/sitio\/?p=113514"},"modified":"2022-12-28T15:11:25","modified_gmt":"2022-12-28T18:11:25","slug":"abrio-la-puerta-de-una-camioneta-sin-mirar-y-lo-choco-una-motocicleta","status":"publish","type":"post","link":"https:\/\/eldiariodesanpedro.com.ar\/sitio\/abrio-la-puerta-de-una-camioneta-sin-mirar-y-lo-choco-una-motocicleta\/","title":{"rendered":"Abri\u00f3 la puerta de una camioneta sin mirar y lo choco una motocicleta"},"content":{"rendered":"<!-- VideographyWP Plugin Message: Automatic video embedding prevented by plugin options. -->\n\n<p>En el d\u00eda de ayer, alrededor de 19 horas el personal policial es convocado a un accidente de tr\u00e1nsito en calle Alvear y Belgrano, donde colisiona motocicleta marca Gilera Smash 110 guiada por una mujer de 39 a\u00f1os, con autom\u00f3vil VW Saveiro estacionado quien su chofer resulta ser un ciudadano de 65 a\u00f1os, este \u00faltimo abre puerta mismo lado provocando as\u00ed la colisi\u00f3n, ra\u00edz de esto la motociclista cae hacia la cinta asf\u00e1ltica, siendo trasladada hacia el nosocomio local, posteriormente &nbsp;constat\u00e1ndose lesiones car\u00e1cter leves.<\/p>\n\n\n\n<p>Intervino la UFI 07 en turno luego de llevarse a cabo las diligencias correspondientes disponen la entrega de veh\u00edculos a ambos propietarios.-<\/p>\n","protected":false},"excerpt":{"rendered":"<p>En el d\u00eda de ayer, alrededor de 19 horas el personal policial es convocado a un accidente de tr\u00e1nsito en calle Alvear y Belgrano, donde colisiona motocicleta marca Gilera Smash 110 guiada por una mujer de 39 a\u00f1os, con autom\u00f3vil VW Saveiro estacionado quien su chofer resulta ser un ciudadano de 65 a\u00f1os, este \u00faltimo [&hellip;]<\/p>\n","protected":false},"author":4,"featured_media":113515,"comment_status":"closed","ping_status":"closed","sticky":false,"template":"","format":"standard","meta":{"om_disable_all_campaigns":false,"_jetpack_memberships_contains_paid_content":false,"footnotes":""},"categories":[2,103],"tags":[197,33,95,19],"class_list":["post-113514","post","type-post","status-publish","format-standard","has-post-thumbnail","hentry","category-locales","category-policiales-locales","tag-buenos-aires","tag-locales","tag-policiales","tag-san-pedro"],"aioseo_notices":[],"gutentor_comment":0,"jetpack_featured_media_url":"https:\/\/eldiariodesanpedro.com.ar\/sitio\/wp-content\/uploads\/2022\/12\/1-2.jpg","jetpack_shortlink":"https:\/\/wp.me\/p6RhLt-twS","jetpack_sharing_enabled":true,"_links":{"self":[{"href":"https:\/\/eldiariodesanpedro.com.ar\/sitio\/wp-json\/wp\/v2\/posts\/113514","targetHints":{"allow":["GET"]}}],"collection":[{"href":"https:\/\/eldiariodesanpedro.com.ar\/sitio\/wp-json\/wp\/v2\/posts"}],"about":[{"href":"https:\/\/eldiariodesanpedro.com.ar\/sitio\/wp-json\/wp\/v2\/types\/post"}],"author":[{"embeddable":true,"href":"https:\/\/eldiariodesanpedro.com.ar\/sitio\/wp-json\/wp\/v2\/users\/4"}],"replies":[{"embeddable":true,"href":"https:\/\/eldiariodesanpedro.com.ar\/sitio\/wp-json\/wp\/v2\/comments?post=113514"}],"version-history":[{"count":1,"href":"https:\/\/eldiariodesanpedro.com.ar\/sitio\/wp-json\/wp\/v2\/posts\/113514\/revisions"}],"predecessor-version":[{"id":113516,"href":"https:\/\/eldiariodesanpedro.com.ar\/sitio\/wp-json\/wp\/v2\/posts\/113514\/revisions\/113516"}],"wp:featuredmedia":[{"embeddable":true,"href":"https:\/\/eldiariodesanpedro.com.ar\/sitio\/wp-json\/wp\/v2\/media\/113515"}],"wp:attachment":[{"href":"https:\/\/eldiariodesanpedro.com.ar\/sitio\/wp-json\/wp\/v2\/media?parent=113514"}],"wp:term":[{"taxonomy":"category","embeddable":true,"href":"https:\/\/eldiariodesanpedro.com.ar\/sitio\/wp-json\/wp\/v2\/categories?post=113514"},{"taxonomy":"post_tag","embeddable":true,"href":"https:\/\/eldiariodesanpedro.com.ar\/sitio\/wp-json\/wp\/v2\/tags?post=113514"}],"curies":[{"name":"wp","href":"https:\/\/api.w.org\/{rel}","templated":true}]}}