{"id":113510,"date":"2022-12-28T14:58:18","date_gmt":"2022-12-28T17:58:18","guid":{"rendered":"https:\/\/eldiariodesanpedro.com.ar\/sitio\/?p=113510"},"modified":"2022-12-28T14:58:19","modified_gmt":"2022-12-28T17:58:19","slug":"su-vecina-se-acerco-y-la-amenazo-con-un-machete","status":"publish","type":"post","link":"https:\/\/eldiariodesanpedro.com.ar\/sitio\/su-vecina-se-acerco-y-la-amenazo-con-un-machete\/","title":{"rendered":"Su vecina se acerc\u00f3 y la amenaz\u00f3 con un machete"},"content":{"rendered":"<!-- VideographyWP Plugin Message: Automatic video embedding prevented by plugin options. -->\n\n<p>Este martes se realiz\u00f3 una denuncia de una mujer que fue amenazada con un machete por su vecina.<br>Todo ocurri\u00f3 en la jornada de ayer en horas de la tarde cuando la denunciante de 32 a\u00f1os se encontraba sentada en la vereda de su vivienda ubicada en calle Molina al 600 aproximadamente, cuando una vecina con la que profiera problemas de larga data se le acerco a amenazarla con palabras violentas y con un machete en mano haciendo ademanes de golpearla.<\/p>\n","protected":false},"excerpt":{"rendered":"<p>Este martes se realiz\u00f3 una denuncia de una mujer que fue amenazada con un machete por su vecina.Todo ocurri\u00f3 en la jornada de ayer en horas de la tarde cuando la denunciante de 32 a\u00f1os se encontraba sentada en la vereda de su vivienda ubicada en calle Molina al 600 aproximadamente, cuando una vecina con [&hellip;]<\/p>\n","protected":false},"author":4,"featured_media":19326,"comment_status":"closed","ping_status":"closed","sticky":false,"template":"","format":"standard","meta":{"om_disable_all_campaigns":false,"_jetpack_memberships_contains_paid_content":false,"footnotes":""},"categories":[50,2,103],"tags":[197,33,95,19],"class_list":["post-113510","post","type-post","status-publish","format-standard","has-post-thumbnail","hentry","category-destacadas","category-locales","category-policiales-locales","tag-buenos-aires","tag-locales","tag-policiales","tag-san-pedro"],"aioseo_notices":[],"gutentor_comment":0,"jetpack_featured_media_url":"https:\/\/eldiariodesanpedro.com.ar\/sitio\/wp-content\/uploads\/2017\/06\/machete.jpg","jetpack_shortlink":"https:\/\/wp.me\/p6RhLt-twO","jetpack_sharing_enabled":true,"_links":{"self":[{"href":"https:\/\/eldiariodesanpedro.com.ar\/sitio\/wp-json\/wp\/v2\/posts\/113510","targetHints":{"allow":["GET"]}}],"collection":[{"href":"https:\/\/eldiariodesanpedro.com.ar\/sitio\/wp-json\/wp\/v2\/posts"}],"about":[{"href":"https:\/\/eldiariodesanpedro.com.ar\/sitio\/wp-json\/wp\/v2\/types\/post"}],"author":[{"embeddable":true,"href":"https:\/\/eldiariodesanpedro.com.ar\/sitio\/wp-json\/wp\/v2\/users\/4"}],"replies":[{"embeddable":true,"href":"https:\/\/eldiariodesanpedro.com.ar\/sitio\/wp-json\/wp\/v2\/comments?post=113510"}],"version-history":[{"count":1,"href":"https:\/\/eldiariodesanpedro.com.ar\/sitio\/wp-json\/wp\/v2\/posts\/113510\/revisions"}],"predecessor-version":[{"id":113511,"href":"https:\/\/eldiariodesanpedro.com.ar\/sitio\/wp-json\/wp\/v2\/posts\/113510\/revisions\/113511"}],"wp:featuredmedia":[{"embeddable":true,"href":"https:\/\/eldiariodesanpedro.com.ar\/sitio\/wp-json\/wp\/v2\/media\/19326"}],"wp:attachment":[{"href":"https:\/\/eldiariodesanpedro.com.ar\/sitio\/wp-json\/wp\/v2\/media?parent=113510"}],"wp:term":[{"taxonomy":"category","embeddable":true,"href":"https:\/\/eldiariodesanpedro.com.ar\/sitio\/wp-json\/wp\/v2\/categories?post=113510"},{"taxonomy":"post_tag","embeddable":true,"href":"https:\/\/eldiariodesanpedro.com.ar\/sitio\/wp-json\/wp\/v2\/tags?post=113510"}],"curies":[{"name":"wp","href":"https:\/\/api.w.org\/{rel}","templated":true}]}}