{"id":113508,"date":"2022-12-28T14:53:38","date_gmt":"2022-12-28T17:53:38","guid":{"rendered":"https:\/\/eldiariodesanpedro.com.ar\/sitio\/?p=113508"},"modified":"2022-12-28T14:53:39","modified_gmt":"2022-12-28T17:53:39","slug":"denuncia-que-no-pudo-sacar-turno-para-realizar-la-vtv-por-tener-haber-una-patente-melliza","status":"publish","type":"post","link":"https:\/\/eldiariodesanpedro.com.ar\/sitio\/denuncia-que-no-pudo-sacar-turno-para-realizar-la-vtv-por-tener-haber-una-patente-melliza\/","title":{"rendered":"Denuncia que no pudo sacar turno para realizar la VTV por tener haber una patente melliza"},"content":{"rendered":"<!-- VideographyWP Plugin Message: Automatic video embedding prevented by plugin options. -->\n\n<p>En el dia de ayer, una ciudadana de 34 a\u00f1os de edad se hizo presente en la comisaria local donde denuncio que no pudo sacar turno por internet para la realizaci\u00f3n de la VTV de su veh\u00edculo, porque ya figura un turno otorgado para un masculino en La Plata, quien tendr\u00eda la misma patente.-<\/p>\n\n\n\n<p><\/p>\n","protected":false},"excerpt":{"rendered":"<p>En el dia de ayer, una ciudadana de 34 a\u00f1os de edad se hizo presente en la comisaria local donde denuncio que no pudo sacar turno por internet para la realizaci\u00f3n de la VTV de su veh\u00edculo, porque ya figura un turno otorgado para un masculino en La Plata, quien tendr\u00eda la misma patente.-<\/p>\n","protected":false},"author":4,"featured_media":103679,"comment_status":"closed","ping_status":"closed","sticky":false,"template":"","format":"standard","meta":{"om_disable_all_campaigns":false,"_jetpack_memberships_contains_paid_content":false,"footnotes":""},"categories":[2,103],"tags":[197,33,95,19],"class_list":["post-113508","post","type-post","status-publish","format-standard","has-post-thumbnail","hentry","category-locales","category-policiales-locales","tag-buenos-aires","tag-locales","tag-policiales","tag-san-pedro"],"aioseo_notices":[],"gutentor_comment":0,"jetpack_featured_media_url":"https:\/\/eldiariodesanpedro.com.ar\/sitio\/wp-content\/uploads\/2022\/02\/comisaria_san_pedro.jpg","jetpack_shortlink":"https:\/\/wp.me\/p6RhLt-twM","jetpack_sharing_enabled":true,"_links":{"self":[{"href":"https:\/\/eldiariodesanpedro.com.ar\/sitio\/wp-json\/wp\/v2\/posts\/113508","targetHints":{"allow":["GET"]}}],"collection":[{"href":"https:\/\/eldiariodesanpedro.com.ar\/sitio\/wp-json\/wp\/v2\/posts"}],"about":[{"href":"https:\/\/eldiariodesanpedro.com.ar\/sitio\/wp-json\/wp\/v2\/types\/post"}],"author":[{"embeddable":true,"href":"https:\/\/eldiariodesanpedro.com.ar\/sitio\/wp-json\/wp\/v2\/users\/4"}],"replies":[{"embeddable":true,"href":"https:\/\/eldiariodesanpedro.com.ar\/sitio\/wp-json\/wp\/v2\/comments?post=113508"}],"version-history":[{"count":1,"href":"https:\/\/eldiariodesanpedro.com.ar\/sitio\/wp-json\/wp\/v2\/posts\/113508\/revisions"}],"predecessor-version":[{"id":113509,"href":"https:\/\/eldiariodesanpedro.com.ar\/sitio\/wp-json\/wp\/v2\/posts\/113508\/revisions\/113509"}],"wp:featuredmedia":[{"embeddable":true,"href":"https:\/\/eldiariodesanpedro.com.ar\/sitio\/wp-json\/wp\/v2\/media\/103679"}],"wp:attachment":[{"href":"https:\/\/eldiariodesanpedro.com.ar\/sitio\/wp-json\/wp\/v2\/media?parent=113508"}],"wp:term":[{"taxonomy":"category","embeddable":true,"href":"https:\/\/eldiariodesanpedro.com.ar\/sitio\/wp-json\/wp\/v2\/categories?post=113508"},{"taxonomy":"post_tag","embeddable":true,"href":"https:\/\/eldiariodesanpedro.com.ar\/sitio\/wp-json\/wp\/v2\/tags?post=113508"}],"curies":[{"name":"wp","href":"https:\/\/api.w.org\/{rel}","templated":true}]}}