{"id":113506,"date":"2022-12-28T14:36:46","date_gmt":"2022-12-28T17:36:46","guid":{"rendered":"https:\/\/eldiariodesanpedro.com.ar\/sitio\/?p=113506"},"modified":"2022-12-28T14:36:47","modified_gmt":"2022-12-28T17:36:47","slug":"ramon-salazar-estoy-muy-ilusionado-con-todo-lo-que-podamos-hacer-en-el-2023","status":"publish","type":"post","link":"https:\/\/eldiariodesanpedro.com.ar\/sitio\/ramon-salazar-estoy-muy-ilusionado-con-todo-lo-que-podamos-hacer-en-el-2023\/","title":{"rendered":"Ram\u00f3n Salazar: \u00abEstoy muy ilusionado con todo lo que podamos hacer en el 2023\u00bb"},"content":{"rendered":"<!-- VideographyWP Plugin Message: Automatic video embedding prevented by plugin options. -->\n\n<p>El Intendente Municipal estuvo en los estudios de FM G\u00e9nesis e hizo repaso a lo que fue este 2022. Las tareas realizadas, los compromisos asumidos y lo que falta. Confirm\u00f3 el desarrollo de un plan de viviendas.<\/p>\n\n\n\n<p>Como en cada cierre de a\u00f1o el Intendente Municipal hace una evaluaci\u00f3n de todo lo acontecido.<\/p>\n\n\n\n<p>En este caso Ram\u00f3n Salazar visit\u00f3 FM G\u00e9nesis en donde hizo un repaso a la gesti\u00f3n, las tares realizadas, y todo lo que queda por concretar a lo largo del 2023.<\/p>\n\n\n\n<p>\u201cEstamos cerrando el a\u00f1o con algo muy significativo y qu\u00e9 es la entrega de viviendas y todo lo que eso significa para el vecino. Hemos comenzado con la entrega y as\u00ed seguir\u00e1 sucesivamente hasta completar las 89 viviendas que es el proyecto original en el cual la familia ya ten\u00eda sus terrenos y el estado nacional lo que est\u00e1 haciendo es financiar la construcci\u00f3n\u201d. \u201cY lo mismo hicimos en Santa Luc\u00eda pero la entrega fue para personas con movilidad reducida\u201d, destac\u00f3 el Intendente.<\/p>\n\n\n\n<p>En cuanto a salud Salazar remarc\u00f3 que \u00abEs una l\u00e1stima que las instituciones privadas no est\u00e9n funcionando como todos quisi\u00e9ramos, principalmente la cl\u00ednica San Pedro, que sigue sin trabajar y termin\u00f3 complicando mucho al hospital porque a los pacientes no les qued\u00f3 otra alternativa que ir ah\u00ed y nosotros como municipio tuvimos que realizar inversiones y prestar el mejor servicio posible, y nada es f\u00e1cil porque la demanda que tenemos hoy es much\u00edsima, lo mismo que los centros de salud y hospitales de las localidades\u201d. \u201cCon respecto al covid es bueno remarcarle a la gente que estamos ante un nuevo rebrote y es muy importante que todos est\u00e9n vacunados\u201d.<\/p>\n\n\n\n<p>Salazar se\u00f1al\u00f3 que una de sus preocupaciones son el estado de las rutas y accesos, manifestando que la \u201cRuta 1001, est\u00e1 muy mala y esperemos que se haga pronto la licitaci\u00f3n para poder repararla. Mi pap\u00e1, (Cecilio Salazar) y yo, ya hicimos todos los tr\u00e1mites necesarios para que salga r\u00e1pido la licitaci\u00f3n. Queremos una obra de la calidad que todos nos merecemos\u201d.<\/p>\n\n\n\n<p>\u201cEstamos ansiosos por la obra de la Ruta 1001 y m\u00e1s a\u00fan cuando el gobernador ya dio la orden, es m\u00e1s\u2026 hasta nos estamos enojando un poquito\u201d, reconoci\u00f3.<\/p>\n\n\n\n<p>\u201cEn lo econ\u00f3mico cerramos el a\u00f1o con lo justo, estamos bien, estamos ordenados, pero no nos sobra nada. La otra vez en Santa Luc\u00eda un vecino se me acerca y me pregunta c\u00f3mo \u00edbamos a hacer para sostener la econom\u00eda cuando la inflaci\u00f3n iba a ser mayor a lo aprobado a principio de este a\u00f1o con respecto al aumento de tasas, obviamente que vamos a tener que reducir los gastos en el municipio pero tambi\u00e9n es cierto que no quer\u00eda cargarle en las tasas el aumento al ciudadano com\u00fan porque s\u00e9 que se viene pasando por momentos complicados, no&nbsp;quer\u00edamos aumentar al sampedrino un nivel de tasas muy alto, para que lo puedan pagar adem\u00e1s, pero de alg\u00fan manera nos vamos a acomodar, tenemos que ser muy cautos con los gastos\u201d. \u201cMi voluntad no fue la de aumentar las tasas m\u00e1s que eso.&nbsp;<\/p>\n\n\n\n<p>\u201cLo bueno es que sabemos que contamos con el apoyo del gobierno provincial y nacional para poder hacer obras sino no podr\u00edamos concretarlo\u201d.<\/p>\n\n\n\n<p>\u201cEstoy muy ilusionado con todo lo que podemos hacer en el 2023. Me ilusionan las obras que ya tenemos proyectadas, me ilusiona saber que pronto saldr\u00e1 la licitaci\u00f3n para la construcci\u00f3n de otro jard\u00edn y tambi\u00e9n que el pr\u00f3ximo 27 sale la licitaci\u00f3n la nueva escuela t\u00e9cnica. Tenemos planificadas m\u00e1s pavimentaci\u00f3n de calles porque si bien ya hemos hecho m\u00e1s de 1000 cuadras es cierto que falta mucho\u201d, remarc\u00f3.<\/p>\n\n\n\n<p>\u201cVamos a tener un proyecto de 210 viviendas en Boulevard Moreno al fondo que ya est\u00e1 definido con el gobierno provincial\u201d, anunci\u00f3.<\/p>\n\n\n\n<p>\u201cMi \u00faltima reflexi\u00f3n es que aprendamos de lo que hizo la selecci\u00f3n Argentina, juguemos nuestro partido, tenemos que estar unidos, que no importe que uno sea en un partido y del otro, tenemos que salir todos adelante, queremos que todos los sampedrinos est\u00e9n bien\u201d.<\/p>\n\n\n\n<p>Fuente: San Pedro Informa<\/p>\n","protected":false},"excerpt":{"rendered":"<p>El Intendente Municipal estuvo en los estudios de FM G\u00e9nesis e hizo repaso a lo que fue este 2022. Las tareas realizadas, los compromisos asumidos y lo que falta. Confirm\u00f3 el desarrollo de un plan de viviendas. Como en cada cierre de a\u00f1o el Intendente Municipal hace una evaluaci\u00f3n de todo lo acontecido. En este [&hellip;]<\/p>\n","protected":false},"author":4,"featured_media":96596,"comment_status":"closed","ping_status":"closed","sticky":false,"template":"","format":"standard","meta":{"om_disable_all_campaigns":false,"_jetpack_memberships_contains_paid_content":false,"footnotes":""},"categories":[50,101,2],"tags":[197,696,33,19],"class_list":["post-113506","post","type-post","status-publish","format-standard","has-post-thumbnail","hentry","category-destacadas","category-interes-general-locales","category-locales","tag-buenos-aires","tag-interes-general","tag-locales","tag-san-pedro"],"aioseo_notices":[],"gutentor_comment":0,"jetpack_featured_media_url":"https:\/\/eldiariodesanpedro.com.ar\/sitio\/wp-content\/uploads\/2021\/07\/Ramon-Salazar-1.jpg","jetpack_shortlink":"https:\/\/wp.me\/p6RhLt-twK","jetpack_sharing_enabled":true,"_links":{"self":[{"href":"https:\/\/eldiariodesanpedro.com.ar\/sitio\/wp-json\/wp\/v2\/posts\/113506","targetHints":{"allow":["GET"]}}],"collection":[{"href":"https:\/\/eldiariodesanpedro.com.ar\/sitio\/wp-json\/wp\/v2\/posts"}],"about":[{"href":"https:\/\/eldiariodesanpedro.com.ar\/sitio\/wp-json\/wp\/v2\/types\/post"}],"author":[{"embeddable":true,"href":"https:\/\/eldiariodesanpedro.com.ar\/sitio\/wp-json\/wp\/v2\/users\/4"}],"replies":[{"embeddable":true,"href":"https:\/\/eldiariodesanpedro.com.ar\/sitio\/wp-json\/wp\/v2\/comments?post=113506"}],"version-history":[{"count":1,"href":"https:\/\/eldiariodesanpedro.com.ar\/sitio\/wp-json\/wp\/v2\/posts\/113506\/revisions"}],"predecessor-version":[{"id":113507,"href":"https:\/\/eldiariodesanpedro.com.ar\/sitio\/wp-json\/wp\/v2\/posts\/113506\/revisions\/113507"}],"wp:featuredmedia":[{"embeddable":true,"href":"https:\/\/eldiariodesanpedro.com.ar\/sitio\/wp-json\/wp\/v2\/media\/96596"}],"wp:attachment":[{"href":"https:\/\/eldiariodesanpedro.com.ar\/sitio\/wp-json\/wp\/v2\/media?parent=113506"}],"wp:term":[{"taxonomy":"category","embeddable":true,"href":"https:\/\/eldiariodesanpedro.com.ar\/sitio\/wp-json\/wp\/v2\/categories?post=113506"},{"taxonomy":"post_tag","embeddable":true,"href":"https:\/\/eldiariodesanpedro.com.ar\/sitio\/wp-json\/wp\/v2\/tags?post=113506"}],"curies":[{"name":"wp","href":"https:\/\/api.w.org\/{rel}","templated":true}]}}