{"id":113498,"date":"2022-12-28T14:26:23","date_gmt":"2022-12-28T17:26:23","guid":{"rendered":"https:\/\/eldiariodesanpedro.com.ar\/sitio\/?p=113498"},"modified":"2022-12-28T14:26:24","modified_gmt":"2022-12-28T17:26:24","slug":"barro-de-potrero-para-los-retratos-de-diego-y-leo","status":"publish","type":"post","link":"https:\/\/eldiariodesanpedro.com.ar\/sitio\/barro-de-potrero-para-los-retratos-de-diego-y-leo\/","title":{"rendered":"\u00abBarro de Potrero para los retratos de Diego y Leo\u00bb"},"content":{"rendered":"<!-- VideographyWP Plugin Message: Automatic video embedding prevented by plugin options. -->\n\n<p>Jorge Coqui L\u00f3pez es un artista sampedrino que us\u00f3 la tierra de los potreros donde Diego Maradona y Lionel Messi hicieron sus primeras gambetas para hacer sus pinturas sobre los dos m\u00e1ximos exponentes del seleccionado argentino.<\/p>\n\n\n\n<p>Al barro se lo asocia muchas veces desde el lado negativo porque ensucia o frena la marcha, pero muy distinto es el barro de potrero que en Argentina va de la mano de la magia, la improvisaci\u00f3n, al desparpajo, a la esencia del f\u00fatbol, a la identidad a\u00f1eja, que son los valores a los que se aferr\u00f3 Jorge Coqui L\u00f3pez para hacer sus retratos de los dos m\u00e1ximos h\u00e9roes del seleccionado albiceleste: Diego Maradona y Lionel Messi.<\/p>\n\n\n\n<p>Con la tierra de los or\u00edgenes futbol\u00edsticos de estos dos cracks, el artista sampedrino -nacido un 12 de abril de 1967-&nbsp;le dio materia a sus obras para pintar a Diego y a Leo en su molde m\u00e1s aut\u00e9ntico: el del amor a los colores, al barrio que los vio crecer, a la madre tierra que los cobij\u00f3 y a los sue\u00f1os con la celeste y blanca.&nbsp;&nbsp;<\/p>\n\n\n\n<p>T\u00e9lam: \u00bfC\u00f3mo surgi\u00f3 la idea de hacer la obra de Diego Maradona?<\/p>\n\n\n\n<p>Jorge L\u00f3pez: En realidad nace porque Maradona atraviesa a mi generaci\u00f3n. Maradona el mito, el Diego de la gente, el Pelusa, el Barrilete C\u00f3smico, ese de la zurda inmortal que se nos mete en el coraz\u00f3n con su gambeta endiablada. Pero tambi\u00e9n para ser aquel pibe de barrio rebelde que llega a las m\u00e1s altas torres de Europa y a los m\u00e1s lujosos m\u00e1rmoles, donde deja su pisada de barro de potrero, su barro de Fiorito, su huella inmortal. Creo que Maradona nos ha marcado a todos los que vivimos en este tiempo. Por lo que hacer un retrato a Diego es como tratar de retratar la identidad argentina.<\/p>\n\n\n\n<p>T: \u00bfCu\u00e1ndo lleg\u00f3 el Mundial de Qatar 2022 por qu\u00e9 pens\u00f3 en hacer lo mismo con Lionel Messi?<\/p>\n\n\n\n<p>JL: Decid\u00ed hacer esta obra porque Messi es un genio y en Argentina no era visto como tal. Se lo castigaba, se lo discut\u00eda, se lo menospreciaba. Los medios de comunicaci\u00f3n fueron construyendo una negatividad sobre \u00e9l, sobre Di Mar\u00eda, sobre la selecci\u00f3n y como siempre pasa despu\u00e9s eso repercute en la gente, que se indigna cuando las cosas no salen bien. Para m\u00ed era una locura que se juzgara a un genio tan ligeramente. No todos los d\u00edas uno tiene la posibilidad de ver a un genio porque el f\u00fatbol ha dado grandes jugadores, pero genios fueron pocos. Messi es el genio por excelencia y yo hice ese retrato por la profunda admiraci\u00f3n y respeto que le tengo. Ese retrato lo hice antes del Mundial porque hoy con la Copa en mano la decisi\u00f3n de hacer algo con Messi es mucho m\u00e1s f\u00e1cil.&nbsp;&nbsp;<\/p>\n\n\n\n<p>T: \u00bfEn qu\u00e9 consiste la t\u00e9cnica con la que pinta?<\/p>\n\n\n\n<p>JL: Esta t\u00e9cnica consiste en pintar con una materia que guarda las vivencias de la gente que habit\u00f3 esa superficie, que es la tierra. Soy de San Pedro, en la provincia de Buenos Aires, y nac\u00ed a orillas de un r\u00edo. Jugaba en la barraca y en el r\u00edo con barro, con tierra, como todos los pibes de aquellos a\u00f1os jug\u00e1bamos con el barro del r\u00edo. Como los antiguos habitantes originarios de esta tierra, que ve\u00edan en la tierra a una madre, a un lugar del que venimos y a d\u00f3nde nos vamos a ir. As\u00ed que pinto con tierra porque creo que este material me conecta con la historia, con la vivencia, con el origen mismo de los que la habitaron. Tierra de Diego y Lionel canta el pueblo y yo us\u00e9 esa tierra para hacer sus retratos.<\/p>\n\n\n\n<p>T: \u00bfQu\u00e9 unen a Maradona y Messi en sus obras?<\/p>\n\n\n\n<p>JL: Lo que los une es que son una maravilla de la especie humana y adem\u00e1s viven en el mismo domicilio, que es el coraz\u00f3n del pueblo argentino.&nbsp;<img decoding=\"async\" alt=\"\" src=\"https:\/\/www.sanpedroinforma.com.ar\/visitas\/125488\"><\/p>\n","protected":false},"excerpt":{"rendered":"<p>Jorge Coqui L\u00f3pez es un artista sampedrino que us\u00f3 la tierra de los potreros donde Diego Maradona y Lionel Messi hicieron sus primeras gambetas para hacer sus pinturas sobre los dos m\u00e1ximos exponentes del seleccionado argentino. Al barro se lo asocia muchas veces desde el lado negativo porque ensucia o frena la marcha, pero muy [&hellip;]<\/p>\n","protected":false},"author":4,"featured_media":113499,"comment_status":"closed","ping_status":"closed","sticky":false,"template":"","format":"standard","meta":{"om_disable_all_campaigns":false,"_jetpack_memberships_contains_paid_content":false,"footnotes":""},"categories":[101,2],"tags":[197,696,33,19],"class_list":["post-113498","post","type-post","status-publish","format-standard","has-post-thumbnail","hentry","category-interes-general-locales","category-locales","tag-buenos-aires","tag-interes-general","tag-locales","tag-san-pedro"],"aioseo_notices":[],"gutentor_comment":0,"jetpack_featured_media_url":"https:\/\/eldiariodesanpedro.com.ar\/sitio\/wp-content\/uploads\/2022\/12\/0000021500-resized-1920x1080-1.jpg","jetpack_shortlink":"https:\/\/wp.me\/p6RhLt-twC","jetpack_sharing_enabled":true,"_links":{"self":[{"href":"https:\/\/eldiariodesanpedro.com.ar\/sitio\/wp-json\/wp\/v2\/posts\/113498","targetHints":{"allow":["GET"]}}],"collection":[{"href":"https:\/\/eldiariodesanpedro.com.ar\/sitio\/wp-json\/wp\/v2\/posts"}],"about":[{"href":"https:\/\/eldiariodesanpedro.com.ar\/sitio\/wp-json\/wp\/v2\/types\/post"}],"author":[{"embeddable":true,"href":"https:\/\/eldiariodesanpedro.com.ar\/sitio\/wp-json\/wp\/v2\/users\/4"}],"replies":[{"embeddable":true,"href":"https:\/\/eldiariodesanpedro.com.ar\/sitio\/wp-json\/wp\/v2\/comments?post=113498"}],"version-history":[{"count":1,"href":"https:\/\/eldiariodesanpedro.com.ar\/sitio\/wp-json\/wp\/v2\/posts\/113498\/revisions"}],"predecessor-version":[{"id":113500,"href":"https:\/\/eldiariodesanpedro.com.ar\/sitio\/wp-json\/wp\/v2\/posts\/113498\/revisions\/113500"}],"wp:featuredmedia":[{"embeddable":true,"href":"https:\/\/eldiariodesanpedro.com.ar\/sitio\/wp-json\/wp\/v2\/media\/113499"}],"wp:attachment":[{"href":"https:\/\/eldiariodesanpedro.com.ar\/sitio\/wp-json\/wp\/v2\/media?parent=113498"}],"wp:term":[{"taxonomy":"category","embeddable":true,"href":"https:\/\/eldiariodesanpedro.com.ar\/sitio\/wp-json\/wp\/v2\/categories?post=113498"},{"taxonomy":"post_tag","embeddable":true,"href":"https:\/\/eldiariodesanpedro.com.ar\/sitio\/wp-json\/wp\/v2\/tags?post=113498"}],"curies":[{"name":"wp","href":"https:\/\/api.w.org\/{rel}","templated":true}]}}