{"id":113467,"date":"2022-12-27T17:55:53","date_gmt":"2022-12-27T20:55:53","guid":{"rendered":"https:\/\/eldiariodesanpedro.com.ar\/sitio\/?p=113467"},"modified":"2022-12-27T17:55:54","modified_gmt":"2022-12-27T20:55:54","slug":"un-automovil-volco-en-la-bajada-del-club-nautico","status":"publish","type":"post","link":"https:\/\/eldiariodesanpedro.com.ar\/sitio\/un-automovil-volco-en-la-bajada-del-club-nautico\/","title":{"rendered":"Un autom\u00f3vil volc\u00f3 en la bajada del Club N\u00e1utico"},"content":{"rendered":"<!-- VideographyWP Plugin Message: Automatic video embedding prevented by plugin options. -->\n\n<p>Esta tarde de martes un autom\u00f3vil volc\u00f3 en la bajada frente al Club N\u00e1utico, como ya ah ocurrido en otras oportunidades, afortunadamente no hubo heridos de gravedad.<\/p>\n\n\n\n<p>El hecho tuvo lugar hoy alrededor de las 15 hs cuando un autom\u00f3vil Peugeot de color bordo por razones que se tratan establecer pierde el control y termina volcando.<\/p>\n\n\n\n<p>En el rosado circulaba una pareja mayor de edad que al parecer nos serian de nuestra ciudad y se encuentran acampando en la zona costanera.<\/p>\n\n\n\n<p>En el lugar se hizo presenta la ambulancia del SAME quienes juntos a la polic\u00eda lograron rescatar a los ocupantes que se encontraban dentro del rodado.<\/p>\n\n\n\n<p>Tambi\u00e9n se hicieron presentes los bomberos voluntarios pero ya hab\u00edan sido rescatadas las personas que adem\u00e1s solo sufrieron heridas leves.<\/p>\n\n\n\n<p>Recordemos que en el mismo lugar ya son varios quienes durante los \u00faltimos a\u00f1os terminaron volcando.<\/p>\n\n\n\n<iframe data-src=\"https:\/\/www.facebook.com\/plugins\/video.php?height=314&#038;href=https%3A%2F%2Fwww.facebook.com%2Feldiario.sanpedro.7%2Fvideos%2F1167047907506344%2F&#038;show_text=false&#038;width=560&#038;t=0\" width=\"560\" height=\"314\" style=\"border:none;overflow:hidden\" scrolling=\"no\" frameborder=\"0\" allowfullscreen=\"true\" allow=\"autoplay; clipboard-write; encrypted-media; picture-in-picture; web-share\" allowFullScreen=\"true\" src=\"data:image\/svg+xml;base64,PHN2ZyB3aWR0aD0iMSIgaGVpZ2h0PSIxIiB4bWxucz0iaHR0cDovL3d3dy53My5vcmcvMjAwMC9zdmciPjwvc3ZnPg==\" class=\"lazyload\" data-load-mode=\"1\"><\/iframe>\n\n\n\n<iframe data-src=\"https:\/\/www.facebook.com\/plugins\/post.php?href=https%3A%2F%2Fwww.facebook.com%2Feldiario.sanpedro.7%2Fposts%2Fpfbid0wEDSuoNLrJmYBcTw6MEB1bFbydUKZufYdvPyGkb3kywzKjpCSeLyeq1WgLp49j63l&#038;show_text=true&#038;width=500\" width=\"500\" height=\"645\" style=\"border:none;overflow:hidden\" scrolling=\"no\" frameborder=\"0\" allowfullscreen=\"true\" allow=\"autoplay; clipboard-write; encrypted-media; picture-in-picture; web-share\" src=\"data:image\/svg+xml;base64,PHN2ZyB3aWR0aD0iMSIgaGVpZ2h0PSIxIiB4bWxucz0iaHR0cDovL3d3dy53My5vcmcvMjAwMC9zdmciPjwvc3ZnPg==\" class=\"lazyload\" data-load-mode=\"1\"><\/iframe>\n","protected":false},"excerpt":{"rendered":"<p>Esta tarde de martes un autom\u00f3vil volc\u00f3 en la bajada frente al Club N\u00e1utico, como ya ah ocurrido en otras oportunidades, afortunadamente no hubo heridos de gravedad. El hecho tuvo lugar hoy alrededor de las 15 hs cuando un autom\u00f3vil Peugeot de color bordo por razones que se tratan establecer pierde el control y termina [&hellip;]<\/p>\n","protected":false},"author":4,"featured_media":113468,"comment_status":"closed","ping_status":"closed","sticky":false,"template":"","format":"standard","meta":{"om_disable_all_campaigns":false,"_jetpack_memberships_contains_paid_content":false,"footnotes":""},"categories":[50,2,103],"tags":[197,33,95,19],"class_list":["post-113467","post","type-post","status-publish","format-standard","has-post-thumbnail","hentry","category-destacadas","category-locales","category-policiales-locales","tag-buenos-aires","tag-locales","tag-policiales","tag-san-pedro"],"aioseo_notices":[],"gutentor_comment":0,"jetpack_featured_media_url":"https:\/\/eldiariodesanpedro.com.ar\/sitio\/wp-content\/uploads\/2022\/12\/20221227_154445.jpg","jetpack_shortlink":"https:\/\/wp.me\/p6RhLt-tw7","jetpack_sharing_enabled":true,"_links":{"self":[{"href":"https:\/\/eldiariodesanpedro.com.ar\/sitio\/wp-json\/wp\/v2\/posts\/113467","targetHints":{"allow":["GET"]}}],"collection":[{"href":"https:\/\/eldiariodesanpedro.com.ar\/sitio\/wp-json\/wp\/v2\/posts"}],"about":[{"href":"https:\/\/eldiariodesanpedro.com.ar\/sitio\/wp-json\/wp\/v2\/types\/post"}],"author":[{"embeddable":true,"href":"https:\/\/eldiariodesanpedro.com.ar\/sitio\/wp-json\/wp\/v2\/users\/4"}],"replies":[{"embeddable":true,"href":"https:\/\/eldiariodesanpedro.com.ar\/sitio\/wp-json\/wp\/v2\/comments?post=113467"}],"version-history":[{"count":1,"href":"https:\/\/eldiariodesanpedro.com.ar\/sitio\/wp-json\/wp\/v2\/posts\/113467\/revisions"}],"predecessor-version":[{"id":113469,"href":"https:\/\/eldiariodesanpedro.com.ar\/sitio\/wp-json\/wp\/v2\/posts\/113467\/revisions\/113469"}],"wp:featuredmedia":[{"embeddable":true,"href":"https:\/\/eldiariodesanpedro.com.ar\/sitio\/wp-json\/wp\/v2\/media\/113468"}],"wp:attachment":[{"href":"https:\/\/eldiariodesanpedro.com.ar\/sitio\/wp-json\/wp\/v2\/media?parent=113467"}],"wp:term":[{"taxonomy":"category","embeddable":true,"href":"https:\/\/eldiariodesanpedro.com.ar\/sitio\/wp-json\/wp\/v2\/categories?post=113467"},{"taxonomy":"post_tag","embeddable":true,"href":"https:\/\/eldiariodesanpedro.com.ar\/sitio\/wp-json\/wp\/v2\/tags?post=113467"}],"curies":[{"name":"wp","href":"https:\/\/api.w.org\/{rel}","templated":true}]}}