{"id":113465,"date":"2022-12-27T15:28:49","date_gmt":"2022-12-27T18:28:49","guid":{"rendered":"https:\/\/eldiariodesanpedro.com.ar\/sitio\/?p=113465"},"modified":"2022-12-27T15:28:50","modified_gmt":"2022-12-27T18:28:50","slug":"este-viernes-nuevamente-sera-asueto-municipal","status":"publish","type":"post","link":"https:\/\/eldiariodesanpedro.com.ar\/sitio\/este-viernes-nuevamente-sera-asueto-municipal\/","title":{"rendered":"Este viernes nuevamente ser\u00e1 asueto municipal"},"content":{"rendered":"<!-- VideographyWP Plugin Message: Automatic video embedding prevented by plugin options. -->\n\n<p>La Municipalidad de San Pedro recuerda que, al igual que los d\u00edas 23 y 24 de diciembre por la celebraci\u00f3n de las Fiestas de Navidad, los d\u00edas viernes 30 y s\u00e1bado 31 de diciembre por la celebraci\u00f3n de A\u00f1o Nuevo, no habr\u00e1 actividad en todas las \u00e1reas dependientes tanto en la ciudad como en las localidades.<\/p>\n\n\n\n<p>El asueto administrativo correspondiente fue firmado por las autoridades en el Decreto 1494-2022 del 15 de diciembre.<\/p>\n\n\n\n<p>Como es habitual en esta fecha, se mantienen las guardias respectivas en cada uno de los servicios p\u00fablicos.<\/p>\n\n\n\n<p>En nombre de Intendente Ram\u00f3n Salazar y de todo su equipo de gobierno se hace llegar un afectuoso saludo a todo el personal activo y a los jubilados y jubiladas municipales.<\/p>\n","protected":false},"excerpt":{"rendered":"<p>La Municipalidad de San Pedro recuerda que, al igual que los d\u00edas 23 y 24 de diciembre por la celebraci\u00f3n de las Fiestas de Navidad, los d\u00edas viernes 30 y s\u00e1bado 31 de diciembre por la celebraci\u00f3n de A\u00f1o Nuevo, no habr\u00e1 actividad en todas las \u00e1reas dependientes tanto en la ciudad como en las [&hellip;]<\/p>\n","protected":false},"author":4,"featured_media":102760,"comment_status":"closed","ping_status":"closed","sticky":false,"template":"","format":"standard","meta":{"om_disable_all_campaigns":false,"_jetpack_memberships_contains_paid_content":false,"footnotes":""},"categories":[101,2],"tags":[197,696,33,19],"class_list":["post-113465","post","type-post","status-publish","format-standard","has-post-thumbnail","hentry","category-interes-general-locales","category-locales","tag-buenos-aires","tag-interes-general","tag-locales","tag-san-pedro"],"aioseo_notices":[],"gutentor_comment":0,"jetpack_featured_media_url":"https:\/\/eldiariodesanpedro.com.ar\/sitio\/wp-content\/uploads\/2022\/01\/Municipalidad-e1422657513131.jpg","jetpack_shortlink":"https:\/\/wp.me\/p6RhLt-tw5","jetpack_sharing_enabled":true,"_links":{"self":[{"href":"https:\/\/eldiariodesanpedro.com.ar\/sitio\/wp-json\/wp\/v2\/posts\/113465","targetHints":{"allow":["GET"]}}],"collection":[{"href":"https:\/\/eldiariodesanpedro.com.ar\/sitio\/wp-json\/wp\/v2\/posts"}],"about":[{"href":"https:\/\/eldiariodesanpedro.com.ar\/sitio\/wp-json\/wp\/v2\/types\/post"}],"author":[{"embeddable":true,"href":"https:\/\/eldiariodesanpedro.com.ar\/sitio\/wp-json\/wp\/v2\/users\/4"}],"replies":[{"embeddable":true,"href":"https:\/\/eldiariodesanpedro.com.ar\/sitio\/wp-json\/wp\/v2\/comments?post=113465"}],"version-history":[{"count":1,"href":"https:\/\/eldiariodesanpedro.com.ar\/sitio\/wp-json\/wp\/v2\/posts\/113465\/revisions"}],"predecessor-version":[{"id":113466,"href":"https:\/\/eldiariodesanpedro.com.ar\/sitio\/wp-json\/wp\/v2\/posts\/113465\/revisions\/113466"}],"wp:featuredmedia":[{"embeddable":true,"href":"https:\/\/eldiariodesanpedro.com.ar\/sitio\/wp-json\/wp\/v2\/media\/102760"}],"wp:attachment":[{"href":"https:\/\/eldiariodesanpedro.com.ar\/sitio\/wp-json\/wp\/v2\/media?parent=113465"}],"wp:term":[{"taxonomy":"category","embeddable":true,"href":"https:\/\/eldiariodesanpedro.com.ar\/sitio\/wp-json\/wp\/v2\/categories?post=113465"},{"taxonomy":"post_tag","embeddable":true,"href":"https:\/\/eldiariodesanpedro.com.ar\/sitio\/wp-json\/wp\/v2\/tags?post=113465"}],"curies":[{"name":"wp","href":"https:\/\/api.w.org\/{rel}","templated":true}]}}