{"id":113462,"date":"2022-12-27T15:18:19","date_gmt":"2022-12-27T18:18:19","guid":{"rendered":"https:\/\/eldiariodesanpedro.com.ar\/sitio\/?p=113462"},"modified":"2022-12-27T15:18:20","modified_gmt":"2022-12-27T18:18:20","slug":"nueva-certificacion-de-calidad-para-el-laboratorio-del-hospital-emilio-ruffa","status":"publish","type":"post","link":"https:\/\/eldiariodesanpedro.com.ar\/sitio\/nueva-certificacion-de-calidad-para-el-laboratorio-del-hospital-emilio-ruffa\/","title":{"rendered":"Nueva certificaci\u00f3n de calidad para el Laboratorio del Hospital Emilio Ruffa"},"content":{"rendered":"<!-- VideographyWP Plugin Message: Automatic video embedding prevented by plugin options. -->\n\n<p>El Laboratorio del Hospital Dr. Emilio Ruffa, dirigido por el bioqu\u00edmico Adri\u00e1n Spoti, recibi\u00f3 en los \u00faltimos d\u00edas los certificados que avalan el \u00abdesempe\u00f1o EXCELENTE en la Encuesta N\u00ba 59 del Programa Nacional de Control de Calidad en Bacteriolog\u00eda correspondiente al a\u00f1o 2022\u00bb.<\/p>\n\n\n\n<p>Desde el \u00e1rea que est\u00e1 cargo de la bioqu\u00edmica Luciana Artigues, se particip\u00f3 de una nueva etapa del programa coordinado todos los a\u00f1os por el Servicio \u00abAntimicrobianos\u00bb, dependiente del Dpto. Bacteriolog\u00eda del Instituto Nacional de Enfermedades Infecciosas (INEI) Dr. Carlos Malbr\u00e1n.<\/p>\n\n\n\n<p>La encuesta re\u00fane datos remitidos desde laboratorios p\u00fablicos y privados seleccionados en todo el pa\u00eds con los que se trabaja en las estad\u00edsticas que permiten el dise\u00f1o de pol\u00edticas sanitarias sobre diagn\u00f3stico referencial, programas de evaluaci\u00f3n externa de la realidad, formaci\u00f3n de recursos humanos y l\u00edneas de investigaci\u00f3n.<\/p>\n\n\n\n<p>Luego de un a\u00f1o en el que se mantuvo la atenci\u00f3n p\u00fablica desde el servicio con el seguimiento de la nueva etapa del Covid-19 junto al resto de los controles que realizan diariamente, este nuevo reconocimiento halaga a todo personal que mantiene su compromiso con la comunidad.<\/p>\n\n\n\n<figure class=\"wp-block-image size-full\"><img decoding=\"async\" width=\"703\" height=\"519\" data-attachment-id=\"113463\" data-permalink=\"https:\/\/eldiariodesanpedro.com.ar\/sitio\/nueva-certificacion-de-calidad-para-el-laboratorio-del-hospital-emilio-ruffa\/whatsapp-image-2022-12-27-at-08-49-52\/\" data-orig-file=\"https:\/\/eldiariodesanpedro.com.ar\/sitio\/wp-content\/uploads\/2022\/12\/WhatsApp-Image-2022-12-27-at-08.49.52.jpeg\" data-orig-size=\"703,519\" data-comments-opened=\"0\" data-image-meta=\"{&quot;aperture&quot;:&quot;0&quot;,&quot;credit&quot;:&quot;&quot;,&quot;camera&quot;:&quot;&quot;,&quot;caption&quot;:&quot;&quot;,&quot;created_timestamp&quot;:&quot;0&quot;,&quot;copyright&quot;:&quot;&quot;,&quot;focal_length&quot;:&quot;0&quot;,&quot;iso&quot;:&quot;0&quot;,&quot;shutter_speed&quot;:&quot;0&quot;,&quot;title&quot;:&quot;&quot;,&quot;orientation&quot;:&quot;0&quot;}\" data-image-title=\"WhatsApp Image 2022-12-27 at 08.49.52\" data-image-description=\"\" data-image-caption=\"\" data-large-file=\"https:\/\/eldiariodesanpedro.com.ar\/sitio\/wp-content\/uploads\/2022\/12\/WhatsApp-Image-2022-12-27-at-08.49.52.jpeg\" data-src=\"https:\/\/eldiariodesanpedro.com.ar\/sitio\/wp-content\/uploads\/2022\/12\/WhatsApp-Image-2022-12-27-at-08.49.52.jpeg\" alt=\"\" class=\"wp-image-113463 lazyload\" data-srcset=\"https:\/\/eldiariodesanpedro.com.ar\/sitio\/wp-content\/uploads\/2022\/12\/WhatsApp-Image-2022-12-27-at-08.49.52.jpeg 703w, https:\/\/eldiariodesanpedro.com.ar\/sitio\/wp-content\/uploads\/2022\/12\/WhatsApp-Image-2022-12-27-at-08.49.52-300x221.jpeg 300w\" data-sizes=\"(max-width: 703px) 100vw, 703px\" src=\"data:image\/svg+xml;base64,PHN2ZyB3aWR0aD0iMSIgaGVpZ2h0PSIxIiB4bWxucz0iaHR0cDovL3d3dy53My5vcmcvMjAwMC9zdmciPjwvc3ZnPg==\" style=\"--smush-placeholder-width: 703px; --smush-placeholder-aspect-ratio: 703\/519;\" \/><\/figure>\n","protected":false},"excerpt":{"rendered":"<p>El Laboratorio del Hospital Dr. Emilio Ruffa, dirigido por el bioqu\u00edmico Adri\u00e1n Spoti, recibi\u00f3 en los \u00faltimos d\u00edas los certificados que avalan el \u00abdesempe\u00f1o EXCELENTE en la Encuesta N\u00ba 59 del Programa Nacional de Control de Calidad en Bacteriolog\u00eda correspondiente al a\u00f1o 2022\u00bb. Desde el \u00e1rea que est\u00e1 cargo de la bioqu\u00edmica Luciana Artigues, se [&hellip;]<\/p>\n","protected":false},"author":4,"featured_media":75201,"comment_status":"closed","ping_status":"closed","sticky":false,"template":"","format":"standard","meta":{"om_disable_all_campaigns":false,"_jetpack_memberships_contains_paid_content":false,"footnotes":""},"categories":[50,101,2],"tags":[197,696,33,19],"class_list":["post-113462","post","type-post","status-publish","format-standard","has-post-thumbnail","hentry","category-destacadas","category-interes-general-locales","category-locales","tag-buenos-aires","tag-interes-general","tag-locales","tag-san-pedro"],"aioseo_notices":[],"gutentor_comment":0,"jetpack_featured_media_url":"https:\/\/eldiariodesanpedro.com.ar\/sitio\/wp-content\/uploads\/2020\/06\/Hospital-Emilio-Ruffa.jpg","jetpack_shortlink":"https:\/\/wp.me\/p6RhLt-tw2","jetpack_sharing_enabled":true,"_links":{"self":[{"href":"https:\/\/eldiariodesanpedro.com.ar\/sitio\/wp-json\/wp\/v2\/posts\/113462","targetHints":{"allow":["GET"]}}],"collection":[{"href":"https:\/\/eldiariodesanpedro.com.ar\/sitio\/wp-json\/wp\/v2\/posts"}],"about":[{"href":"https:\/\/eldiariodesanpedro.com.ar\/sitio\/wp-json\/wp\/v2\/types\/post"}],"author":[{"embeddable":true,"href":"https:\/\/eldiariodesanpedro.com.ar\/sitio\/wp-json\/wp\/v2\/users\/4"}],"replies":[{"embeddable":true,"href":"https:\/\/eldiariodesanpedro.com.ar\/sitio\/wp-json\/wp\/v2\/comments?post=113462"}],"version-history":[{"count":1,"href":"https:\/\/eldiariodesanpedro.com.ar\/sitio\/wp-json\/wp\/v2\/posts\/113462\/revisions"}],"predecessor-version":[{"id":113464,"href":"https:\/\/eldiariodesanpedro.com.ar\/sitio\/wp-json\/wp\/v2\/posts\/113462\/revisions\/113464"}],"wp:featuredmedia":[{"embeddable":true,"href":"https:\/\/eldiariodesanpedro.com.ar\/sitio\/wp-json\/wp\/v2\/media\/75201"}],"wp:attachment":[{"href":"https:\/\/eldiariodesanpedro.com.ar\/sitio\/wp-json\/wp\/v2\/media?parent=113462"}],"wp:term":[{"taxonomy":"category","embeddable":true,"href":"https:\/\/eldiariodesanpedro.com.ar\/sitio\/wp-json\/wp\/v2\/categories?post=113462"},{"taxonomy":"post_tag","embeddable":true,"href":"https:\/\/eldiariodesanpedro.com.ar\/sitio\/wp-json\/wp\/v2\/tags?post=113462"}],"curies":[{"name":"wp","href":"https:\/\/api.w.org\/{rel}","templated":true}]}}