{"id":113459,"date":"2022-12-27T15:08:08","date_gmt":"2022-12-27T18:08:08","guid":{"rendered":"https:\/\/eldiariodesanpedro.com.ar\/sitio\/?p=113459"},"modified":"2022-12-27T15:08:09","modified_gmt":"2022-12-27T18:08:09","slug":"continua-la-organizacion-de-la-23o-edicion-de-la-fiesta-provincial-del-durazno-y-la-produccion","status":"publish","type":"post","link":"https:\/\/eldiariodesanpedro.com.ar\/sitio\/continua-la-organizacion-de-la-23o-edicion-de-la-fiesta-provincial-del-durazno-y-la-produccion\/","title":{"rendered":"Contin\u00faa la organizaci\u00f3n de la 23\u00ba edici\u00f3n de la Fiesta Provincial del Durazno y la Producci\u00f3n"},"content":{"rendered":"<!-- VideographyWP Plugin Message: Automatic video embedding prevented by plugin options. -->\n\n<p>La Municipalidad de San Pedro a trav\u00e9s de la Secretar\u00eda de Turismo y Cultura y la Direcci\u00f3n de Producci\u00f3n junto a la Comisi\u00f3n Organizadora de la 23\u00ba edici\u00f3n de la Fiesta Provincial del Durazno y la Producci\u00f3n contin\u00faan con las reuniones de trabajo rumbo a un nuevo encuentro en Gobernador Castro.<\/p>\n\n\n\n<p>En los pr\u00f3ximos d\u00edas se brindar\u00e1n mayores detalles a trav\u00e9s de una conferencia de prensa y est\u00e1 en marcha la promoci\u00f3n de las actividades que estar\u00e1n incluidas en el evento que tendr\u00e1 lugar los d\u00edas 14 y 15 de enero del 2023 en el campo de deportes de Agricultores Club.<\/p>\n\n\n\n<p>Sigue abierta la inscripci\u00f3n para participar de la selecci\u00f3n del Embajador\/a del Durazno 2023 (info al 3329-644042) y junto a la C\u00e1mara de Viveristas, C\u00e1mara de Productores y el INTA se ajustan detalles del prestigioso concurso que otorga los premios a los mejores duraznos de la temporada.<\/p>\n\n\n\n<p>La Fiesta del Durazno y la Producci\u00f3n contar\u00e1 con los shows de artistas de diferentes estilos y la presencia de Emma Pochi, Onda Sabanera, Los Lirios, el Toro Quevedo y Jairo.<\/p>\n\n\n\n<p>M\u00e1s informaci\u00f3n en las redes sociales oficiales de la Secretar\u00eda de Turismo<\/p>\n","protected":false},"excerpt":{"rendered":"<p>La Municipalidad de San Pedro a trav\u00e9s de la Secretar\u00eda de Turismo y Cultura y la Direcci\u00f3n de Producci\u00f3n junto a la Comisi\u00f3n Organizadora de la 23\u00ba edici\u00f3n de la Fiesta Provincial del Durazno y la Producci\u00f3n contin\u00faan con las reuniones de trabajo rumbo a un nuevo encuentro en Gobernador Castro. En los pr\u00f3ximos d\u00edas [&hellip;]<\/p>\n","protected":false},"author":4,"featured_media":113460,"comment_status":"closed","ping_status":"closed","sticky":false,"template":"","format":"standard","meta":{"om_disable_all_campaigns":false,"_jetpack_memberships_contains_paid_content":false,"footnotes":""},"categories":[50,101,2],"tags":[197,696,33,19],"class_list":["post-113459","post","type-post","status-publish","format-standard","has-post-thumbnail","hentry","category-destacadas","category-interes-general-locales","category-locales","tag-buenos-aires","tag-interes-general","tag-locales","tag-san-pedro"],"aioseo_notices":[],"gutentor_comment":0,"jetpack_featured_media_url":"https:\/\/eldiariodesanpedro.com.ar\/sitio\/wp-content\/uploads\/2022\/12\/WhatsApp-Image-2022-12-27-at-08.28.32.jpeg","jetpack_shortlink":"https:\/\/wp.me\/p6RhLt-tvZ","jetpack_sharing_enabled":true,"_links":{"self":[{"href":"https:\/\/eldiariodesanpedro.com.ar\/sitio\/wp-json\/wp\/v2\/posts\/113459","targetHints":{"allow":["GET"]}}],"collection":[{"href":"https:\/\/eldiariodesanpedro.com.ar\/sitio\/wp-json\/wp\/v2\/posts"}],"about":[{"href":"https:\/\/eldiariodesanpedro.com.ar\/sitio\/wp-json\/wp\/v2\/types\/post"}],"author":[{"embeddable":true,"href":"https:\/\/eldiariodesanpedro.com.ar\/sitio\/wp-json\/wp\/v2\/users\/4"}],"replies":[{"embeddable":true,"href":"https:\/\/eldiariodesanpedro.com.ar\/sitio\/wp-json\/wp\/v2\/comments?post=113459"}],"version-history":[{"count":1,"href":"https:\/\/eldiariodesanpedro.com.ar\/sitio\/wp-json\/wp\/v2\/posts\/113459\/revisions"}],"predecessor-version":[{"id":113461,"href":"https:\/\/eldiariodesanpedro.com.ar\/sitio\/wp-json\/wp\/v2\/posts\/113459\/revisions\/113461"}],"wp:featuredmedia":[{"embeddable":true,"href":"https:\/\/eldiariodesanpedro.com.ar\/sitio\/wp-json\/wp\/v2\/media\/113460"}],"wp:attachment":[{"href":"https:\/\/eldiariodesanpedro.com.ar\/sitio\/wp-json\/wp\/v2\/media?parent=113459"}],"wp:term":[{"taxonomy":"category","embeddable":true,"href":"https:\/\/eldiariodesanpedro.com.ar\/sitio\/wp-json\/wp\/v2\/categories?post=113459"},{"taxonomy":"post_tag","embeddable":true,"href":"https:\/\/eldiariodesanpedro.com.ar\/sitio\/wp-json\/wp\/v2\/tags?post=113459"}],"curies":[{"name":"wp","href":"https:\/\/api.w.org\/{rel}","templated":true}]}}