{"id":113447,"date":"2022-12-26T17:48:32","date_gmt":"2022-12-26T20:48:32","guid":{"rendered":"https:\/\/eldiariodesanpedro.com.ar\/sitio\/?p=113447"},"modified":"2022-12-26T17:48:33","modified_gmt":"2022-12-26T20:48:33","slug":"abierta-la-inscripcion-a-escuelas-abiertas-de-verano-2023","status":"publish","type":"post","link":"https:\/\/eldiariodesanpedro.com.ar\/sitio\/abierta-la-inscripcion-a-escuelas-abiertas-de-verano-2023\/","title":{"rendered":"Abierta la inscripci\u00f3n a \u00abEscuelas Abiertas de Verano\u00bb 2023"},"content":{"rendered":"<!-- VideographyWP Plugin Message: Automatic video embedding prevented by plugin options. -->\n\n<p>La Municipalidad de San Pedro informa que se encuentra abierta la inscripci\u00f3n al programa \u201cEscuelas Abiertas de Verano\u201d que se desarrollar\u00e1 desde el lunes 2 hasta el viernes 27 de enero, de lunes a viernes en el horario de 8 a 12.<\/p>\n\n\n\n<p>Este programa es impulsado desde la Direcci\u00f3n General de Cultura y Educaci\u00f3n de la Provincia, con el fin de brindar a ni\u00f1os, ni\u00f1as y adolescentes, espacios educativos con el fin de asegurar su recreaci\u00f3n veraniega, ofreciendo la posibilidad de jugar, interactuar, aprender y compartir actividades.<\/p>\n\n\n\n<p>Destinado a ni\u00f1os y ni\u00f1as a partir de los 3 a\u00f1os, las inscripciones se podr\u00e1n realizar a partir de la fecha y continuar\u00e1n abiertas durante el mes de enero en las siguientes sedes: Escuelas Primarias N\u00b0 3, 10, 11, 15 (Vuelta de Obligado), 23 (Pueblo Doyle), 44 (La Tosquera), 45 (Bajo Tala), 47 y Centros de Educaci\u00f3n Complementaria N\u00b0 802, 803 (Gobernador Castro), 804 (R\u00edo Tala), 805 (Santa Luc\u00eda).<\/p>\n\n\n\n<figure class=\"wp-block-image size-full\"><img decoding=\"async\" width=\"630\" height=\"630\" data-attachment-id=\"113449\" data-permalink=\"https:\/\/eldiariodesanpedro.com.ar\/sitio\/abierta-la-inscripcion-a-escuelas-abiertas-de-verano-2023\/whatsapp-image-2022-12-26-at-14-17-40\/\" data-orig-file=\"https:\/\/eldiariodesanpedro.com.ar\/sitio\/wp-content\/uploads\/2022\/12\/WhatsApp-Image-2022-12-26-at-14.17.40.jpeg\" data-orig-size=\"630,630\" data-comments-opened=\"0\" data-image-meta=\"{&quot;aperture&quot;:&quot;0&quot;,&quot;credit&quot;:&quot;&quot;,&quot;camera&quot;:&quot;&quot;,&quot;caption&quot;:&quot;&quot;,&quot;created_timestamp&quot;:&quot;0&quot;,&quot;copyright&quot;:&quot;&quot;,&quot;focal_length&quot;:&quot;0&quot;,&quot;iso&quot;:&quot;0&quot;,&quot;shutter_speed&quot;:&quot;0&quot;,&quot;title&quot;:&quot;&quot;,&quot;orientation&quot;:&quot;0&quot;}\" data-image-title=\"WhatsApp Image 2022-12-26 at 14.17.40\" data-image-description=\"\" data-image-caption=\"\" data-large-file=\"https:\/\/eldiariodesanpedro.com.ar\/sitio\/wp-content\/uploads\/2022\/12\/WhatsApp-Image-2022-12-26-at-14.17.40.jpeg\" data-src=\"https:\/\/eldiariodesanpedro.com.ar\/sitio\/wp-content\/uploads\/2022\/12\/WhatsApp-Image-2022-12-26-at-14.17.40.jpeg\" alt=\"\" class=\"wp-image-113449 lazyload\" data-srcset=\"https:\/\/eldiariodesanpedro.com.ar\/sitio\/wp-content\/uploads\/2022\/12\/WhatsApp-Image-2022-12-26-at-14.17.40.jpeg 630w, https:\/\/eldiariodesanpedro.com.ar\/sitio\/wp-content\/uploads\/2022\/12\/WhatsApp-Image-2022-12-26-at-14.17.40-300x300.jpeg 300w, https:\/\/eldiariodesanpedro.com.ar\/sitio\/wp-content\/uploads\/2022\/12\/WhatsApp-Image-2022-12-26-at-14.17.40-150x150.jpeg 150w\" data-sizes=\"(max-width: 630px) 100vw, 630px\" src=\"data:image\/svg+xml;base64,PHN2ZyB3aWR0aD0iMSIgaGVpZ2h0PSIxIiB4bWxucz0iaHR0cDovL3d3dy53My5vcmcvMjAwMC9zdmciPjwvc3ZnPg==\" style=\"--smush-placeholder-width: 630px; --smush-placeholder-aspect-ratio: 630\/630;\" \/><\/figure>\n","protected":false},"excerpt":{"rendered":"<p>La Municipalidad de San Pedro informa que se encuentra abierta la inscripci\u00f3n al programa \u201cEscuelas Abiertas de Verano\u201d que se desarrollar\u00e1 desde el lunes 2 hasta el viernes 27 de enero, de lunes a viernes en el horario de 8 a 12. Este programa es impulsado desde la Direcci\u00f3n General de Cultura y Educaci\u00f3n de [&hellip;]<\/p>\n","protected":false},"author":4,"featured_media":113448,"comment_status":"closed","ping_status":"closed","sticky":false,"template":"","format":"standard","meta":{"om_disable_all_campaigns":false,"_jetpack_memberships_contains_paid_content":false,"footnotes":""},"categories":[50,101,2],"tags":[197,696,33,19],"class_list":["post-113447","post","type-post","status-publish","format-standard","has-post-thumbnail","hentry","category-destacadas","category-interes-general-locales","category-locales","tag-buenos-aires","tag-interes-general","tag-locales","tag-san-pedro"],"aioseo_notices":[],"gutentor_comment":0,"jetpack_featured_media_url":"https:\/\/eldiariodesanpedro.com.ar\/sitio\/wp-content\/uploads\/2022\/12\/escuelas-verano-cordoba.jpg","jetpack_shortlink":"https:\/\/wp.me\/p6RhLt-tvN","jetpack_sharing_enabled":true,"_links":{"self":[{"href":"https:\/\/eldiariodesanpedro.com.ar\/sitio\/wp-json\/wp\/v2\/posts\/113447","targetHints":{"allow":["GET"]}}],"collection":[{"href":"https:\/\/eldiariodesanpedro.com.ar\/sitio\/wp-json\/wp\/v2\/posts"}],"about":[{"href":"https:\/\/eldiariodesanpedro.com.ar\/sitio\/wp-json\/wp\/v2\/types\/post"}],"author":[{"embeddable":true,"href":"https:\/\/eldiariodesanpedro.com.ar\/sitio\/wp-json\/wp\/v2\/users\/4"}],"replies":[{"embeddable":true,"href":"https:\/\/eldiariodesanpedro.com.ar\/sitio\/wp-json\/wp\/v2\/comments?post=113447"}],"version-history":[{"count":1,"href":"https:\/\/eldiariodesanpedro.com.ar\/sitio\/wp-json\/wp\/v2\/posts\/113447\/revisions"}],"predecessor-version":[{"id":113450,"href":"https:\/\/eldiariodesanpedro.com.ar\/sitio\/wp-json\/wp\/v2\/posts\/113447\/revisions\/113450"}],"wp:featuredmedia":[{"embeddable":true,"href":"https:\/\/eldiariodesanpedro.com.ar\/sitio\/wp-json\/wp\/v2\/media\/113448"}],"wp:attachment":[{"href":"https:\/\/eldiariodesanpedro.com.ar\/sitio\/wp-json\/wp\/v2\/media?parent=113447"}],"wp:term":[{"taxonomy":"category","embeddable":true,"href":"https:\/\/eldiariodesanpedro.com.ar\/sitio\/wp-json\/wp\/v2\/categories?post=113447"},{"taxonomy":"post_tag","embeddable":true,"href":"https:\/\/eldiariodesanpedro.com.ar\/sitio\/wp-json\/wp\/v2\/tags?post=113447"}],"curies":[{"name":"wp","href":"https:\/\/api.w.org\/{rel}","templated":true}]}}