{"id":113442,"date":"2022-12-26T15:10:06","date_gmt":"2022-12-26T18:10:06","guid":{"rendered":"https:\/\/eldiariodesanpedro.com.ar\/sitio\/?p=113442"},"modified":"2022-12-26T15:10:07","modified_gmt":"2022-12-26T18:10:07","slug":"san-pedro-formara-parte-del-programa-municipios-por-la-igualdad","status":"publish","type":"post","link":"https:\/\/eldiariodesanpedro.com.ar\/sitio\/san-pedro-formara-parte-del-programa-municipios-por-la-igualdad\/","title":{"rendered":"San Pedro formar\u00e1 parte del programa municipios por la igualdad"},"content":{"rendered":"<!-- VideographyWP Plugin Message: Automatic video embedding prevented by plugin options. -->\n\n<p>Esta ma\u00f1ana, en el Sal\u00f3n Dorado de Gobernaci\u00f3n de la ciudad de La Plata se llev\u00f3 a cabo la firma de los convenios del programa \u201cMunicipios por la igualdad\u201d a trav\u00e9s de un acto encabezado por el Gobernador, Axel Kicillof junto a la Ministra de las Mujeres, Pol\u00edticas de G\u00e9nero y Diversidad Sexual de la provincia de Buenos Aires, Estela D\u00edaz y la subsecretaria de Pol\u00edticas Transversales de G\u00e9nero, Lidia Fern\u00e1ndez del que participaron en representaci\u00f3n de nuestra ciudad las Secretarias de Turismo y Cultura, Marcela Cu\u00f1er y de Pol\u00edticas de G\u00e9nero, Mujeres y Diversidad, Laura Monfasani.<\/p>\n\n\n\n<p>Con el objetivo de fortalecer y acompa\u00f1ar el dise\u00f1o y ejecuci\u00f3n de proyectos de transversalizaci\u00f3n de la perspectiva de g\u00e9nero en los municipios, a fin de reducir las desigualdades sociales y de g\u00e9nero, el Gobierno bonaerense cre\u00f3 el Programa \u201cMunicipios por la Igualdad\u201d para acompa\u00f1ar econ\u00f3micamente a los municipios de la provincia en el desarrollo de pol\u00edticas integrales en todas las dimensiones de gesti\u00f3n, incluyendo los presupuestos, pol\u00edticas econ\u00f3micas, de infraestructura, sociales, culturales, normativas, entre otras.<\/p>\n\n\n\n<p>San Pedro se encuentra dentro de los 40 municipios que adhirieron al programa en la Provincia de Buenos Aires, a trav\u00e9s de las Secretar\u00edas de Turismo y Cultura y de Pol\u00edticas de G\u00e9nero, Mujeres y Diversidad que articular\u00e1n su implementaci\u00f3n en la Playa de Vuelta de Obligado, trabajando conjuntamente para su transformaci\u00f3n a una playa inclusiva para personas con discapacidad, acondicionada con rampas, carrito de traslados, ba\u00f1os adaptados y se\u00f1alizaci\u00f3n adecuada.<\/p>\n\n\n\n<figure class=\"wp-block-image size-full\"><img decoding=\"async\" width=\"694\" height=\"630\" data-attachment-id=\"113444\" data-permalink=\"https:\/\/eldiariodesanpedro.com.ar\/sitio\/san-pedro-formara-parte-del-programa-municipios-por-la-igualdad\/whatsapp-image-2022-12-26-at-13-01-19\/\" data-orig-file=\"https:\/\/eldiariodesanpedro.com.ar\/sitio\/wp-content\/uploads\/2022\/12\/WhatsApp-Image-2022-12-26-at-13.01.19.jpeg\" data-orig-size=\"694,630\" data-comments-opened=\"0\" data-image-meta=\"{&quot;aperture&quot;:&quot;0&quot;,&quot;credit&quot;:&quot;&quot;,&quot;camera&quot;:&quot;&quot;,&quot;caption&quot;:&quot;&quot;,&quot;created_timestamp&quot;:&quot;0&quot;,&quot;copyright&quot;:&quot;&quot;,&quot;focal_length&quot;:&quot;0&quot;,&quot;iso&quot;:&quot;0&quot;,&quot;shutter_speed&quot;:&quot;0&quot;,&quot;title&quot;:&quot;&quot;,&quot;orientation&quot;:&quot;0&quot;}\" data-image-title=\"WhatsApp Image 2022-12-26 at 13.01.19\" data-image-description=\"\" data-image-caption=\"\" data-large-file=\"https:\/\/eldiariodesanpedro.com.ar\/sitio\/wp-content\/uploads\/2022\/12\/WhatsApp-Image-2022-12-26-at-13.01.19.jpeg\" data-src=\"https:\/\/eldiariodesanpedro.com.ar\/sitio\/wp-content\/uploads\/2022\/12\/WhatsApp-Image-2022-12-26-at-13.01.19.jpeg\" alt=\"\" class=\"wp-image-113444 lazyload\" data-srcset=\"https:\/\/eldiariodesanpedro.com.ar\/sitio\/wp-content\/uploads\/2022\/12\/WhatsApp-Image-2022-12-26-at-13.01.19.jpeg 694w, https:\/\/eldiariodesanpedro.com.ar\/sitio\/wp-content\/uploads\/2022\/12\/WhatsApp-Image-2022-12-26-at-13.01.19-300x272.jpeg 300w\" data-sizes=\"(max-width: 694px) 100vw, 694px\" src=\"data:image\/svg+xml;base64,PHN2ZyB3aWR0aD0iMSIgaGVpZ2h0PSIxIiB4bWxucz0iaHR0cDovL3d3dy53My5vcmcvMjAwMC9zdmciPjwvc3ZnPg==\" style=\"--smush-placeholder-width: 694px; --smush-placeholder-aspect-ratio: 694\/630;\" \/><\/figure>\n\n\n\n<figure class=\"wp-block-image size-full\"><img decoding=\"async\" width=\"602\" height=\"630\" data-attachment-id=\"113445\" data-permalink=\"https:\/\/eldiariodesanpedro.com.ar\/sitio\/san-pedro-formara-parte-del-programa-municipios-por-la-igualdad\/whatsapp-image-2022-12-26-at-13-01-20\/\" data-orig-file=\"https:\/\/eldiariodesanpedro.com.ar\/sitio\/wp-content\/uploads\/2022\/12\/WhatsApp-Image-2022-12-26-at-13.01.20.jpeg\" data-orig-size=\"602,630\" data-comments-opened=\"0\" data-image-meta=\"{&quot;aperture&quot;:&quot;0&quot;,&quot;credit&quot;:&quot;&quot;,&quot;camera&quot;:&quot;&quot;,&quot;caption&quot;:&quot;&quot;,&quot;created_timestamp&quot;:&quot;0&quot;,&quot;copyright&quot;:&quot;&quot;,&quot;focal_length&quot;:&quot;0&quot;,&quot;iso&quot;:&quot;0&quot;,&quot;shutter_speed&quot;:&quot;0&quot;,&quot;title&quot;:&quot;&quot;,&quot;orientation&quot;:&quot;0&quot;}\" data-image-title=\"WhatsApp Image 2022-12-26 at 13.01.20\" data-image-description=\"\" data-image-caption=\"\" data-large-file=\"https:\/\/eldiariodesanpedro.com.ar\/sitio\/wp-content\/uploads\/2022\/12\/WhatsApp-Image-2022-12-26-at-13.01.20.jpeg\" data-src=\"https:\/\/eldiariodesanpedro.com.ar\/sitio\/wp-content\/uploads\/2022\/12\/WhatsApp-Image-2022-12-26-at-13.01.20.jpeg\" alt=\"\" class=\"wp-image-113445 lazyload\" data-srcset=\"https:\/\/eldiariodesanpedro.com.ar\/sitio\/wp-content\/uploads\/2022\/12\/WhatsApp-Image-2022-12-26-at-13.01.20.jpeg 602w, https:\/\/eldiariodesanpedro.com.ar\/sitio\/wp-content\/uploads\/2022\/12\/WhatsApp-Image-2022-12-26-at-13.01.20-287x300.jpeg 287w\" data-sizes=\"(max-width: 602px) 100vw, 602px\" src=\"data:image\/svg+xml;base64,PHN2ZyB3aWR0aD0iMSIgaGVpZ2h0PSIxIiB4bWxucz0iaHR0cDovL3d3dy53My5vcmcvMjAwMC9zdmciPjwvc3ZnPg==\" style=\"--smush-placeholder-width: 602px; --smush-placeholder-aspect-ratio: 602\/630;\" \/><\/figure>\n","protected":false},"excerpt":{"rendered":"<p>Esta ma\u00f1ana, en el Sal\u00f3n Dorado de Gobernaci\u00f3n de la ciudad de La Plata se llev\u00f3 a cabo la firma de los convenios del programa \u201cMunicipios por la igualdad\u201d a trav\u00e9s de un acto encabezado por el Gobernador, Axel Kicillof junto a la Ministra de las Mujeres, Pol\u00edticas de G\u00e9nero y Diversidad Sexual de la [&hellip;]<\/p>\n","protected":false},"author":4,"featured_media":113443,"comment_status":"closed","ping_status":"closed","sticky":false,"template":"","format":"standard","meta":{"om_disable_all_campaigns":false,"_jetpack_memberships_contains_paid_content":false,"footnotes":""},"categories":[50,101,2],"tags":[197,696,33,19],"class_list":["post-113442","post","type-post","status-publish","format-standard","has-post-thumbnail","hentry","category-destacadas","category-interes-general-locales","category-locales","tag-buenos-aires","tag-interes-general","tag-locales","tag-san-pedro"],"aioseo_notices":[],"gutentor_comment":0,"jetpack_featured_media_url":"https:\/\/eldiariodesanpedro.com.ar\/sitio\/wp-content\/uploads\/2022\/12\/WhatsApp-Image-2022-12-26-at-13.01.19-1.jpeg","jetpack_shortlink":"https:\/\/wp.me\/p6RhLt-tvI","jetpack_sharing_enabled":true,"_links":{"self":[{"href":"https:\/\/eldiariodesanpedro.com.ar\/sitio\/wp-json\/wp\/v2\/posts\/113442","targetHints":{"allow":["GET"]}}],"collection":[{"href":"https:\/\/eldiariodesanpedro.com.ar\/sitio\/wp-json\/wp\/v2\/posts"}],"about":[{"href":"https:\/\/eldiariodesanpedro.com.ar\/sitio\/wp-json\/wp\/v2\/types\/post"}],"author":[{"embeddable":true,"href":"https:\/\/eldiariodesanpedro.com.ar\/sitio\/wp-json\/wp\/v2\/users\/4"}],"replies":[{"embeddable":true,"href":"https:\/\/eldiariodesanpedro.com.ar\/sitio\/wp-json\/wp\/v2\/comments?post=113442"}],"version-history":[{"count":1,"href":"https:\/\/eldiariodesanpedro.com.ar\/sitio\/wp-json\/wp\/v2\/posts\/113442\/revisions"}],"predecessor-version":[{"id":113446,"href":"https:\/\/eldiariodesanpedro.com.ar\/sitio\/wp-json\/wp\/v2\/posts\/113442\/revisions\/113446"}],"wp:featuredmedia":[{"embeddable":true,"href":"https:\/\/eldiariodesanpedro.com.ar\/sitio\/wp-json\/wp\/v2\/media\/113443"}],"wp:attachment":[{"href":"https:\/\/eldiariodesanpedro.com.ar\/sitio\/wp-json\/wp\/v2\/media?parent=113442"}],"wp:term":[{"taxonomy":"category","embeddable":true,"href":"https:\/\/eldiariodesanpedro.com.ar\/sitio\/wp-json\/wp\/v2\/categories?post=113442"},{"taxonomy":"post_tag","embeddable":true,"href":"https:\/\/eldiariodesanpedro.com.ar\/sitio\/wp-json\/wp\/v2\/tags?post=113442"}],"curies":[{"name":"wp","href":"https:\/\/api.w.org\/{rel}","templated":true}]}}