{"id":113424,"date":"2022-12-26T10:33:08","date_gmt":"2022-12-26T13:33:08","guid":{"rendered":"https:\/\/eldiariodesanpedro.com.ar\/sitio\/?p=113424"},"modified":"2022-12-26T10:33:09","modified_gmt":"2022-12-26T13:33:09","slug":"la-radio-de-san-pedro-celebro-90-anos","status":"publish","type":"post","link":"https:\/\/eldiariodesanpedro.com.ar\/sitio\/la-radio-de-san-pedro-celebro-90-anos\/","title":{"rendered":"La radio de San Pedro celebr\u00f3 90 a\u00f1os"},"content":{"rendered":"<!-- VideographyWP Plugin Message: Automatic video embedding prevented by plugin options. -->\n\n<p>Un programa especial transmitido en vivo desde el Centro Cultural Abelardo Castillo fue el n\u00facleo de la celebraci\u00f3n de los 90 a\u00f1os \u201cAPA Radio San Pedro\u201d, con la participaci\u00f3n de vecinos y vecinas de nuestra ciudad que han trabajado o trabajan en este medio de comunicaci\u00f3n que fue pionero de la radiodifusi\u00f3n nacional.<\/p>\n\n\n\n<p>Durante m\u00e1s de dos horas, se recorrieron an\u00e9cdotas, saludos e historias que se remontan al origen de la propaladora que se fund\u00f3 el 22 de diciembre en 1932, y que luego de varias d\u00e9cadas por circuito cerrado, deriv\u00f3 en la primera estaci\u00f3n de Frecuencia Modulada de San Pedro.<\/p>\n\n\n\n<p>Hubo reconocimientos para familiares de Jacobo Lev\u00edn (fundador de la propaladora) y H\u00e9ctor su hijo que continu\u00f3 con la actividad, Jos\u00e9 Agust\u00edn \u00abPepe\u00bb Benseny y An\u00edbal \u00abBocha\u00bb Juan Bennazar, propietarios del per\u00edodo m\u00e1s relevante de APA.<\/p>\n\n\n\n<p>Adem\u00e1s el Intendente Ram\u00f3n Salazar entreg\u00f3 una plaqueta recordatoria a Hern\u00e1n Arrieta, actual propietario de la radio y a Oscar Abeledo, conductor hist\u00f3rico de la emisora que contin\u00faa al aire desde hace m\u00e1s de 40 a\u00f1os.<\/p>\n\n\n\n<p>En representaci\u00f3n del Concejo Deliberante, Rita Leguizam\u00f3n, Candelaria Cuscuela y Lucas Pisani entregaron adem\u00e1s una copia de la Declaraci\u00f3n de Inter\u00e9s Municipal de este 90\u00b0 aniversario.<\/p>\n\n\n\n<p>Locutores, operadores, periodistas y colaboradores de todas las \u00e9pocas estuvieron presentes a trav\u00e9s de mensajes y testimonios, y durante las casi tres horas de transmisi\u00f3n se encontraron y reencontraron decenas de protagonistas de \u00abla radio sampedrina\u00bb.<\/p>\n\n\n\n<figure class=\"wp-block-image size-full\"><img decoding=\"async\" width=\"945\" height=\"630\" data-attachment-id=\"113430\" data-permalink=\"https:\/\/eldiariodesanpedro.com.ar\/sitio\/la-radio-de-san-pedro-celebro-90-anos\/whatsapp-image-2022-12-23-at-13-35-30-1\/\" data-orig-file=\"https:\/\/eldiariodesanpedro.com.ar\/sitio\/wp-content\/uploads\/2022\/12\/WhatsApp-Image-2022-12-23-at-13.35.30-1.jpeg\" data-orig-size=\"945,630\" data-comments-opened=\"0\" data-image-meta=\"{&quot;aperture&quot;:&quot;0&quot;,&quot;credit&quot;:&quot;&quot;,&quot;camera&quot;:&quot;&quot;,&quot;caption&quot;:&quot;&quot;,&quot;created_timestamp&quot;:&quot;0&quot;,&quot;copyright&quot;:&quot;&quot;,&quot;focal_length&quot;:&quot;0&quot;,&quot;iso&quot;:&quot;0&quot;,&quot;shutter_speed&quot;:&quot;0&quot;,&quot;title&quot;:&quot;&quot;,&quot;orientation&quot;:&quot;0&quot;}\" data-image-title=\"WhatsApp Image 2022-12-23 at 13.35.30 (1)\" data-image-description=\"\" data-image-caption=\"\" data-large-file=\"https:\/\/eldiariodesanpedro.com.ar\/sitio\/wp-content\/uploads\/2022\/12\/WhatsApp-Image-2022-12-23-at-13.35.30-1.jpeg\" data-src=\"https:\/\/eldiariodesanpedro.com.ar\/sitio\/wp-content\/uploads\/2022\/12\/WhatsApp-Image-2022-12-23-at-13.35.30-1.jpeg\" alt=\"\" class=\"wp-image-113430 lazyload\" data-srcset=\"https:\/\/eldiariodesanpedro.com.ar\/sitio\/wp-content\/uploads\/2022\/12\/WhatsApp-Image-2022-12-23-at-13.35.30-1.jpeg 945w, https:\/\/eldiariodesanpedro.com.ar\/sitio\/wp-content\/uploads\/2022\/12\/WhatsApp-Image-2022-12-23-at-13.35.30-1-300x200.jpeg 300w, https:\/\/eldiariodesanpedro.com.ar\/sitio\/wp-content\/uploads\/2022\/12\/WhatsApp-Image-2022-12-23-at-13.35.30-1-768x512.jpeg 768w\" data-sizes=\"(max-width: 945px) 100vw, 945px\" src=\"data:image\/svg+xml;base64,PHN2ZyB3aWR0aD0iMSIgaGVpZ2h0PSIxIiB4bWxucz0iaHR0cDovL3d3dy53My5vcmcvMjAwMC9zdmciPjwvc3ZnPg==\" style=\"--smush-placeholder-width: 945px; --smush-placeholder-aspect-ratio: 945\/630;\" \/><\/figure>\n\n\n\n<figure class=\"wp-block-image size-full\"><img decoding=\"async\" width=\"945\" height=\"630\" data-attachment-id=\"113429\" data-permalink=\"https:\/\/eldiariodesanpedro.com.ar\/sitio\/la-radio-de-san-pedro-celebro-90-anos\/whatsapp-image-2022-12-23-at-13-35-30\/\" data-orig-file=\"https:\/\/eldiariodesanpedro.com.ar\/sitio\/wp-content\/uploads\/2022\/12\/WhatsApp-Image-2022-12-23-at-13.35.30.jpeg\" data-orig-size=\"945,630\" data-comments-opened=\"0\" data-image-meta=\"{&quot;aperture&quot;:&quot;0&quot;,&quot;credit&quot;:&quot;&quot;,&quot;camera&quot;:&quot;&quot;,&quot;caption&quot;:&quot;&quot;,&quot;created_timestamp&quot;:&quot;0&quot;,&quot;copyright&quot;:&quot;&quot;,&quot;focal_length&quot;:&quot;0&quot;,&quot;iso&quot;:&quot;0&quot;,&quot;shutter_speed&quot;:&quot;0&quot;,&quot;title&quot;:&quot;&quot;,&quot;orientation&quot;:&quot;0&quot;}\" data-image-title=\"WhatsApp Image 2022-12-23 at 13.35.30\" data-image-description=\"\" data-image-caption=\"\" data-large-file=\"https:\/\/eldiariodesanpedro.com.ar\/sitio\/wp-content\/uploads\/2022\/12\/WhatsApp-Image-2022-12-23-at-13.35.30.jpeg\" data-src=\"https:\/\/eldiariodesanpedro.com.ar\/sitio\/wp-content\/uploads\/2022\/12\/WhatsApp-Image-2022-12-23-at-13.35.30.jpeg\" alt=\"\" class=\"wp-image-113429 lazyload\" data-srcset=\"https:\/\/eldiariodesanpedro.com.ar\/sitio\/wp-content\/uploads\/2022\/12\/WhatsApp-Image-2022-12-23-at-13.35.30.jpeg 945w, https:\/\/eldiariodesanpedro.com.ar\/sitio\/wp-content\/uploads\/2022\/12\/WhatsApp-Image-2022-12-23-at-13.35.30-300x200.jpeg 300w, https:\/\/eldiariodesanpedro.com.ar\/sitio\/wp-content\/uploads\/2022\/12\/WhatsApp-Image-2022-12-23-at-13.35.30-768x512.jpeg 768w\" data-sizes=\"(max-width: 945px) 100vw, 945px\" src=\"data:image\/svg+xml;base64,PHN2ZyB3aWR0aD0iMSIgaGVpZ2h0PSIxIiB4bWxucz0iaHR0cDovL3d3dy53My5vcmcvMjAwMC9zdmciPjwvc3ZnPg==\" style=\"--smush-placeholder-width: 945px; --smush-placeholder-aspect-ratio: 945\/630;\" \/><\/figure>\n\n\n\n<figure class=\"wp-block-image size-full\"><img decoding=\"async\" width=\"945\" height=\"630\" data-attachment-id=\"113426\" data-permalink=\"https:\/\/eldiariodesanpedro.com.ar\/sitio\/la-radio-de-san-pedro-celebro-90-anos\/whatsapp-image-2022-12-23-at-13-35-18\/\" data-orig-file=\"https:\/\/eldiariodesanpedro.com.ar\/sitio\/wp-content\/uploads\/2022\/12\/WhatsApp-Image-2022-12-23-at-13.35.18.jpeg\" data-orig-size=\"945,630\" data-comments-opened=\"0\" data-image-meta=\"{&quot;aperture&quot;:&quot;0&quot;,&quot;credit&quot;:&quot;&quot;,&quot;camera&quot;:&quot;&quot;,&quot;caption&quot;:&quot;&quot;,&quot;created_timestamp&quot;:&quot;0&quot;,&quot;copyright&quot;:&quot;&quot;,&quot;focal_length&quot;:&quot;0&quot;,&quot;iso&quot;:&quot;0&quot;,&quot;shutter_speed&quot;:&quot;0&quot;,&quot;title&quot;:&quot;&quot;,&quot;orientation&quot;:&quot;0&quot;}\" data-image-title=\"WhatsApp Image 2022-12-23 at 13.35.18\" data-image-description=\"\" data-image-caption=\"\" data-large-file=\"https:\/\/eldiariodesanpedro.com.ar\/sitio\/wp-content\/uploads\/2022\/12\/WhatsApp-Image-2022-12-23-at-13.35.18.jpeg\" data-src=\"https:\/\/eldiariodesanpedro.com.ar\/sitio\/wp-content\/uploads\/2022\/12\/WhatsApp-Image-2022-12-23-at-13.35.18.jpeg\" alt=\"\" class=\"wp-image-113426 lazyload\" data-srcset=\"https:\/\/eldiariodesanpedro.com.ar\/sitio\/wp-content\/uploads\/2022\/12\/WhatsApp-Image-2022-12-23-at-13.35.18.jpeg 945w, https:\/\/eldiariodesanpedro.com.ar\/sitio\/wp-content\/uploads\/2022\/12\/WhatsApp-Image-2022-12-23-at-13.35.18-300x200.jpeg 300w, https:\/\/eldiariodesanpedro.com.ar\/sitio\/wp-content\/uploads\/2022\/12\/WhatsApp-Image-2022-12-23-at-13.35.18-768x512.jpeg 768w\" data-sizes=\"(max-width: 945px) 100vw, 945px\" src=\"data:image\/svg+xml;base64,PHN2ZyB3aWR0aD0iMSIgaGVpZ2h0PSIxIiB4bWxucz0iaHR0cDovL3d3dy53My5vcmcvMjAwMC9zdmciPjwvc3ZnPg==\" style=\"--smush-placeholder-width: 945px; --smush-placeholder-aspect-ratio: 945\/630;\" \/><\/figure>\n","protected":false},"excerpt":{"rendered":"<p>Un programa especial transmitido en vivo desde el Centro Cultural Abelardo Castillo fue el n\u00facleo de la celebraci\u00f3n de los 90 a\u00f1os \u201cAPA Radio San Pedro\u201d, con la participaci\u00f3n de vecinos y vecinas de nuestra ciudad que han trabajado o trabajan en este medio de comunicaci\u00f3n que fue pionero de la radiodifusi\u00f3n nacional. Durante m\u00e1s [&hellip;]<\/p>\n","protected":false},"author":4,"featured_media":113425,"comment_status":"closed","ping_status":"closed","sticky":false,"template":"","format":"standard","meta":{"om_disable_all_campaigns":false,"_jetpack_memberships_contains_paid_content":false,"footnotes":""},"categories":[50,101,2],"tags":[197,696,33,19],"class_list":["post-113424","post","type-post","status-publish","format-standard","has-post-thumbnail","hentry","category-destacadas","category-interes-general-locales","category-locales","tag-buenos-aires","tag-interes-general","tag-locales","tag-san-pedro"],"aioseo_notices":[],"gutentor_comment":0,"jetpack_featured_media_url":"https:\/\/eldiariodesanpedro.com.ar\/sitio\/wp-content\/uploads\/2022\/12\/WhatsApp-Image-2022-12-23-at-13.35.17.jpeg","jetpack_shortlink":"https:\/\/wp.me\/p6RhLt-tvq","jetpack_sharing_enabled":true,"_links":{"self":[{"href":"https:\/\/eldiariodesanpedro.com.ar\/sitio\/wp-json\/wp\/v2\/posts\/113424","targetHints":{"allow":["GET"]}}],"collection":[{"href":"https:\/\/eldiariodesanpedro.com.ar\/sitio\/wp-json\/wp\/v2\/posts"}],"about":[{"href":"https:\/\/eldiariodesanpedro.com.ar\/sitio\/wp-json\/wp\/v2\/types\/post"}],"author":[{"embeddable":true,"href":"https:\/\/eldiariodesanpedro.com.ar\/sitio\/wp-json\/wp\/v2\/users\/4"}],"replies":[{"embeddable":true,"href":"https:\/\/eldiariodesanpedro.com.ar\/sitio\/wp-json\/wp\/v2\/comments?post=113424"}],"version-history":[{"count":1,"href":"https:\/\/eldiariodesanpedro.com.ar\/sitio\/wp-json\/wp\/v2\/posts\/113424\/revisions"}],"predecessor-version":[{"id":113432,"href":"https:\/\/eldiariodesanpedro.com.ar\/sitio\/wp-json\/wp\/v2\/posts\/113424\/revisions\/113432"}],"wp:featuredmedia":[{"embeddable":true,"href":"https:\/\/eldiariodesanpedro.com.ar\/sitio\/wp-json\/wp\/v2\/media\/113425"}],"wp:attachment":[{"href":"https:\/\/eldiariodesanpedro.com.ar\/sitio\/wp-json\/wp\/v2\/media?parent=113424"}],"wp:term":[{"taxonomy":"category","embeddable":true,"href":"https:\/\/eldiariodesanpedro.com.ar\/sitio\/wp-json\/wp\/v2\/categories?post=113424"},{"taxonomy":"post_tag","embeddable":true,"href":"https:\/\/eldiariodesanpedro.com.ar\/sitio\/wp-json\/wp\/v2\/tags?post=113424"}],"curies":[{"name":"wp","href":"https:\/\/api.w.org\/{rel}","templated":true}]}}