{"id":113415,"date":"2022-12-26T10:02:46","date_gmt":"2022-12-26T13:02:46","guid":{"rendered":"https:\/\/eldiariodesanpedro.com.ar\/sitio\/?p=113415"},"modified":"2022-12-26T10:02:47","modified_gmt":"2022-12-26T13:02:47","slug":"calendario-de-pagos-de-anses-para-el-mes-de-enero","status":"publish","type":"post","link":"https:\/\/eldiariodesanpedro.com.ar\/sitio\/calendario-de-pagos-de-anses-para-el-mes-de-enero\/","title":{"rendered":"Calendario de pagos de Anses para el mes de Enero"},"content":{"rendered":"<!-- VideographyWP Plugin Message: Automatic video embedding prevented by plugin options. -->\n\n<p>ANSES comunica los calendarios de pagos de enero para jubiladas, jubilados, pensionadas, pensionados, Pensiones No Contributivas y titulares de la Asignaci\u00f3n Universal por Hijo, Asignaci\u00f3n por Embarazo, Asignaciones Familiares, de Pago \u00danico (Matrimonio, Nacimiento y Adopci\u00f3n) y Prestaci\u00f3n por Desempleo.<\/p>\n\n\n\n<p>Jubilaciones y pensiones que no superen un haber m\u00ednimo<br>\u00b7 DNI terminados en 0: 10 de enero<br>\u00b7 DNI terminados en 1: 11 de enero<br>\u00b7 DNI terminados en 2: 12 de enero<br>\u00b7 DNI terminados en 3: 13 de enero<br>\u00b7 DNI terminados en 4: 16 de enero<br>\u00b7 DNI terminados en 5: 17 de enero<br>\u00b7 DNI terminados en 6: 18 de enero<br>\u00b7 DNI terminados en 7: 19 de enero<br>\u00b7 DNI terminados en 8: 20 de enero<br>\u00b7 DNI terminados en 9: 23 de enero<\/p>\n\n\n\n<p>Jubilaciones y pensiones que superen un haber m\u00ednimo<br>\u00b7 DNI terminados en 0 y 1: 24 de enero<br>\u00b7 DNI terminados en 2 y 3: 25 de enero<br>\u00b7 DNI terminados en 4 y 5: 26 de enero<br>\u00b7 DNI terminados en 6 y 7: 27 de enero<br>\u00b7 DNI terminados en 8 y 9: 30 de enero<\/p>\n\n\n\n<p>Asignaci\u00f3n Universal por Hijo y Asignaci\u00f3n Familiar por Hijo<br>\u00b7 DNI terminados en 0: 10 de enero<br>\u00b7 DNI terminados en 1: 11 de enero<br>\u00b7 DNI terminados en 2: 12 de enero<br>\u00b7 DNI terminados en 3: 13 de enero<br>\u00b7 DNI terminados en 4: 16 de enero<br>\u00b7 DNI terminados en 5: 17 de enero<br>\u00b7 DNI terminados en 6: 18 de enero<br>\u00b7 DNI terminados en 7: 19 de enero<br>\u00b7 DNI terminados en 8: 20 de enero<br>\u00b7 DNI terminados en 9: 23 de enero<\/p>\n\n\n\n<p>Asignaci\u00f3n por Embarazo<br>\u00b7 DNI terminados en 0: 11 de enero<br>\u00b7 DNI terminados en 1: 12 de enero<br>\u00b7 DNI terminados en 2: 13 de enero<br>\u00b7 DNI terminados en 3: 16 de enero<br>\u00b7 DNI terminados en 4: 17 de enero<br>\u00b7 DNI terminados en 5: 18 de enero<br>\u00b7 DNI terminados en 6: 19 de enero<br>\u00b7 DNI terminados en 7: 20 de enero<br>\u00b7 DNI terminados en 8: 23 de enero<br>\u00b7 DNI terminados en 9: 24 de enero<\/p>\n\n\n\n<p>Asignaci\u00f3n por Prenatal y Maternidad<br>\u00b7 DNI terminados en 0 y 1: 10 de enero<br>\u00b7 DNI terminados en 2 y 3: 11 de enero<br>\u00b7 DNI terminados en 4 y 5: 12 de enero<br>\u00b7 DNI terminados en 6 y 7: 13 de enero<br>\u00b7 DNI terminados en 8 y 9: 16 de enero<\/p>\n\n\n\n<p>Asignaciones Pago \u00danico<br>\u00b7 Todas las terminaciones de documentos: 5 de enero al 10 de febrero<\/p>\n\n\n\n<p>Pensiones No Contributivas<br>\u00b7 DNI terminados en 0 y 1: 3 de enero<br>\u00b7 DNI terminados en 2 y 3: 4 de enero<br>\u00b7 DNI terminados en 4 y 5: 5 de enero<br>\u00b7 DNI terminados en 6 y 7: 6 de enero<br>\u00b7 DNI terminados en 8 y 9: 9 de enero<\/p>\n\n\n\n<p>Asignaciones Familiares de Pensiones No Contributivas<br>\u00b7 Todas las terminaciones de documentos: 10 de enero al 10 de febrero<\/p>\n\n\n\n<p>Desempleo<br>\u00b7 DNI terminados en 0 y 1: 23 de enero<br>\u00b7 DNI terminados en 2 y 3: 24 de enero<br>\u00b7 DNI terminados en 4 y 5: 25 de enero<br>\u00b7 DNI terminados en 6 y 7: 26 de enero<br>\u00b7 DNI terminados en 8 y 9: 27 de enero<\/p>\n","protected":false},"excerpt":{"rendered":"<p>ANSES comunica los calendarios de pagos de enero para jubiladas, jubilados, pensionadas, pensionados, Pensiones No Contributivas y titulares de la Asignaci\u00f3n Universal por Hijo, Asignaci\u00f3n por Embarazo, Asignaciones Familiares, de Pago \u00danico (Matrimonio, Nacimiento y Adopci\u00f3n) y Prestaci\u00f3n por Desempleo. Jubilaciones y pensiones que no superen un haber m\u00ednimo\u00b7 DNI terminados en 0: 10 de [&hellip;]<\/p>\n","protected":false},"author":4,"featured_media":111293,"comment_status":"closed","ping_status":"closed","sticky":false,"template":"","format":"standard","meta":{"om_disable_all_campaigns":false,"_jetpack_memberships_contains_paid_content":false,"footnotes":""},"categories":[101,2],"tags":[197,696,33,19],"class_list":["post-113415","post","type-post","status-publish","format-standard","has-post-thumbnail","hentry","category-interes-general-locales","category-locales","tag-buenos-aires","tag-interes-general","tag-locales","tag-san-pedro"],"aioseo_notices":[],"gutentor_comment":0,"jetpack_featured_media_url":"https:\/\/eldiariodesanpedro.com.ar\/sitio\/wp-content\/uploads\/2022\/10\/anses.png","jetpack_shortlink":"https:\/\/wp.me\/p6RhLt-tvh","jetpack_sharing_enabled":true,"_links":{"self":[{"href":"https:\/\/eldiariodesanpedro.com.ar\/sitio\/wp-json\/wp\/v2\/posts\/113415","targetHints":{"allow":["GET"]}}],"collection":[{"href":"https:\/\/eldiariodesanpedro.com.ar\/sitio\/wp-json\/wp\/v2\/posts"}],"about":[{"href":"https:\/\/eldiariodesanpedro.com.ar\/sitio\/wp-json\/wp\/v2\/types\/post"}],"author":[{"embeddable":true,"href":"https:\/\/eldiariodesanpedro.com.ar\/sitio\/wp-json\/wp\/v2\/users\/4"}],"replies":[{"embeddable":true,"href":"https:\/\/eldiariodesanpedro.com.ar\/sitio\/wp-json\/wp\/v2\/comments?post=113415"}],"version-history":[{"count":1,"href":"https:\/\/eldiariodesanpedro.com.ar\/sitio\/wp-json\/wp\/v2\/posts\/113415\/revisions"}],"predecessor-version":[{"id":113417,"href":"https:\/\/eldiariodesanpedro.com.ar\/sitio\/wp-json\/wp\/v2\/posts\/113415\/revisions\/113417"}],"wp:featuredmedia":[{"embeddable":true,"href":"https:\/\/eldiariodesanpedro.com.ar\/sitio\/wp-json\/wp\/v2\/media\/111293"}],"wp:attachment":[{"href":"https:\/\/eldiariodesanpedro.com.ar\/sitio\/wp-json\/wp\/v2\/media?parent=113415"}],"wp:term":[{"taxonomy":"category","embeddable":true,"href":"https:\/\/eldiariodesanpedro.com.ar\/sitio\/wp-json\/wp\/v2\/categories?post=113415"},{"taxonomy":"post_tag","embeddable":true,"href":"https:\/\/eldiariodesanpedro.com.ar\/sitio\/wp-json\/wp\/v2\/tags?post=113415"}],"curies":[{"name":"wp","href":"https:\/\/api.w.org\/{rel}","templated":true}]}}