{"id":113405,"date":"2022-12-22T16:37:43","date_gmt":"2022-12-22T19:37:43","guid":{"rendered":"https:\/\/eldiariodesanpedro.com.ar\/sitio\/?p=113405"},"modified":"2022-12-22T16:37:44","modified_gmt":"2022-12-22T19:37:44","slug":"jose-voytenco-gano-las-elecciones-en-la-uatre","status":"publish","type":"post","link":"https:\/\/eldiariodesanpedro.com.ar\/sitio\/jose-voytenco-gano-las-elecciones-en-la-uatre\/","title":{"rendered":"Jos\u00e9 Voytenco gan\u00f3 las elecciones en la UATRE"},"content":{"rendered":"<!-- VideographyWP Plugin Message: Automatic video embedding prevented by plugin options. -->\n\n<p>El dirigente Jos\u00e9 Voytenco fue reelecto en el congreso de UATRE desarrollado en Bah\u00eda Blanca. Le permitir\u00e1 liderar el sector por un per\u00edodo de cuatro a\u00f1os, hasta diciembre de 2026. El sampedrino Cecilio Salazar tambi\u00e9n particip\u00f3 acompa\u00f1ado al oficialismo.<\/p>\n\n\n\n<p>La Uni\u00f3n Argentina de Trabajadores Rurales y Estibadores (UATRE) llev\u00f3 a cabo el Congreso Nacional en Bah\u00eda Blanca, con la presencia del Secretariado Nacional y delegados congresales de todo el pa\u00eds donde se votaron las autoridades de UATRE para los pr\u00f3ximos cuatro a\u00f1os.<\/p>\n\n\n\n<p>Los delegados congresales respaldaron la gesti\u00f3n de Jos\u00e9 Voytenco al frente de la UATRE por un periodo de 4 a\u00f1os, desde 21 de diciembre de 2022 al 20 de diciembre de 2026.<\/p>\n\n\n\n<p>La lista encabezada por Voytenco derrot\u00f3 a la de Pablo Ansaloni, el dirigente disidente del gremio de los estibadores rurales por una diferencia de 8 votos.<\/p>\n\n\n\n<p>Participaron 590 delegados congresales que estaban en condiciones de votar.<\/p>\n\n\n\n<p>El encuentro cont\u00f3 con las garant\u00edas del delegado electoral judicial designado por la Justicia Federal, N\u00e9stor Horacio Acu\u00f1a, veedores del Ministerio de Trabajo, Empleo y Seguridad Social de la Naci\u00f3n, Daniel Luna y Agust\u00edn Edmuns y la directora de nacional de Asociaciones Sindicales, Dra. M\u00f3nica Flora Rissotto.<\/p>\n","protected":false},"excerpt":{"rendered":"<p>El dirigente Jos\u00e9 Voytenco fue reelecto en el congreso de UATRE desarrollado en Bah\u00eda Blanca. Le permitir\u00e1 liderar el sector por un per\u00edodo de cuatro a\u00f1os, hasta diciembre de 2026. El sampedrino Cecilio Salazar tambi\u00e9n particip\u00f3 acompa\u00f1ado al oficialismo. La Uni\u00f3n Argentina de Trabajadores Rurales y Estibadores (UATRE) llev\u00f3 a cabo el Congreso Nacional en [&hellip;]<\/p>\n","protected":false},"author":4,"featured_media":113406,"comment_status":"closed","ping_status":"closed","sticky":false,"template":"","format":"standard","meta":{"om_disable_all_campaigns":false,"_jetpack_memberships_contains_paid_content":false,"footnotes":""},"categories":[50,101,2],"tags":[197,696,33,19],"class_list":["post-113405","post","type-post","status-publish","format-standard","has-post-thumbnail","hentry","category-destacadas","category-interes-general-locales","category-locales","tag-buenos-aires","tag-interes-general","tag-locales","tag-san-pedro"],"aioseo_notices":[],"gutentor_comment":0,"jetpack_featured_media_url":"https:\/\/eldiariodesanpedro.com.ar\/sitio\/wp-content\/uploads\/2022\/12\/0000021489-resized-1920x1080-1.jpg","jetpack_shortlink":"https:\/\/wp.me\/p6RhLt-tv7","jetpack_sharing_enabled":true,"_links":{"self":[{"href":"https:\/\/eldiariodesanpedro.com.ar\/sitio\/wp-json\/wp\/v2\/posts\/113405","targetHints":{"allow":["GET"]}}],"collection":[{"href":"https:\/\/eldiariodesanpedro.com.ar\/sitio\/wp-json\/wp\/v2\/posts"}],"about":[{"href":"https:\/\/eldiariodesanpedro.com.ar\/sitio\/wp-json\/wp\/v2\/types\/post"}],"author":[{"embeddable":true,"href":"https:\/\/eldiariodesanpedro.com.ar\/sitio\/wp-json\/wp\/v2\/users\/4"}],"replies":[{"embeddable":true,"href":"https:\/\/eldiariodesanpedro.com.ar\/sitio\/wp-json\/wp\/v2\/comments?post=113405"}],"version-history":[{"count":1,"href":"https:\/\/eldiariodesanpedro.com.ar\/sitio\/wp-json\/wp\/v2\/posts\/113405\/revisions"}],"predecessor-version":[{"id":113407,"href":"https:\/\/eldiariodesanpedro.com.ar\/sitio\/wp-json\/wp\/v2\/posts\/113405\/revisions\/113407"}],"wp:featuredmedia":[{"embeddable":true,"href":"https:\/\/eldiariodesanpedro.com.ar\/sitio\/wp-json\/wp\/v2\/media\/113406"}],"wp:attachment":[{"href":"https:\/\/eldiariodesanpedro.com.ar\/sitio\/wp-json\/wp\/v2\/media?parent=113405"}],"wp:term":[{"taxonomy":"category","embeddable":true,"href":"https:\/\/eldiariodesanpedro.com.ar\/sitio\/wp-json\/wp\/v2\/categories?post=113405"},{"taxonomy":"post_tag","embeddable":true,"href":"https:\/\/eldiariodesanpedro.com.ar\/sitio\/wp-json\/wp\/v2\/tags?post=113405"}],"curies":[{"name":"wp","href":"https:\/\/api.w.org\/{rel}","templated":true}]}}