{"id":113402,"date":"2022-12-22T16:33:38","date_gmt":"2022-12-22T19:33:38","guid":{"rendered":"https:\/\/eldiariodesanpedro.com.ar\/sitio\/?p=113402"},"modified":"2022-12-22T16:33:39","modified_gmt":"2022-12-22T19:33:39","slug":"martin-cardozo-fue-un-honor-que-messi-haya-elegido-entre-tantas-canciones-la-de-la-mosca","status":"publish","type":"post","link":"https:\/\/eldiariodesanpedro.com.ar\/sitio\/martin-cardozo-fue-un-honor-que-messi-haya-elegido-entre-tantas-canciones-la-de-la-mosca\/","title":{"rendered":"Mart\u00edn Cardozo: \u201cFue un honor que Messi haya elegido entre tantas canciones la de La Mosca\u201d"},"content":{"rendered":"<!-- VideographyWP Plugin Message: Automatic video embedding prevented by plugin options. -->\n\n<p>El guitarrista del reconocido grupo manifest\u00f3 c\u00f3mo est\u00e1n atravesando este momento donde el tema al que ellos le dieron vida sea el m\u00e1s escuchado en la \u00faltima semana luego de la consagraci\u00f3n de la selecci\u00f3n Argentina.<\/p>\n\n\n\n<p>Cada vez que se juega un mundial de f\u00fatbol los pa\u00edses adoptan su tema emblema y este a\u00f1o la mayor\u00eda de los argentinos fueron detr\u00e1s de \u201cMuchachos, ahora nos volvimos a ilusionar\u201d, la canci\u00f3n de La Mosca llamada originalmente \u00abMuchachos, esta noche me emborracho\u00bb, una canci\u00f3n muy habitual del f\u00fatbol argentino, reconvertida para este torneo en Qatar.<\/p>\n\n\n\n<p>De hecho, el propio Leo Messi se\u00f1al\u00f3 en una entrevista con Ol\u00e9 que esta es su canci\u00f3n favorita de la afici\u00f3n de Argentina.<\/p>\n\n\n\n<p>La Mosca es una banda oriunda de Villa Ramallo pero muy arraigada a San Pedro y su guitarrista, Mart\u00edn Cardozo, es justamente sampedrino y fue quien se encarg\u00f3 de contar c\u00f3mo viven este momento.<\/p>\n\n\n\n<p>\u201cQue nuestra canci\u00f3n haya formado parte de este mundial es una alegr\u00eda enorme\u201d, dijo en el aire de FM G\u00e9nesis.<\/p>\n\n\n\n<p>\u201cLos jugadores tambi\u00e9n eligieron nuestra canci\u00f3n. Fue un honor para nosotros que Messi haya elegido entre tantas canciones la de La Mosca\u201d.<\/p>\n\n\n\n<p>\u201cNos toc\u00f3 ser parte de un momento \u00fanico, esa noche fue m\u00e1gica y ver llegar el avi\u00f3n con todo en silencio, ver como ponen la escalera y el primero que aparece es Messi es como que no lo pod\u00edamos creer\u201d, asegur\u00f3 el m\u00fasico.<\/p>\n\n\n\n<p>\u201cNuestra banda es muy futbolera, la gente toma estas canciones y las adapta, es como que te dejan de pertenecer\u201d.<\/p>\n\n\n\n<p>Mart\u00edn Cardozo, tambi\u00e9n destac\u00f3 a Fernando Romero quien fue el compositor art\u00edstico la viraliz\u00f3 en las redes, los jugadores la adoptaron como propia y pas\u00f3 a ser un himno imprescindible en el Mundial.<\/p>\n\n\n\n<p>Fuente: San Pedro Informa<\/p>\n","protected":false},"excerpt":{"rendered":"<p>El guitarrista del reconocido grupo manifest\u00f3 c\u00f3mo est\u00e1n atravesando este momento donde el tema al que ellos le dieron vida sea el m\u00e1s escuchado en la \u00faltima semana luego de la consagraci\u00f3n de la selecci\u00f3n Argentina. Cada vez que se juega un mundial de f\u00fatbol los pa\u00edses adoptan su tema emblema y este a\u00f1o la [&hellip;]<\/p>\n","protected":false},"author":4,"featured_media":113403,"comment_status":"closed","ping_status":"closed","sticky":false,"template":"","format":"standard","meta":{"om_disable_all_campaigns":false,"_jetpack_memberships_contains_paid_content":false,"footnotes":""},"categories":[50,101,2],"tags":[],"class_list":["post-113402","post","type-post","status-publish","format-standard","has-post-thumbnail","hentry","category-destacadas","category-interes-general-locales","category-locales"],"aioseo_notices":[],"gutentor_comment":0,"jetpack_featured_media_url":"https:\/\/eldiariodesanpedro.com.ar\/sitio\/wp-content\/uploads\/2022\/12\/0000021490-resized-1920x1080-1.jpg","jetpack_shortlink":"https:\/\/wp.me\/p6RhLt-tv4","jetpack_sharing_enabled":true,"_links":{"self":[{"href":"https:\/\/eldiariodesanpedro.com.ar\/sitio\/wp-json\/wp\/v2\/posts\/113402","targetHints":{"allow":["GET"]}}],"collection":[{"href":"https:\/\/eldiariodesanpedro.com.ar\/sitio\/wp-json\/wp\/v2\/posts"}],"about":[{"href":"https:\/\/eldiariodesanpedro.com.ar\/sitio\/wp-json\/wp\/v2\/types\/post"}],"author":[{"embeddable":true,"href":"https:\/\/eldiariodesanpedro.com.ar\/sitio\/wp-json\/wp\/v2\/users\/4"}],"replies":[{"embeddable":true,"href":"https:\/\/eldiariodesanpedro.com.ar\/sitio\/wp-json\/wp\/v2\/comments?post=113402"}],"version-history":[{"count":1,"href":"https:\/\/eldiariodesanpedro.com.ar\/sitio\/wp-json\/wp\/v2\/posts\/113402\/revisions"}],"predecessor-version":[{"id":113404,"href":"https:\/\/eldiariodesanpedro.com.ar\/sitio\/wp-json\/wp\/v2\/posts\/113402\/revisions\/113404"}],"wp:featuredmedia":[{"embeddable":true,"href":"https:\/\/eldiariodesanpedro.com.ar\/sitio\/wp-json\/wp\/v2\/media\/113403"}],"wp:attachment":[{"href":"https:\/\/eldiariodesanpedro.com.ar\/sitio\/wp-json\/wp\/v2\/media?parent=113402"}],"wp:term":[{"taxonomy":"category","embeddable":true,"href":"https:\/\/eldiariodesanpedro.com.ar\/sitio\/wp-json\/wp\/v2\/categories?post=113402"},{"taxonomy":"post_tag","embeddable":true,"href":"https:\/\/eldiariodesanpedro.com.ar\/sitio\/wp-json\/wp\/v2\/tags?post=113402"}],"curies":[{"name":"wp","href":"https:\/\/api.w.org\/{rel}","templated":true}]}}