{"id":113397,"date":"2022-12-22T16:23:46","date_gmt":"2022-12-22T19:23:46","guid":{"rendered":"https:\/\/eldiariodesanpedro.com.ar\/sitio\/?p=113397"},"modified":"2022-12-22T16:23:47","modified_gmt":"2022-12-22T19:23:47","slug":"entrega-de-material-deportivo-para-escuelas","status":"publish","type":"post","link":"https:\/\/eldiariodesanpedro.com.ar\/sitio\/entrega-de-material-deportivo-para-escuelas\/","title":{"rendered":"Entrega de material deportivo para escuelas"},"content":{"rendered":"<!-- VideographyWP Plugin Message: Automatic video embedding prevented by plugin options. -->\n\n<p>En el d\u00eda de hoy se realiz\u00f3 la entrega de materiales para instituciones educativas del distrito de San Pedro. Se entregaron 32 kits conteniendo pelotas de b\u00e1squet, f\u00fatbol y h\u00e1ndbol; redes, colchonetas, conos, aros, sogas, infladores, pecheras, escaleras, cuadrados de coordinaci\u00f3n, set de psicomotricidad y bolsones.<\/p>\n\n\n\n<p>Recibieron estos materiales los Directivos de Escuelas Secundarias, Escuela Especial, CEF y Patio Abierto de Escuela Primaria 44.<\/p>\n\n\n\n<p>El acto cont\u00f3 con la presencia de la Inspectora jefa distrital, Lorena L\u00f3pez; el Secretario Coordinador del Consejo Provincial de Educaci\u00f3n, Prof. Alan Ocampo; el Presidente del Consejo Escolar, Prof. Jorge D\u2019Andrea; el Director de Deportes, Prof. Mariano Arnal y la Directora de Educaci\u00f3n del Municipio, Prof. Mariana Toscanini.<\/p>\n\n\n\n<p>Esta entrega se hace efectiva tras el acto presidido por el Ministro Alberto Sileoni en la ciudad de La Plata en el mes de octubre, en el que participaron el Prof. Alan Ocampo y el Prof. Jorge D\u2019Andrea, con la entrega a los 135 distritos de la provincia de $1.073.221.364 de los cuales se destinaron para San Pedro de $5.936.553.<\/p>\n\n\n\n<figure class=\"wp-block-image size-full\"><img decoding=\"async\" width=\"649\" height=\"630\" data-attachment-id=\"113398\" data-permalink=\"https:\/\/eldiariodesanpedro.com.ar\/sitio\/entrega-de-material-deportivo-para-escuelas\/whatsapp-image-2022-12-22-at-13-08-48\/\" data-orig-file=\"https:\/\/eldiariodesanpedro.com.ar\/sitio\/wp-content\/uploads\/2022\/12\/WhatsApp-Image-2022-12-22-at-13.08.48.jpeg\" data-orig-size=\"649,630\" data-comments-opened=\"0\" data-image-meta=\"{&quot;aperture&quot;:&quot;0&quot;,&quot;credit&quot;:&quot;&quot;,&quot;camera&quot;:&quot;&quot;,&quot;caption&quot;:&quot;&quot;,&quot;created_timestamp&quot;:&quot;0&quot;,&quot;copyright&quot;:&quot;&quot;,&quot;focal_length&quot;:&quot;0&quot;,&quot;iso&quot;:&quot;0&quot;,&quot;shutter_speed&quot;:&quot;0&quot;,&quot;title&quot;:&quot;&quot;,&quot;orientation&quot;:&quot;0&quot;}\" data-image-title=\"WhatsApp Image 2022-12-22 at 13.08.48\" data-image-description=\"\" data-image-caption=\"\" data-large-file=\"https:\/\/eldiariodesanpedro.com.ar\/sitio\/wp-content\/uploads\/2022\/12\/WhatsApp-Image-2022-12-22-at-13.08.48.jpeg\" data-src=\"https:\/\/eldiariodesanpedro.com.ar\/sitio\/wp-content\/uploads\/2022\/12\/WhatsApp-Image-2022-12-22-at-13.08.48.jpeg\" alt=\"\" class=\"wp-image-113398 lazyload\" data-srcset=\"https:\/\/eldiariodesanpedro.com.ar\/sitio\/wp-content\/uploads\/2022\/12\/WhatsApp-Image-2022-12-22-at-13.08.48.jpeg 649w, https:\/\/eldiariodesanpedro.com.ar\/sitio\/wp-content\/uploads\/2022\/12\/WhatsApp-Image-2022-12-22-at-13.08.48-300x291.jpeg 300w\" data-sizes=\"(max-width: 649px) 100vw, 649px\" src=\"data:image\/svg+xml;base64,PHN2ZyB3aWR0aD0iMSIgaGVpZ2h0PSIxIiB4bWxucz0iaHR0cDovL3d3dy53My5vcmcvMjAwMC9zdmciPjwvc3ZnPg==\" style=\"--smush-placeholder-width: 649px; --smush-placeholder-aspect-ratio: 649\/630;\" \/><\/figure>\n\n\n\n<figure class=\"wp-block-image size-full\"><img decoding=\"async\" width=\"840\" height=\"630\" data-attachment-id=\"113400\" data-permalink=\"https:\/\/eldiariodesanpedro.com.ar\/sitio\/entrega-de-material-deportivo-para-escuelas\/whatsapp-image-2022-12-22-at-13-08-56\/\" data-orig-file=\"https:\/\/eldiariodesanpedro.com.ar\/sitio\/wp-content\/uploads\/2022\/12\/WhatsApp-Image-2022-12-22-at-13.08.56.jpeg\" data-orig-size=\"840,630\" data-comments-opened=\"0\" data-image-meta=\"{&quot;aperture&quot;:&quot;0&quot;,&quot;credit&quot;:&quot;&quot;,&quot;camera&quot;:&quot;&quot;,&quot;caption&quot;:&quot;&quot;,&quot;created_timestamp&quot;:&quot;0&quot;,&quot;copyright&quot;:&quot;&quot;,&quot;focal_length&quot;:&quot;0&quot;,&quot;iso&quot;:&quot;0&quot;,&quot;shutter_speed&quot;:&quot;0&quot;,&quot;title&quot;:&quot;&quot;,&quot;orientation&quot;:&quot;0&quot;}\" data-image-title=\"WhatsApp Image 2022-12-22 at 13.08.56\" data-image-description=\"\" data-image-caption=\"\" data-large-file=\"https:\/\/eldiariodesanpedro.com.ar\/sitio\/wp-content\/uploads\/2022\/12\/WhatsApp-Image-2022-12-22-at-13.08.56.jpeg\" data-src=\"https:\/\/eldiariodesanpedro.com.ar\/sitio\/wp-content\/uploads\/2022\/12\/WhatsApp-Image-2022-12-22-at-13.08.56.jpeg\" alt=\"\" class=\"wp-image-113400 lazyload\" data-srcset=\"https:\/\/eldiariodesanpedro.com.ar\/sitio\/wp-content\/uploads\/2022\/12\/WhatsApp-Image-2022-12-22-at-13.08.56.jpeg 840w, https:\/\/eldiariodesanpedro.com.ar\/sitio\/wp-content\/uploads\/2022\/12\/WhatsApp-Image-2022-12-22-at-13.08.56-300x225.jpeg 300w, https:\/\/eldiariodesanpedro.com.ar\/sitio\/wp-content\/uploads\/2022\/12\/WhatsApp-Image-2022-12-22-at-13.08.56-768x576.jpeg 768w, https:\/\/eldiariodesanpedro.com.ar\/sitio\/wp-content\/uploads\/2022\/12\/WhatsApp-Image-2022-12-22-at-13.08.56-272x204.jpeg 272w\" data-sizes=\"(max-width: 840px) 100vw, 840px\" src=\"data:image\/svg+xml;base64,PHN2ZyB3aWR0aD0iMSIgaGVpZ2h0PSIxIiB4bWxucz0iaHR0cDovL3d3dy53My5vcmcvMjAwMC9zdmciPjwvc3ZnPg==\" style=\"--smush-placeholder-width: 840px; --smush-placeholder-aspect-ratio: 840\/630;\" \/><\/figure>\n","protected":false},"excerpt":{"rendered":"<p>En el d\u00eda de hoy se realiz\u00f3 la entrega de materiales para instituciones educativas del distrito de San Pedro. Se entregaron 32 kits conteniendo pelotas de b\u00e1squet, f\u00fatbol y h\u00e1ndbol; redes, colchonetas, conos, aros, sogas, infladores, pecheras, escaleras, cuadrados de coordinaci\u00f3n, set de psicomotricidad y bolsones. Recibieron estos materiales los Directivos de Escuelas Secundarias, Escuela [&hellip;]<\/p>\n","protected":false},"author":4,"featured_media":113399,"comment_status":"closed","ping_status":"closed","sticky":false,"template":"","format":"standard","meta":{"om_disable_all_campaigns":false,"_jetpack_memberships_contains_paid_content":false,"footnotes":""},"categories":[50,101,2],"tags":[197,696,33,19],"class_list":["post-113397","post","type-post","status-publish","format-standard","has-post-thumbnail","hentry","category-destacadas","category-interes-general-locales","category-locales","tag-buenos-aires","tag-interes-general","tag-locales","tag-san-pedro"],"aioseo_notices":[],"gutentor_comment":0,"jetpack_featured_media_url":"https:\/\/eldiariodesanpedro.com.ar\/sitio\/wp-content\/uploads\/2022\/12\/WhatsApp-Image-2022-12-22-at-13.08.54.jpeg","jetpack_shortlink":"https:\/\/wp.me\/p6RhLt-tuZ","jetpack_sharing_enabled":true,"_links":{"self":[{"href":"https:\/\/eldiariodesanpedro.com.ar\/sitio\/wp-json\/wp\/v2\/posts\/113397","targetHints":{"allow":["GET"]}}],"collection":[{"href":"https:\/\/eldiariodesanpedro.com.ar\/sitio\/wp-json\/wp\/v2\/posts"}],"about":[{"href":"https:\/\/eldiariodesanpedro.com.ar\/sitio\/wp-json\/wp\/v2\/types\/post"}],"author":[{"embeddable":true,"href":"https:\/\/eldiariodesanpedro.com.ar\/sitio\/wp-json\/wp\/v2\/users\/4"}],"replies":[{"embeddable":true,"href":"https:\/\/eldiariodesanpedro.com.ar\/sitio\/wp-json\/wp\/v2\/comments?post=113397"}],"version-history":[{"count":1,"href":"https:\/\/eldiariodesanpedro.com.ar\/sitio\/wp-json\/wp\/v2\/posts\/113397\/revisions"}],"predecessor-version":[{"id":113401,"href":"https:\/\/eldiariodesanpedro.com.ar\/sitio\/wp-json\/wp\/v2\/posts\/113397\/revisions\/113401"}],"wp:featuredmedia":[{"embeddable":true,"href":"https:\/\/eldiariodesanpedro.com.ar\/sitio\/wp-json\/wp\/v2\/media\/113399"}],"wp:attachment":[{"href":"https:\/\/eldiariodesanpedro.com.ar\/sitio\/wp-json\/wp\/v2\/media?parent=113397"}],"wp:term":[{"taxonomy":"category","embeddable":true,"href":"https:\/\/eldiariodesanpedro.com.ar\/sitio\/wp-json\/wp\/v2\/categories?post=113397"},{"taxonomy":"post_tag","embeddable":true,"href":"https:\/\/eldiariodesanpedro.com.ar\/sitio\/wp-json\/wp\/v2\/tags?post=113397"}],"curies":[{"name":"wp","href":"https:\/\/api.w.org\/{rel}","templated":true}]}}