{"id":113394,"date":"2022-12-22T16:18:58","date_gmt":"2022-12-22T19:18:58","guid":{"rendered":"https:\/\/eldiariodesanpedro.com.ar\/sitio\/?p=113394"},"modified":"2022-12-22T16:18:59","modified_gmt":"2022-12-22T19:18:59","slug":"asueto-para-la-administracion-publica-municipal-los-dias-23-24-30-y-31-de-diciembre","status":"publish","type":"post","link":"https:\/\/eldiariodesanpedro.com.ar\/sitio\/asueto-para-la-administracion-publica-municipal-los-dias-23-24-30-y-31-de-diciembre\/","title":{"rendered":"Asueto para la Administraci\u00f3n P\u00fablica Municipal los d\u00edas 23, 24, 30 y 31 de diciembre"},"content":{"rendered":"<!-- VideographyWP Plugin Message: Automatic video embedding prevented by plugin options. -->\n\n<p>La Municipalidad de San Pedro informa que los d\u00edas viernes 23 y 30 y s\u00e1bado 24 y 31 de diciembre, por la celebraci\u00f3n de las Fiestas de Navidad y A\u00f1o Nuevo respectivamente, no habr\u00e1 actividad en todas las \u00e1reas dependientes tanto en la ciudad como en las localidades.<\/p>\n\n\n\n<p>El asueto administrativo correspondiente fue firmado por las autoridades en el Decreto 1494-2022 del 15 de diciembre.<\/p>\n\n\n\n<p>Como es habitual en esta fecha, se mantienen las guardias respectivas en cada uno de los servicios p\u00fablicos.<\/p>\n\n\n\n<p>En nombre de Intendente Ram\u00f3n Salazar y de todo su equipo de gobierno se hace llegar un afectuoso saludo a todo el personal activo y a los jubilados y jubiladas municipales.<\/p>\n\n\n\n<p>Se informa adem\u00e1s que durante los d\u00edas de asueto para la Administraci\u00f3n P\u00fablica Municipal, en el Polo de Salud se realizar\u00e1n hisopados de Covid-19 de 9 a 11 hs.<\/p>\n\n\n<a href=\"https:\/\/eldiariodesanpedro.com.ar\/sitio\/wp-content\/uploads\/2022\/12\/decreto-1494.pdf\" class=\"pdfemb-viewer\" style=\"\" data-width=\"max\" data-height=\"max\" data-toolbar=\"bottom\" data-toolbar-fixed=\"off\">decreto-1494<\/a>\n<p class=\"wp-block-pdfemb-pdf-embedder-viewer\"><\/p>\n","protected":false},"excerpt":{"rendered":"<p>La Municipalidad de San Pedro informa que los d\u00edas viernes 23 y 30 y s\u00e1bado 24 y 31 de diciembre, por la celebraci\u00f3n de las Fiestas de Navidad y A\u00f1o Nuevo respectivamente, no habr\u00e1 actividad en todas las \u00e1reas dependientes tanto en la ciudad como en las localidades. El asueto administrativo correspondiente fue firmado por [&hellip;]<\/p>\n","protected":false},"author":4,"featured_media":102760,"comment_status":"closed","ping_status":"closed","sticky":false,"template":"","format":"standard","meta":{"om_disable_all_campaigns":false,"_jetpack_memberships_contains_paid_content":false,"footnotes":""},"categories":[50,101,2],"tags":[197,696,33,19],"class_list":["post-113394","post","type-post","status-publish","format-standard","has-post-thumbnail","hentry","category-destacadas","category-interes-general-locales","category-locales","tag-buenos-aires","tag-interes-general","tag-locales","tag-san-pedro"],"aioseo_notices":[],"gutentor_comment":0,"jetpack_featured_media_url":"https:\/\/eldiariodesanpedro.com.ar\/sitio\/wp-content\/uploads\/2022\/01\/Municipalidad-e1422657513131.jpg","jetpack_shortlink":"https:\/\/wp.me\/p6RhLt-tuW","jetpack_sharing_enabled":true,"_links":{"self":[{"href":"https:\/\/eldiariodesanpedro.com.ar\/sitio\/wp-json\/wp\/v2\/posts\/113394","targetHints":{"allow":["GET"]}}],"collection":[{"href":"https:\/\/eldiariodesanpedro.com.ar\/sitio\/wp-json\/wp\/v2\/posts"}],"about":[{"href":"https:\/\/eldiariodesanpedro.com.ar\/sitio\/wp-json\/wp\/v2\/types\/post"}],"author":[{"embeddable":true,"href":"https:\/\/eldiariodesanpedro.com.ar\/sitio\/wp-json\/wp\/v2\/users\/4"}],"replies":[{"embeddable":true,"href":"https:\/\/eldiariodesanpedro.com.ar\/sitio\/wp-json\/wp\/v2\/comments?post=113394"}],"version-history":[{"count":1,"href":"https:\/\/eldiariodesanpedro.com.ar\/sitio\/wp-json\/wp\/v2\/posts\/113394\/revisions"}],"predecessor-version":[{"id":113396,"href":"https:\/\/eldiariodesanpedro.com.ar\/sitio\/wp-json\/wp\/v2\/posts\/113394\/revisions\/113396"}],"wp:featuredmedia":[{"embeddable":true,"href":"https:\/\/eldiariodesanpedro.com.ar\/sitio\/wp-json\/wp\/v2\/media\/102760"}],"wp:attachment":[{"href":"https:\/\/eldiariodesanpedro.com.ar\/sitio\/wp-json\/wp\/v2\/media?parent=113394"}],"wp:term":[{"taxonomy":"category","embeddable":true,"href":"https:\/\/eldiariodesanpedro.com.ar\/sitio\/wp-json\/wp\/v2\/categories?post=113394"},{"taxonomy":"post_tag","embeddable":true,"href":"https:\/\/eldiariodesanpedro.com.ar\/sitio\/wp-json\/wp\/v2\/tags?post=113394"}],"curies":[{"name":"wp","href":"https:\/\/api.w.org\/{rel}","templated":true}]}}