{"id":113349,"date":"2022-12-21T12:33:38","date_gmt":"2022-12-21T15:33:38","guid":{"rendered":"https:\/\/eldiariodesanpedro.com.ar\/sitio\/?p=113349"},"modified":"2022-12-21T12:33:39","modified_gmt":"2022-12-21T15:33:39","slug":"papa-noel-estara-este-viernes-en-el-palacio-municipal","status":"publish","type":"post","link":"https:\/\/eldiariodesanpedro.com.ar\/sitio\/papa-noel-estara-este-viernes-en-el-palacio-municipal\/","title":{"rendered":"Pap\u00e1 Noel estar\u00e1 este viernes en el Palacio Municipal"},"content":{"rendered":"<!-- VideographyWP Plugin Message: Automatic video embedding prevented by plugin options. -->\n\n<p>Este viernes 23 de diciembre desde las 20 hs. en las puertas del Palacio Municipal (Pellegrini 150), Pap\u00e1 Noel recibir\u00e1 a los ni\u00f1os y ni\u00f1as de nuestra ciudad para sacarse fotos y recibir las cartitas con los pedidos para esta navidad.<\/p>\n\n\n\n<p>La actividad contar\u00e1 con la participaci\u00f3n del grupo lirico de Rosario \u201cSonidos Distantes\u201d quienes acompa\u00f1aran cantando villancicos y canciones navide\u00f1as.<\/p>\n\n\n\n<p>En caso de mal tiempo se trasladar\u00e1 al Centro Cultural Abelardo Castillo ubicado en 25 de mayo 848.<\/p>\n\n\n\n<figure class=\"wp-block-image size-full\"><img decoding=\"async\" width=\"504\" height=\"630\" data-attachment-id=\"113351\" data-permalink=\"https:\/\/eldiariodesanpedro.com.ar\/sitio\/papa-noel-estara-este-viernes-en-el-palacio-municipal\/whatsapp-image-2022-12-21-at-12-28-47\/\" data-orig-file=\"https:\/\/eldiariodesanpedro.com.ar\/sitio\/wp-content\/uploads\/2022\/12\/WhatsApp-Image-2022-12-21-at-12.28.47.jpeg\" data-orig-size=\"504,630\" data-comments-opened=\"0\" data-image-meta=\"{&quot;aperture&quot;:&quot;0&quot;,&quot;credit&quot;:&quot;&quot;,&quot;camera&quot;:&quot;&quot;,&quot;caption&quot;:&quot;&quot;,&quot;created_timestamp&quot;:&quot;0&quot;,&quot;copyright&quot;:&quot;&quot;,&quot;focal_length&quot;:&quot;0&quot;,&quot;iso&quot;:&quot;0&quot;,&quot;shutter_speed&quot;:&quot;0&quot;,&quot;title&quot;:&quot;&quot;,&quot;orientation&quot;:&quot;0&quot;}\" data-image-title=\"WhatsApp-Image-2022-12-21-at-12.28.47\" data-image-description=\"\" data-image-caption=\"\" data-large-file=\"https:\/\/eldiariodesanpedro.com.ar\/sitio\/wp-content\/uploads\/2022\/12\/WhatsApp-Image-2022-12-21-at-12.28.47.jpeg\" data-src=\"https:\/\/eldiariodesanpedro.com.ar\/sitio\/wp-content\/uploads\/2022\/12\/WhatsApp-Image-2022-12-21-at-12.28.47.jpeg\" alt=\"\" class=\"wp-image-113351 lazyload\" data-srcset=\"https:\/\/eldiariodesanpedro.com.ar\/sitio\/wp-content\/uploads\/2022\/12\/WhatsApp-Image-2022-12-21-at-12.28.47.jpeg 504w, https:\/\/eldiariodesanpedro.com.ar\/sitio\/wp-content\/uploads\/2022\/12\/WhatsApp-Image-2022-12-21-at-12.28.47-240x300.jpeg 240w\" data-sizes=\"(max-width: 504px) 100vw, 504px\" src=\"data:image\/svg+xml;base64,PHN2ZyB3aWR0aD0iMSIgaGVpZ2h0PSIxIiB4bWxucz0iaHR0cDovL3d3dy53My5vcmcvMjAwMC9zdmciPjwvc3ZnPg==\" style=\"--smush-placeholder-width: 504px; --smush-placeholder-aspect-ratio: 504\/630;\" \/><\/figure>\n","protected":false},"excerpt":{"rendered":"<p>Este viernes 23 de diciembre desde las 20 hs. en las puertas del Palacio Municipal (Pellegrini 150), Pap\u00e1 Noel recibir\u00e1 a los ni\u00f1os y ni\u00f1as de nuestra ciudad para sacarse fotos y recibir las cartitas con los pedidos para esta navidad. La actividad contar\u00e1 con la participaci\u00f3n del grupo lirico de Rosario \u201cSonidos Distantes\u201d quienes [&hellip;]<\/p>\n","protected":false},"author":4,"featured_media":113350,"comment_status":"closed","ping_status":"closed","sticky":false,"template":"","format":"standard","meta":{"om_disable_all_campaigns":false,"_jetpack_memberships_contains_paid_content":false,"footnotes":""},"categories":[50,101,2],"tags":[197,696,33,3297,19],"class_list":["post-113349","post","type-post","status-publish","format-standard","has-post-thumbnail","hentry","category-destacadas","category-interes-general-locales","category-locales","tag-buenos-aires","tag-interes-general","tag-locales","tag-papa-noel-en-el-palacio-municipal","tag-san-pedro"],"aioseo_notices":[],"gutentor_comment":0,"jetpack_featured_media_url":"https:\/\/eldiariodesanpedro.com.ar\/sitio\/wp-content\/uploads\/2022\/12\/curiosidades-de-papa-noel-1-1.jpg","jetpack_shortlink":"https:\/\/wp.me\/p6RhLt-tud","jetpack_sharing_enabled":true,"_links":{"self":[{"href":"https:\/\/eldiariodesanpedro.com.ar\/sitio\/wp-json\/wp\/v2\/posts\/113349","targetHints":{"allow":["GET"]}}],"collection":[{"href":"https:\/\/eldiariodesanpedro.com.ar\/sitio\/wp-json\/wp\/v2\/posts"}],"about":[{"href":"https:\/\/eldiariodesanpedro.com.ar\/sitio\/wp-json\/wp\/v2\/types\/post"}],"author":[{"embeddable":true,"href":"https:\/\/eldiariodesanpedro.com.ar\/sitio\/wp-json\/wp\/v2\/users\/4"}],"replies":[{"embeddable":true,"href":"https:\/\/eldiariodesanpedro.com.ar\/sitio\/wp-json\/wp\/v2\/comments?post=113349"}],"version-history":[{"count":1,"href":"https:\/\/eldiariodesanpedro.com.ar\/sitio\/wp-json\/wp\/v2\/posts\/113349\/revisions"}],"predecessor-version":[{"id":113352,"href":"https:\/\/eldiariodesanpedro.com.ar\/sitio\/wp-json\/wp\/v2\/posts\/113349\/revisions\/113352"}],"wp:featuredmedia":[{"embeddable":true,"href":"https:\/\/eldiariodesanpedro.com.ar\/sitio\/wp-json\/wp\/v2\/media\/113350"}],"wp:attachment":[{"href":"https:\/\/eldiariodesanpedro.com.ar\/sitio\/wp-json\/wp\/v2\/media?parent=113349"}],"wp:term":[{"taxonomy":"category","embeddable":true,"href":"https:\/\/eldiariodesanpedro.com.ar\/sitio\/wp-json\/wp\/v2\/categories?post=113349"},{"taxonomy":"post_tag","embeddable":true,"href":"https:\/\/eldiariodesanpedro.com.ar\/sitio\/wp-json\/wp\/v2\/tags?post=113349"}],"curies":[{"name":"wp","href":"https:\/\/api.w.org\/{rel}","templated":true}]}}