{"id":113337,"date":"2022-12-21T11:44:03","date_gmt":"2022-12-21T14:44:03","guid":{"rendered":"https:\/\/eldiariodesanpedro.com.ar\/sitio\/?p=113337"},"modified":"2022-12-21T11:44:04","modified_gmt":"2022-12-21T14:44:04","slug":"un-informe-periodistico-confirma-que-el-asesinato-de-cordara-no-estuvo-vinculado-a-una-interna-sindical","status":"publish","type":"post","link":"https:\/\/eldiariodesanpedro.com.ar\/sitio\/un-informe-periodistico-confirma-que-el-asesinato-de-cordara-no-estuvo-vinculado-a-una-interna-sindical\/","title":{"rendered":"Un informe period\u00edstico confirma que el asesinato de Cordara no estuvo vinculado a una interna sindical"},"content":{"rendered":"<!-- VideographyWP Plugin Message: Automatic video embedding prevented by plugin options. -->\n\n<p>El periodista Pablo Kablan revel\u00f3 datos hasta ahora desconocidos sobre la muerte del chofer sampedrino en Col\u00f3n. El asesinato estar\u00eda relacionado con una cuesti\u00f3n amorosa y dinero de dudosa procedencia. Una mujer rompi\u00f3 el silencio y el autor intelectual ya estar\u00eda identificado.<\/p>\n\n\n\n<p>Con datos precisos y de primera mano, un informe difundido en el programa El Expediente que se emite por C5N y que conduce el periodista especializado en hechos policiales Pablo Kablan, se revela datos hasta ahora desconocidos sobre el asesinato de Mauricio Cordara, el sampedrino que era chofer del dirigente sindical Pablo Ansaloni y que fue ejecutado por un sicario en las puertas de la casa del propio gremialista hace pocas semanas en la ciudad de Col\u00f3n.<\/p>\n\n\n\n<p>El periodista tuvo acceso a la causa y dio a conocer detalles que confirman la inexistencia de una interna sindical en el ataque armado que sufri\u00f3 el sampedrino.<\/p>\n\n\n\n<p>Kablan en su presentaci\u00f3n indica que en una primera instancia se le tom\u00f3 declaraci\u00f3n a un testigo encubierto que relacionaba lo sucedido con la interna de la Uatre aunque con el avance de la investigaci\u00f3n se pudo establecer que ese testimonio solamente se habr\u00eda expuesto para entorpecer la instrucci\u00f3n porque con lo obtenido con el paso de los d\u00edas qued\u00f3 de lado.<\/p>\n\n\n\n<p>La fiscal Magdalena Brandt, que es qui\u00e9n investiga lo acontecido, sum\u00f3 datos precisos a trav\u00e9s de distintas personas, entre ellas el de una mujer que seg\u00fan el informe period\u00edstico ser\u00eda qui\u00e9n manten\u00eda una relaci\u00f3n sentimental con Mauricio Cordara y que con su testimonio provoc\u00f3 un giro inesperado en el caso ya que todo estar\u00eda relacionado con un caso pasional y de dinero negro.<\/p>\n\n\n\n<p>Seg\u00fan lo explicado por el periodista se habr\u00eda originado una \u201ctraici\u00f3n\u201d dentro del mismo entorno sindical de Ansaloni, ya que la persona indicada como instigadora pertenece al mismo sector, ya est\u00e1 identificada y por lo manifestado se apellido comienza con la letra \u00abC\u00bb.<\/p>\n\n\n\n<p>Con el correr de las horas y luego de la difusi\u00f3n de lo expuesto en la pantalla de C5N est\u00e1 claro que de comenzar a cerrarse el esclarecimiento del caso originar\u00eda un verdadero cimbronazo en el sector al que pertenec\u00edan al tratarse de personas conocidas entre s\u00ed y en el \u00e1mbito dirigencial de la zona, incluida San Pedro, Baradero y Col\u00f3n.<\/p>\n\n\n\n<p>Kablan se\u00f1al\u00f3 que tras el asesinato de Cordara el propio instigador, quiz\u00e1s queriendo despistar a los investigadores y no levantar sospechas, fue \u00e9l mismo quien le comunic\u00f3 a la familia de la v\u00edctima lo que hab\u00eda acontecido.<\/p>\n\n\n\n<p>El informe indic\u00f3 que el sicario fue contratado por una suma de 10.000 d\u00f3lares que ya fueron abonados y que hay 3 personas oriundas de Rosario detenidas y el asesino identificado.<\/p>\n\n\n\n<p><\/p>\n","protected":false},"excerpt":{"rendered":"<p>El periodista Pablo Kablan revel\u00f3 datos hasta ahora desconocidos sobre la muerte del chofer sampedrino en Col\u00f3n. El asesinato estar\u00eda relacionado con una cuesti\u00f3n amorosa y dinero de dudosa procedencia. Una mujer rompi\u00f3 el silencio y el autor intelectual ya estar\u00eda identificado. Con datos precisos y de primera mano, un informe difundido en el programa [&hellip;]<\/p>\n","protected":false},"author":4,"featured_media":113338,"comment_status":"closed","ping_status":"closed","sticky":false,"template":"","format":"standard","meta":{"om_disable_all_campaigns":false,"_jetpack_memberships_contains_paid_content":false,"footnotes":""},"categories":[50,101,2],"tags":[197,696,33,19],"class_list":["post-113337","post","type-post","status-publish","format-standard","has-post-thumbnail","hentry","category-destacadas","category-interes-general-locales","category-locales","tag-buenos-aires","tag-interes-general","tag-locales","tag-san-pedro"],"aioseo_notices":[],"gutentor_comment":0,"jetpack_featured_media_url":"https:\/\/eldiariodesanpedro.com.ar\/sitio\/wp-content\/uploads\/2022\/12\/0000021485-resized-1920x1080-1.jpg","jetpack_shortlink":"https:\/\/wp.me\/p6RhLt-tu1","jetpack_sharing_enabled":true,"_links":{"self":[{"href":"https:\/\/eldiariodesanpedro.com.ar\/sitio\/wp-json\/wp\/v2\/posts\/113337","targetHints":{"allow":["GET"]}}],"collection":[{"href":"https:\/\/eldiariodesanpedro.com.ar\/sitio\/wp-json\/wp\/v2\/posts"}],"about":[{"href":"https:\/\/eldiariodesanpedro.com.ar\/sitio\/wp-json\/wp\/v2\/types\/post"}],"author":[{"embeddable":true,"href":"https:\/\/eldiariodesanpedro.com.ar\/sitio\/wp-json\/wp\/v2\/users\/4"}],"replies":[{"embeddable":true,"href":"https:\/\/eldiariodesanpedro.com.ar\/sitio\/wp-json\/wp\/v2\/comments?post=113337"}],"version-history":[{"count":1,"href":"https:\/\/eldiariodesanpedro.com.ar\/sitio\/wp-json\/wp\/v2\/posts\/113337\/revisions"}],"predecessor-version":[{"id":113339,"href":"https:\/\/eldiariodesanpedro.com.ar\/sitio\/wp-json\/wp\/v2\/posts\/113337\/revisions\/113339"}],"wp:featuredmedia":[{"embeddable":true,"href":"https:\/\/eldiariodesanpedro.com.ar\/sitio\/wp-json\/wp\/v2\/media\/113338"}],"wp:attachment":[{"href":"https:\/\/eldiariodesanpedro.com.ar\/sitio\/wp-json\/wp\/v2\/media?parent=113337"}],"wp:term":[{"taxonomy":"category","embeddable":true,"href":"https:\/\/eldiariodesanpedro.com.ar\/sitio\/wp-json\/wp\/v2\/categories?post=113337"},{"taxonomy":"post_tag","embeddable":true,"href":"https:\/\/eldiariodesanpedro.com.ar\/sitio\/wp-json\/wp\/v2\/tags?post=113337"}],"curies":[{"name":"wp","href":"https:\/\/api.w.org\/{rel}","templated":true}]}}