{"id":113334,"date":"2022-12-21T11:41:21","date_gmt":"2022-12-21T14:41:21","guid":{"rendered":"https:\/\/eldiariodesanpedro.com.ar\/sitio\/?p=113334"},"modified":"2022-12-21T11:41:22","modified_gmt":"2022-12-21T14:41:22","slug":"alcohol-cero-al-volante-la-provincia-de-buenos-aires-aprobo-la-ley","status":"publish","type":"post","link":"https:\/\/eldiariodesanpedro.com.ar\/sitio\/alcohol-cero-al-volante-la-provincia-de-buenos-aires-aprobo-la-ley\/","title":{"rendered":"Alcohol Cero al volante: la Provincia de Buenos Aires aprob\u00f3 la ley"},"content":{"rendered":"<!-- VideographyWP Plugin Message: Automatic video embedding prevented by plugin options. -->\n\n<p>La C\u00e1mara de Diputados de la Provincia de Buenos Aires aprob\u00f3 este viernes la Ley de Alcohol Cero al volante y ya no se podr\u00e1 conducir habiendo consumido cualquier tipo de producto \u00abque reduzca las capacidades de manejo\u00bb: las penalidades.<\/p>\n\n\n\n<p>La Legislatura de la Provincia de Buenos Aires aprob\u00f3 la Ley de Alcohol Cero al volante en todo el territorio bonaerense, prohibiendo as\u00ed cualquier cantidad de alcohol en sangre a los conductores de la jurisdicci\u00f3n.<\/p>\n\n\n\n<p>En una sesi\u00f3n marat\u00f3nica en la que tambi\u00e9n se aprob\u00f3 el Presupuesto 2023 para la provincia a cargo de Axel Kicillof, los diputados bonaerenses aprobaron una modificaci\u00f3n a la Ley 13.927 del C\u00f3digo de Tr\u00e1nsito: a partir del a\u00f1o entrante, ya no se admitir\u00e1n m\u00e1s los 0,5 gramos de alcohol en sangre estando al volante y la normativa pasar\u00e1 a ser intolerante a cualquier tipo de sustancias.<\/p>\n\n\n\n<p>As\u00ed lo informaron desde las redes sociales de la C\u00e1mara Baja provincial: \u00abSe aprob\u00f3 el proyecto que modifica la Ley 13.927, estableciendo la prohibici\u00f3n de conducir para quienes registren un nivel de alcoholemia superior a 0\u00bb.<\/p>\n\n\n\n<p>Adem\u00e1s, el proyecto aprobado tambi\u00e9n proh\u00edbe la conducci\u00f3n y aplica severas penalidades \u00aba quienes hayan consumido medicamentos, psicotr\u00f3picos, estimulantes o sustancias que reduzcan las capacidades de manejo\u00bb de cualquier tipo de veh\u00edculo.<\/p>\n\n\n\n<p>La aprobaci\u00f3n de la ley fue impulsada por el ministro de Transporte bonaerense, Jorge D&#8217;onofrio, qui\u00e9n festej\u00f3 el logro: \u00abLogramos un paso fundamental para salvar vidas en la provincia de Buenos Aires. Hoy, la persona que va a conducir sabe que no tiene que tomar ni una gota de alcohol para hacerlo con responsabilidad\u00bb, remarc\u00f3.<\/p>\n\n\n\n<p>Con esta nueva normativa, la provincia de Buenos Aires se suma a otras 11 jurisdicciones que no permiten registrar alcohol en sangre al volante: se trata de Chaco, Chubut, C\u00f3rdoba, Entre R\u00edos, Jujuy, La Rioja, R\u00edo Negro, Salta, Santa Cruz, Tierra del Fuego y Tucum\u00e1n.<\/p>\n\n\n\n<p>El \u00faltimo informe de seguridad vial de la Provincia de Buenos Aires muestra que las inhabilitaciones para manejar por alcoholemia positiva aumentaron este a\u00f1o, con 6162 casos en contraste con los 5685 del 2021, ambos registros muy altos.<\/p>\n\n\n\n<p>Adem\u00e1s, este tambi\u00e9n indica que el 55% de las multas o penalidades por alcoholemia positiva ocurrieron en individuos de entre 20 y 40 a\u00f1os, siendo el 37% de las v\u00edctimas j\u00f3venes de entre 15 y 37 a\u00f1os.<\/p>\n\n\n\n<p>As\u00ed, El alcohol est\u00e1 presente en uno de cada cuatro siniestros viales y es la primera causa de muerte de menores de 35 a\u00f1os. \u00abBuscamos generar un cambio cultural en la Provincia. No pasa por el hecho de poner penas m\u00e1s duras, no buscamos ser recaudadores\u00bb, enfatiz\u00f3 D&#8217;onofrio al respecto.<\/p>\n","protected":false},"excerpt":{"rendered":"<p>La C\u00e1mara de Diputados de la Provincia de Buenos Aires aprob\u00f3 este viernes la Ley de Alcohol Cero al volante y ya no se podr\u00e1 conducir habiendo consumido cualquier tipo de producto \u00abque reduzca las capacidades de manejo\u00bb: las penalidades. La Legislatura de la Provincia de Buenos Aires aprob\u00f3 la Ley de Alcohol Cero al [&hellip;]<\/p>\n","protected":false},"author":4,"featured_media":113335,"comment_status":"closed","ping_status":"closed","sticky":false,"template":"","format":"standard","meta":{"om_disable_all_campaigns":false,"_jetpack_memberships_contains_paid_content":false,"footnotes":""},"categories":[101,2],"tags":[197,696,33,19],"class_list":["post-113334","post","type-post","status-publish","format-standard","has-post-thumbnail","hentry","category-interes-general-locales","category-locales","tag-buenos-aires","tag-interes-general","tag-locales","tag-san-pedro"],"aioseo_notices":[],"gutentor_comment":0,"jetpack_featured_media_url":"https:\/\/eldiariodesanpedro.com.ar\/sitio\/wp-content\/uploads\/2022\/12\/0000021486-resized-1920x1080-1.jpg","jetpack_shortlink":"https:\/\/wp.me\/p6RhLt-ttY","jetpack_sharing_enabled":true,"_links":{"self":[{"href":"https:\/\/eldiariodesanpedro.com.ar\/sitio\/wp-json\/wp\/v2\/posts\/113334","targetHints":{"allow":["GET"]}}],"collection":[{"href":"https:\/\/eldiariodesanpedro.com.ar\/sitio\/wp-json\/wp\/v2\/posts"}],"about":[{"href":"https:\/\/eldiariodesanpedro.com.ar\/sitio\/wp-json\/wp\/v2\/types\/post"}],"author":[{"embeddable":true,"href":"https:\/\/eldiariodesanpedro.com.ar\/sitio\/wp-json\/wp\/v2\/users\/4"}],"replies":[{"embeddable":true,"href":"https:\/\/eldiariodesanpedro.com.ar\/sitio\/wp-json\/wp\/v2\/comments?post=113334"}],"version-history":[{"count":1,"href":"https:\/\/eldiariodesanpedro.com.ar\/sitio\/wp-json\/wp\/v2\/posts\/113334\/revisions"}],"predecessor-version":[{"id":113336,"href":"https:\/\/eldiariodesanpedro.com.ar\/sitio\/wp-json\/wp\/v2\/posts\/113334\/revisions\/113336"}],"wp:featuredmedia":[{"embeddable":true,"href":"https:\/\/eldiariodesanpedro.com.ar\/sitio\/wp-json\/wp\/v2\/media\/113335"}],"wp:attachment":[{"href":"https:\/\/eldiariodesanpedro.com.ar\/sitio\/wp-json\/wp\/v2\/media?parent=113334"}],"wp:term":[{"taxonomy":"category","embeddable":true,"href":"https:\/\/eldiariodesanpedro.com.ar\/sitio\/wp-json\/wp\/v2\/categories?post=113334"},{"taxonomy":"post_tag","embeddable":true,"href":"https:\/\/eldiariodesanpedro.com.ar\/sitio\/wp-json\/wp\/v2\/tags?post=113334"}],"curies":[{"name":"wp","href":"https:\/\/api.w.org\/{rel}","templated":true}]}}