{"id":113331,"date":"2022-12-21T11:33:39","date_gmt":"2022-12-21T14:33:39","guid":{"rendered":"https:\/\/eldiariodesanpedro.com.ar\/sitio\/?p=113331"},"modified":"2022-12-21T11:33:40","modified_gmt":"2022-12-21T14:33:40","slug":"el-periodista-emir-diamante-entre-los-damnificados-por-los-robos-en-los-festejos-de-la-seleccion","status":"publish","type":"post","link":"https:\/\/eldiariodesanpedro.com.ar\/sitio\/el-periodista-emir-diamante-entre-los-damnificados-por-los-robos-en-los-festejos-de-la-seleccion\/","title":{"rendered":"El periodista Emir Diamante entre los damnificados por los robos en los festejos de la selecci\u00f3n"},"content":{"rendered":"<!-- VideographyWP Plugin Message: Automatic video embedding prevented by plugin options. -->\n\n<p>Fueron varias las personas que fueron v\u00edctimas de los actos de robos y vandalismos durante los festejos de la selecci\u00f3n Argentina a su llegada a Ezeiza.<\/p>\n\n\n\n<p>A medida que avanzan las horas se van conociendo distintos episodios que se fueron dando antes, durante y despu\u00e9s de los festejos por el arribo de la selecci\u00f3n Argentina tras la obtenci\u00f3n de la Copa Mundial de f\u00fatbol en Qatar.<\/p>\n\n\n\n<p>Robos de todo tipo, actos de vandalismo y ri\u00f1as hubo por todos lados, pero una modalidad incre\u00edble fue la sustracci\u00f3n de las ruedas completas de varios de los autos que hab\u00edan estacionado en inmediaciones del predio de Afa en Ezeiza.<\/p>\n\n\n\n<p>El ex periodista de La Opini\u00f3n Semanario, integrante del Circulo de Periodistas Deportivos de San Pedro y jugador de basquet de la primera de N\u00e1utico, Emir Diamante, fue uno de los damnificados al sufrir el robo de las cinco ruedas de su auto, las cuatro que llevaba puesta y la de auxilio.<\/p>\n\n\n\n<p>El actual periodista de La Naci\u00f3n hab\u00eda dejado su auto en Aldo Bonzi, sobre la autopista Riccheri, a uno 7 kil\u00f3metros del predio de Afa, y a su regreso con el desolador panorama. Emir Diamante hab\u00eda concurrido junto a otros amigos en dos veh\u00edculos pero el otros rodado no fue robado.<\/p>\n\n\n\n<p>Sin dudas no fue la mejor experiencia para el sampedrino en medio de la algarab\u00eda que se viv\u00eda por esas horas aunque m\u00e1s tarde, gracias a que pudo suplantar las ruedas sustra\u00eddas, logr\u00f3 regresar a Capital Federal.<\/p>\n\n\n\n<p>Fuente: San Pedro Informa<\/p>\n","protected":false},"excerpt":{"rendered":"<p>Fueron varias las personas que fueron v\u00edctimas de los actos de robos y vandalismos durante los festejos de la selecci\u00f3n Argentina a su llegada a Ezeiza. A medida que avanzan las horas se van conociendo distintos episodios que se fueron dando antes, durante y despu\u00e9s de los festejos por el arribo de la selecci\u00f3n Argentina [&hellip;]<\/p>\n","protected":false},"author":4,"featured_media":113332,"comment_status":"closed","ping_status":"closed","sticky":false,"template":"","format":"standard","meta":{"om_disable_all_campaigns":false,"_jetpack_memberships_contains_paid_content":false,"footnotes":""},"categories":[50,101,2],"tags":[197,696,33,19],"class_list":["post-113331","post","type-post","status-publish","format-standard","has-post-thumbnail","hentry","category-destacadas","category-interes-general-locales","category-locales","tag-buenos-aires","tag-interes-general","tag-locales","tag-san-pedro"],"aioseo_notices":[],"gutentor_comment":0,"jetpack_featured_media_url":"https:\/\/eldiariodesanpedro.com.ar\/sitio\/wp-content\/uploads\/2022\/12\/0000021487-resized-1920x1080-1.jpg","jetpack_shortlink":"https:\/\/wp.me\/p6RhLt-ttV","jetpack_sharing_enabled":true,"_links":{"self":[{"href":"https:\/\/eldiariodesanpedro.com.ar\/sitio\/wp-json\/wp\/v2\/posts\/113331","targetHints":{"allow":["GET"]}}],"collection":[{"href":"https:\/\/eldiariodesanpedro.com.ar\/sitio\/wp-json\/wp\/v2\/posts"}],"about":[{"href":"https:\/\/eldiariodesanpedro.com.ar\/sitio\/wp-json\/wp\/v2\/types\/post"}],"author":[{"embeddable":true,"href":"https:\/\/eldiariodesanpedro.com.ar\/sitio\/wp-json\/wp\/v2\/users\/4"}],"replies":[{"embeddable":true,"href":"https:\/\/eldiariodesanpedro.com.ar\/sitio\/wp-json\/wp\/v2\/comments?post=113331"}],"version-history":[{"count":1,"href":"https:\/\/eldiariodesanpedro.com.ar\/sitio\/wp-json\/wp\/v2\/posts\/113331\/revisions"}],"predecessor-version":[{"id":113333,"href":"https:\/\/eldiariodesanpedro.com.ar\/sitio\/wp-json\/wp\/v2\/posts\/113331\/revisions\/113333"}],"wp:featuredmedia":[{"embeddable":true,"href":"https:\/\/eldiariodesanpedro.com.ar\/sitio\/wp-json\/wp\/v2\/media\/113332"}],"wp:attachment":[{"href":"https:\/\/eldiariodesanpedro.com.ar\/sitio\/wp-json\/wp\/v2\/media?parent=113331"}],"wp:term":[{"taxonomy":"category","embeddable":true,"href":"https:\/\/eldiariodesanpedro.com.ar\/sitio\/wp-json\/wp\/v2\/categories?post=113331"},{"taxonomy":"post_tag","embeddable":true,"href":"https:\/\/eldiariodesanpedro.com.ar\/sitio\/wp-json\/wp\/v2\/tags?post=113331"}],"curies":[{"name":"wp","href":"https:\/\/api.w.org\/{rel}","templated":true}]}}