{"id":113324,"date":"2022-12-21T11:23:11","date_gmt":"2022-12-21T14:23:11","guid":{"rendered":"https:\/\/eldiariodesanpedro.com.ar\/sitio\/?p=113324"},"modified":"2022-12-21T11:23:12","modified_gmt":"2022-12-21T14:23:12","slug":"quedo-detenido-el-acusado-de-asesinar-a-alejandro-luna","status":"publish","type":"post","link":"https:\/\/eldiariodesanpedro.com.ar\/sitio\/quedo-detenido-el-acusado-de-asesinar-a-alejandro-luna\/","title":{"rendered":"Qued\u00f3 detenido el acusado de asesinar a Alejandro Luna"},"content":{"rendered":"<!-- VideographyWP Plugin Message: Automatic video embedding prevented by plugin options. -->\n\n<p>Se entreg\u00f3 ala polic\u00eda minutos despu\u00e9s a que fuera allanada su casa. Por ahora es el \u00fanico imputado en el hecho.<\/p>\n\n\n\n<p>Promediando la tarde del martes qued\u00f3 detenido en la Comisar\u00eda de nuestra ciudad un joven de 20 a\u00f1os, identificado como Agust\u00edn Arce, qui\u00e9n en un principio aparece como \u00fanico acusado de asesinar a Alejandro Luna el pasado domingo.<\/p>\n\n\n\n<p>La detenci\u00f3n de Arce se di\u00f3 minutos despu\u00e9s de que la polic\u00eda allanara una casa de la calle Brenan al 1300, y si bien el joven no fue encontrado en ese lugar \u00e9l mismo, por sus propios medios, se present\u00f3 en la dependencia a cargo de la Comisario Valeria Sosa y se entreg\u00f3.<\/p>\n\n\n\n<p>Adem\u00e1s, durante el allanamiento se aprehendi\u00f3 a un joven de 25 a\u00f1os que pretendi\u00f3 obstaculizar el procedimiento, se secuestraron armas de fuego y plantas de marihuana.<\/p>\n\n\n\n<figure class=\"wp-block-image size-full\"><img decoding=\"async\" width=\"840\" height=\"630\" data-attachment-id=\"113326\" data-permalink=\"https:\/\/eldiariodesanpedro.com.ar\/sitio\/quedo-detenido-el-acusado-de-asesinar-a-alejandro-luna\/whatsapp-image-2022-12-20-at-14-07-46-1\/\" data-orig-file=\"https:\/\/eldiariodesanpedro.com.ar\/sitio\/wp-content\/uploads\/2022\/12\/WhatsApp-Image-2022-12-20-at-14.07.46-1.jpeg\" data-orig-size=\"840,630\" data-comments-opened=\"0\" data-image-meta=\"{&quot;aperture&quot;:&quot;0&quot;,&quot;credit&quot;:&quot;&quot;,&quot;camera&quot;:&quot;&quot;,&quot;caption&quot;:&quot;&quot;,&quot;created_timestamp&quot;:&quot;0&quot;,&quot;copyright&quot;:&quot;&quot;,&quot;focal_length&quot;:&quot;0&quot;,&quot;iso&quot;:&quot;0&quot;,&quot;shutter_speed&quot;:&quot;0&quot;,&quot;title&quot;:&quot;&quot;,&quot;orientation&quot;:&quot;0&quot;}\" data-image-title=\"WhatsApp Image 2022-12-20 at 14.07.46 (1)\" data-image-description=\"\" data-image-caption=\"\" data-large-file=\"https:\/\/eldiariodesanpedro.com.ar\/sitio\/wp-content\/uploads\/2022\/12\/WhatsApp-Image-2022-12-20-at-14.07.46-1.jpeg\" data-src=\"https:\/\/eldiariodesanpedro.com.ar\/sitio\/wp-content\/uploads\/2022\/12\/WhatsApp-Image-2022-12-20-at-14.07.46-1.jpeg\" alt=\"\" class=\"wp-image-113326 lazyload\" data-srcset=\"https:\/\/eldiariodesanpedro.com.ar\/sitio\/wp-content\/uploads\/2022\/12\/WhatsApp-Image-2022-12-20-at-14.07.46-1.jpeg 840w, https:\/\/eldiariodesanpedro.com.ar\/sitio\/wp-content\/uploads\/2022\/12\/WhatsApp-Image-2022-12-20-at-14.07.46-1-300x225.jpeg 300w, https:\/\/eldiariodesanpedro.com.ar\/sitio\/wp-content\/uploads\/2022\/12\/WhatsApp-Image-2022-12-20-at-14.07.46-1-768x576.jpeg 768w, https:\/\/eldiariodesanpedro.com.ar\/sitio\/wp-content\/uploads\/2022\/12\/WhatsApp-Image-2022-12-20-at-14.07.46-1-272x204.jpeg 272w\" data-sizes=\"(max-width: 840px) 100vw, 840px\" src=\"data:image\/svg+xml;base64,PHN2ZyB3aWR0aD0iMSIgaGVpZ2h0PSIxIiB4bWxucz0iaHR0cDovL3d3dy53My5vcmcvMjAwMC9zdmciPjwvc3ZnPg==\" style=\"--smush-placeholder-width: 840px; --smush-placeholder-aspect-ratio: 840\/630;\" \/><\/figure>\n\n\n\n<figure class=\"wp-block-image size-full\"><img decoding=\"async\" width=\"650\" height=\"630\" data-attachment-id=\"113328\" data-permalink=\"https:\/\/eldiariodesanpedro.com.ar\/sitio\/quedo-detenido-el-acusado-de-asesinar-a-alejandro-luna\/whatsapp-image-2022-12-20-at-14-07-47-1\/\" data-orig-file=\"https:\/\/eldiariodesanpedro.com.ar\/sitio\/wp-content\/uploads\/2022\/12\/WhatsApp-Image-2022-12-20-at-14.07.47-1.jpeg\" data-orig-size=\"650,630\" data-comments-opened=\"0\" data-image-meta=\"{&quot;aperture&quot;:&quot;0&quot;,&quot;credit&quot;:&quot;&quot;,&quot;camera&quot;:&quot;&quot;,&quot;caption&quot;:&quot;&quot;,&quot;created_timestamp&quot;:&quot;0&quot;,&quot;copyright&quot;:&quot;&quot;,&quot;focal_length&quot;:&quot;0&quot;,&quot;iso&quot;:&quot;0&quot;,&quot;shutter_speed&quot;:&quot;0&quot;,&quot;title&quot;:&quot;&quot;,&quot;orientation&quot;:&quot;0&quot;}\" data-image-title=\"WhatsApp Image 2022-12-20 at 14.07.47 (1)\" data-image-description=\"\" data-image-caption=\"\" data-large-file=\"https:\/\/eldiariodesanpedro.com.ar\/sitio\/wp-content\/uploads\/2022\/12\/WhatsApp-Image-2022-12-20-at-14.07.47-1.jpeg\" data-src=\"https:\/\/eldiariodesanpedro.com.ar\/sitio\/wp-content\/uploads\/2022\/12\/WhatsApp-Image-2022-12-20-at-14.07.47-1.jpeg\" alt=\"\" class=\"wp-image-113328 lazyload\" data-srcset=\"https:\/\/eldiariodesanpedro.com.ar\/sitio\/wp-content\/uploads\/2022\/12\/WhatsApp-Image-2022-12-20-at-14.07.47-1.jpeg 650w, https:\/\/eldiariodesanpedro.com.ar\/sitio\/wp-content\/uploads\/2022\/12\/WhatsApp-Image-2022-12-20-at-14.07.47-1-300x291.jpeg 300w\" data-sizes=\"(max-width: 650px) 100vw, 650px\" src=\"data:image\/svg+xml;base64,PHN2ZyB3aWR0aD0iMSIgaGVpZ2h0PSIxIiB4bWxucz0iaHR0cDovL3d3dy53My5vcmcvMjAwMC9zdmciPjwvc3ZnPg==\" style=\"--smush-placeholder-width: 650px; --smush-placeholder-aspect-ratio: 650\/630;\" \/><\/figure>\n\n\n\n<figure class=\"wp-block-image size-full\"><img decoding=\"async\" width=\"467\" height=\"630\" data-attachment-id=\"113329\" data-permalink=\"https:\/\/eldiariodesanpedro.com.ar\/sitio\/quedo-detenido-el-acusado-de-asesinar-a-alejandro-luna\/whatsapp-image-2022-12-20-at-14-07-47\/\" data-orig-file=\"https:\/\/eldiariodesanpedro.com.ar\/sitio\/wp-content\/uploads\/2022\/12\/WhatsApp-Image-2022-12-20-at-14.07.47.jpeg\" data-orig-size=\"467,630\" data-comments-opened=\"0\" data-image-meta=\"{&quot;aperture&quot;:&quot;0&quot;,&quot;credit&quot;:&quot;&quot;,&quot;camera&quot;:&quot;&quot;,&quot;caption&quot;:&quot;&quot;,&quot;created_timestamp&quot;:&quot;0&quot;,&quot;copyright&quot;:&quot;&quot;,&quot;focal_length&quot;:&quot;0&quot;,&quot;iso&quot;:&quot;0&quot;,&quot;shutter_speed&quot;:&quot;0&quot;,&quot;title&quot;:&quot;&quot;,&quot;orientation&quot;:&quot;0&quot;}\" data-image-title=\"WhatsApp Image 2022-12-20 at 14.07.47\" data-image-description=\"\" data-image-caption=\"\" data-large-file=\"https:\/\/eldiariodesanpedro.com.ar\/sitio\/wp-content\/uploads\/2022\/12\/WhatsApp-Image-2022-12-20-at-14.07.47.jpeg\" data-src=\"https:\/\/eldiariodesanpedro.com.ar\/sitio\/wp-content\/uploads\/2022\/12\/WhatsApp-Image-2022-12-20-at-14.07.47.jpeg\" alt=\"\" class=\"wp-image-113329 lazyload\" data-srcset=\"https:\/\/eldiariodesanpedro.com.ar\/sitio\/wp-content\/uploads\/2022\/12\/WhatsApp-Image-2022-12-20-at-14.07.47.jpeg 467w, https:\/\/eldiariodesanpedro.com.ar\/sitio\/wp-content\/uploads\/2022\/12\/WhatsApp-Image-2022-12-20-at-14.07.47-222x300.jpeg 222w\" data-sizes=\"(max-width: 467px) 100vw, 467px\" src=\"data:image\/svg+xml;base64,PHN2ZyB3aWR0aD0iMSIgaGVpZ2h0PSIxIiB4bWxucz0iaHR0cDovL3d3dy53My5vcmcvMjAwMC9zdmciPjwvc3ZnPg==\" style=\"--smush-placeholder-width: 467px; --smush-placeholder-aspect-ratio: 467\/630;\" \/><\/figure>\n\n\n","protected":false},"excerpt":{"rendered":"<p>Se entreg\u00f3 ala polic\u00eda minutos despu\u00e9s a que fuera allanada su casa. Por ahora es el \u00fanico imputado en el hecho. Promediando la tarde del martes qued\u00f3 detenido en la Comisar\u00eda de nuestra ciudad un joven de 20 a\u00f1os, identificado como Agust\u00edn Arce, qui\u00e9n en un principio aparece como \u00fanico acusado de asesinar a Alejandro [&hellip;]<\/p>\n","protected":false},"author":4,"featured_media":113325,"comment_status":"closed","ping_status":"closed","sticky":false,"template":"","format":"standard","meta":{"om_disable_all_campaigns":false,"_jetpack_memberships_contains_paid_content":false,"footnotes":""},"categories":[50,101,2],"tags":[197,696,33,19],"class_list":["post-113324","post","type-post","status-publish","format-standard","has-post-thumbnail","hentry","category-destacadas","category-interes-general-locales","category-locales","tag-buenos-aires","tag-interes-general","tag-locales","tag-san-pedro"],"aioseo_notices":[],"gutentor_comment":0,"jetpack_featured_media_url":"https:\/\/eldiariodesanpedro.com.ar\/sitio\/wp-content\/uploads\/2022\/12\/medida-8.png","jetpack_shortlink":"https:\/\/wp.me\/p6RhLt-ttO","jetpack_sharing_enabled":true,"_links":{"self":[{"href":"https:\/\/eldiariodesanpedro.com.ar\/sitio\/wp-json\/wp\/v2\/posts\/113324","targetHints":{"allow":["GET"]}}],"collection":[{"href":"https:\/\/eldiariodesanpedro.com.ar\/sitio\/wp-json\/wp\/v2\/posts"}],"about":[{"href":"https:\/\/eldiariodesanpedro.com.ar\/sitio\/wp-json\/wp\/v2\/types\/post"}],"author":[{"embeddable":true,"href":"https:\/\/eldiariodesanpedro.com.ar\/sitio\/wp-json\/wp\/v2\/users\/4"}],"replies":[{"embeddable":true,"href":"https:\/\/eldiariodesanpedro.com.ar\/sitio\/wp-json\/wp\/v2\/comments?post=113324"}],"version-history":[{"count":1,"href":"https:\/\/eldiariodesanpedro.com.ar\/sitio\/wp-json\/wp\/v2\/posts\/113324\/revisions"}],"predecessor-version":[{"id":113330,"href":"https:\/\/eldiariodesanpedro.com.ar\/sitio\/wp-json\/wp\/v2\/posts\/113324\/revisions\/113330"}],"wp:featuredmedia":[{"embeddable":true,"href":"https:\/\/eldiariodesanpedro.com.ar\/sitio\/wp-json\/wp\/v2\/media\/113325"}],"wp:attachment":[{"href":"https:\/\/eldiariodesanpedro.com.ar\/sitio\/wp-json\/wp\/v2\/media?parent=113324"}],"wp:term":[{"taxonomy":"category","embeddable":true,"href":"https:\/\/eldiariodesanpedro.com.ar\/sitio\/wp-json\/wp\/v2\/categories?post=113324"},{"taxonomy":"post_tag","embeddable":true,"href":"https:\/\/eldiariodesanpedro.com.ar\/sitio\/wp-json\/wp\/v2\/tags?post=113324"}],"curies":[{"name":"wp","href":"https:\/\/api.w.org\/{rel}","templated":true}]}}