{"id":113321,"date":"2022-12-19T12:55:21","date_gmt":"2022-12-19T15:55:21","guid":{"rendered":"https:\/\/eldiariodesanpedro.com.ar\/sitio\/?p=113321"},"modified":"2022-12-19T12:55:22","modified_gmt":"2022-12-19T15:55:22","slug":"un-joven-de-26-anos-asesinado-este-domingo-en-horas-de-la-madrugada","status":"publish","type":"post","link":"https:\/\/eldiariodesanpedro.com.ar\/sitio\/un-joven-de-26-anos-asesinado-este-domingo-en-horas-de-la-madrugada\/","title":{"rendered":"Un joven de 26 a\u00f1os asesinado este domingo en horas de la madrugada"},"content":{"rendered":"<!-- VideographyWP Plugin Message: Automatic video embedding prevented by plugin options. -->\n\n<p>Alejandro Ariel Luna, de 26 a\u00f1os, el hombre que fue apu\u00f1alado en la madrugada del domingo en Manuel Iglesias al 1900, muri\u00f3 horas m\u00e1s tarde en el Hospital Subzonal \u00abDr. Emilio Ruffa.&nbsp;<\/p>\n\n\n\n<p>El ataque en el que Luna sufri\u00f3 las grav\u00edsimas heridas que derivaron en su muerte tuvo como protagonista a una persona con antecedentes penales, con quien manten\u00eda una disputa de antigua data.&nbsp;<\/p>\n\n\n\n<p>Una ambulancia del SAME lo traslad\u00f3 a la guardia del Hospital Subzonal \u00abDr. Emilio Ruffa\u00bb.&nbsp;<\/p>\n\n\n\n<p>\u00abEl ingreso de este joven de 26 a\u00f1os se produjo con una herida de arma blanca en regi\u00f3n tor\u00e1xica, ingres\u00f3 al quir\u00f3fano, ten\u00eda lesiones en el h\u00edgado, pas\u00f3 a terapia y por la tarde falleci\u00f3 porque sigui\u00f3 descompensado. Perdi\u00f3 mucha sangre a pesar de la cirug\u00eda que le realizamos\u00bb explic\u00f3 el Dr. Jos\u00e9 Herbas, jefe del servicio de emergencias.<\/p>\n","protected":false},"excerpt":{"rendered":"<p>Alejandro Ariel Luna, de 26 a\u00f1os, el hombre que fue apu\u00f1alado en la madrugada del domingo en Manuel Iglesias al 1900, muri\u00f3 horas m\u00e1s tarde en el Hospital Subzonal \u00abDr. Emilio Ruffa.&nbsp; El ataque en el que Luna sufri\u00f3 las grav\u00edsimas heridas que derivaron en su muerte tuvo como protagonista a una persona con antecedentes [&hellip;]<\/p>\n","protected":false},"author":4,"featured_media":66938,"comment_status":"closed","ping_status":"closed","sticky":false,"template":"","format":"standard","meta":{"om_disable_all_campaigns":false,"_jetpack_memberships_contains_paid_content":false,"footnotes":""},"categories":[50,2,103],"tags":[197,696,33,19,3296],"class_list":["post-113321","post","type-post","status-publish","format-standard","has-post-thumbnail","hentry","category-destacadas","category-locales","category-policiales-locales","tag-buenos-aires","tag-interes-general","tag-locales","tag-san-pedro","tag-un-joven-de-26-anos-asesinado-este-domingo-en-horas-de-la-madrugada"],"aioseo_notices":[],"gutentor_comment":0,"jetpack_featured_media_url":"https:\/\/eldiariodesanpedro.com.ar\/sitio\/wp-content\/uploads\/2020\/01\/guardia-san-pedro-poli.jpg","jetpack_shortlink":"https:\/\/wp.me\/p6RhLt-ttL","jetpack_sharing_enabled":true,"_links":{"self":[{"href":"https:\/\/eldiariodesanpedro.com.ar\/sitio\/wp-json\/wp\/v2\/posts\/113321","targetHints":{"allow":["GET"]}}],"collection":[{"href":"https:\/\/eldiariodesanpedro.com.ar\/sitio\/wp-json\/wp\/v2\/posts"}],"about":[{"href":"https:\/\/eldiariodesanpedro.com.ar\/sitio\/wp-json\/wp\/v2\/types\/post"}],"author":[{"embeddable":true,"href":"https:\/\/eldiariodesanpedro.com.ar\/sitio\/wp-json\/wp\/v2\/users\/4"}],"replies":[{"embeddable":true,"href":"https:\/\/eldiariodesanpedro.com.ar\/sitio\/wp-json\/wp\/v2\/comments?post=113321"}],"version-history":[{"count":1,"href":"https:\/\/eldiariodesanpedro.com.ar\/sitio\/wp-json\/wp\/v2\/posts\/113321\/revisions"}],"predecessor-version":[{"id":113322,"href":"https:\/\/eldiariodesanpedro.com.ar\/sitio\/wp-json\/wp\/v2\/posts\/113321\/revisions\/113322"}],"wp:featuredmedia":[{"embeddable":true,"href":"https:\/\/eldiariodesanpedro.com.ar\/sitio\/wp-json\/wp\/v2\/media\/66938"}],"wp:attachment":[{"href":"https:\/\/eldiariodesanpedro.com.ar\/sitio\/wp-json\/wp\/v2\/media?parent=113321"}],"wp:term":[{"taxonomy":"category","embeddable":true,"href":"https:\/\/eldiariodesanpedro.com.ar\/sitio\/wp-json\/wp\/v2\/categories?post=113321"},{"taxonomy":"post_tag","embeddable":true,"href":"https:\/\/eldiariodesanpedro.com.ar\/sitio\/wp-json\/wp\/v2\/tags?post=113321"}],"curies":[{"name":"wp","href":"https:\/\/api.w.org\/{rel}","templated":true}]}}