{"id":113312,"date":"2022-12-19T11:27:59","date_gmt":"2022-12-19T14:27:59","guid":{"rendered":"https:\/\/eldiariodesanpedro.com.ar\/sitio\/?p=113312"},"modified":"2022-12-19T11:27:59","modified_gmt":"2022-12-19T14:27:59","slug":"entrega-de-17-escrituras-sociales-gestionadas-desde-la-oficina-de-escrituraciones-de-la-municipalidad","status":"publish","type":"post","link":"https:\/\/eldiariodesanpedro.com.ar\/sitio\/entrega-de-17-escrituras-sociales-gestionadas-desde-la-oficina-de-escrituraciones-de-la-municipalidad\/","title":{"rendered":"Entrega de 17 escrituras sociales gestionadas desde la oficina de escrituraciones de la Municipalidad"},"content":{"rendered":"<!-- VideographyWP Plugin Message: Automatic video embedding prevented by plugin options. -->\n\n<p>El pasado viernes por la ma\u00f1ana, el Intendente Municipal Ram\u00f3n Salazar encabez\u00f3 un nuevo acto de entrega de 17 escrituras sociales para familias que iniciaron los tr\u00e1mites locales para formalizar la posesi\u00f3n de terrenos en el Partido de San Pedro.<\/p>\n\n\n\n<p>El Director de Regularizaci\u00f3n del H\u00e1bitat de Subsecretar\u00eda de H\u00e1bitat de la Comunidad Roberto Perito particip\u00f3 en representaci\u00f3n de la Provincia de Buenos Aires junto al Dr. Javier Silva, Secretario de Obras P\u00fablicas Planeamiento y Catastro y la Dra. Valeria Leboso a cargo de la oficina de escrituraciones municipal.<\/p>\n\n\n\n<p>En el Centro Cultural Abelardo Castillo, con mucha alegr\u00eda, los funcionarios entregaron la documentaci\u00f3n a las familias que despu\u00e9s de varios a\u00f1os han logrado concretar lo que para muchos es \u00abun sue\u00f1o cumplido\u00bb.<\/p>\n\n\n\n<p>Estos tr\u00e1mites se realizan en el marco de la vigencia de la Regularizaci\u00f3n Dominial seg\u00fan Ley 24374 o \u201cLey Pierri\u201d que permite regularizar su propiedad a los ocupantes de buena fe de inmuebles urbanos, destinados a vivienda \u00fanica, que acrediten su ocupaci\u00f3n con causa l\u00edcita, en forma p\u00fablica, pac\u00edfica y continua, con anterioridad al 1 de enero de 2006.<\/p>\n\n\n\n<p>El Intendente volvi\u00f3 a destacar la importancia de este servicio y el trabajo articulado entre el Gobierno Provincial y Municipalidad para que las familias sampedrinas puedan gestionar sus escrituras de forma gratuita, y el avance de una gran cantidad de solicitudes que han sido ingresadas en los \u00faltimos tiempos.<\/p>\n\n\n\n<figure class=\"wp-block-image size-full\"><img decoding=\"async\" width=\"945\" height=\"630\" data-attachment-id=\"113314\" data-permalink=\"https:\/\/eldiariodesanpedro.com.ar\/sitio\/entrega-de-17-escrituras-sociales-gestionadas-desde-la-oficina-de-escrituraciones-de-la-municipalidad\/whatsapp-image-2022-12-16-at-18-15-58\/\" data-orig-file=\"https:\/\/eldiariodesanpedro.com.ar\/sitio\/wp-content\/uploads\/2022\/12\/WhatsApp-Image-2022-12-16-at-18.15.58.jpeg\" data-orig-size=\"945,630\" data-comments-opened=\"0\" data-image-meta=\"{&quot;aperture&quot;:&quot;0&quot;,&quot;credit&quot;:&quot;&quot;,&quot;camera&quot;:&quot;&quot;,&quot;caption&quot;:&quot;&quot;,&quot;created_timestamp&quot;:&quot;0&quot;,&quot;copyright&quot;:&quot;&quot;,&quot;focal_length&quot;:&quot;0&quot;,&quot;iso&quot;:&quot;0&quot;,&quot;shutter_speed&quot;:&quot;0&quot;,&quot;title&quot;:&quot;&quot;,&quot;orientation&quot;:&quot;0&quot;}\" data-image-title=\"WhatsApp Image 2022-12-16 at 18.15.58\" data-image-description=\"\" data-image-caption=\"\" data-large-file=\"https:\/\/eldiariodesanpedro.com.ar\/sitio\/wp-content\/uploads\/2022\/12\/WhatsApp-Image-2022-12-16-at-18.15.58.jpeg\" data-src=\"https:\/\/eldiariodesanpedro.com.ar\/sitio\/wp-content\/uploads\/2022\/12\/WhatsApp-Image-2022-12-16-at-18.15.58.jpeg\" alt=\"\" class=\"wp-image-113314 lazyload\" data-srcset=\"https:\/\/eldiariodesanpedro.com.ar\/sitio\/wp-content\/uploads\/2022\/12\/WhatsApp-Image-2022-12-16-at-18.15.58.jpeg 945w, https:\/\/eldiariodesanpedro.com.ar\/sitio\/wp-content\/uploads\/2022\/12\/WhatsApp-Image-2022-12-16-at-18.15.58-300x200.jpeg 300w, https:\/\/eldiariodesanpedro.com.ar\/sitio\/wp-content\/uploads\/2022\/12\/WhatsApp-Image-2022-12-16-at-18.15.58-768x512.jpeg 768w\" data-sizes=\"(max-width: 945px) 100vw, 945px\" src=\"data:image\/svg+xml;base64,PHN2ZyB3aWR0aD0iMSIgaGVpZ2h0PSIxIiB4bWxucz0iaHR0cDovL3d3dy53My5vcmcvMjAwMC9zdmciPjwvc3ZnPg==\" style=\"--smush-placeholder-width: 945px; --smush-placeholder-aspect-ratio: 945\/630;\" \/><\/figure>\n\n\n\n<figure class=\"wp-block-image size-full\"><img decoding=\"async\" width=\"945\" height=\"630\" data-attachment-id=\"113318\" data-permalink=\"https:\/\/eldiariodesanpedro.com.ar\/sitio\/entrega-de-17-escrituras-sociales-gestionadas-desde-la-oficina-de-escrituraciones-de-la-municipalidad\/whatsapp-image-2022-12-16-at-18-16-02\/\" data-orig-file=\"https:\/\/eldiariodesanpedro.com.ar\/sitio\/wp-content\/uploads\/2022\/12\/WhatsApp-Image-2022-12-16-at-18.16.02.jpeg\" data-orig-size=\"945,630\" data-comments-opened=\"0\" data-image-meta=\"{&quot;aperture&quot;:&quot;0&quot;,&quot;credit&quot;:&quot;&quot;,&quot;camera&quot;:&quot;&quot;,&quot;caption&quot;:&quot;&quot;,&quot;created_timestamp&quot;:&quot;0&quot;,&quot;copyright&quot;:&quot;&quot;,&quot;focal_length&quot;:&quot;0&quot;,&quot;iso&quot;:&quot;0&quot;,&quot;shutter_speed&quot;:&quot;0&quot;,&quot;title&quot;:&quot;&quot;,&quot;orientation&quot;:&quot;0&quot;}\" data-image-title=\"WhatsApp Image 2022-12-16 at 18.16.02\" data-image-description=\"\" data-image-caption=\"\" data-large-file=\"https:\/\/eldiariodesanpedro.com.ar\/sitio\/wp-content\/uploads\/2022\/12\/WhatsApp-Image-2022-12-16-at-18.16.02.jpeg\" data-src=\"https:\/\/eldiariodesanpedro.com.ar\/sitio\/wp-content\/uploads\/2022\/12\/WhatsApp-Image-2022-12-16-at-18.16.02.jpeg\" alt=\"\" class=\"wp-image-113318 lazyload\" data-srcset=\"https:\/\/eldiariodesanpedro.com.ar\/sitio\/wp-content\/uploads\/2022\/12\/WhatsApp-Image-2022-12-16-at-18.16.02.jpeg 945w, https:\/\/eldiariodesanpedro.com.ar\/sitio\/wp-content\/uploads\/2022\/12\/WhatsApp-Image-2022-12-16-at-18.16.02-300x200.jpeg 300w, https:\/\/eldiariodesanpedro.com.ar\/sitio\/wp-content\/uploads\/2022\/12\/WhatsApp-Image-2022-12-16-at-18.16.02-768x512.jpeg 768w\" data-sizes=\"(max-width: 945px) 100vw, 945px\" src=\"data:image\/svg+xml;base64,PHN2ZyB3aWR0aD0iMSIgaGVpZ2h0PSIxIiB4bWxucz0iaHR0cDovL3d3dy53My5vcmcvMjAwMC9zdmciPjwvc3ZnPg==\" style=\"--smush-placeholder-width: 945px; --smush-placeholder-aspect-ratio: 945\/630;\" \/><\/figure>\n","protected":false},"excerpt":{"rendered":"<p>El pasado viernes por la ma\u00f1ana, el Intendente Municipal Ram\u00f3n Salazar encabez\u00f3 un nuevo acto de entrega de 17 escrituras sociales para familias que iniciaron los tr\u00e1mites locales para formalizar la posesi\u00f3n de terrenos en el Partido de San Pedro. El Director de Regularizaci\u00f3n del H\u00e1bitat de Subsecretar\u00eda de H\u00e1bitat de la Comunidad Roberto Perito [&hellip;]<\/p>\n","protected":false},"author":4,"featured_media":113315,"comment_status":"closed","ping_status":"closed","sticky":false,"template":"","format":"standard","meta":{"om_disable_all_campaigns":false,"_jetpack_memberships_contains_paid_content":false,"footnotes":""},"categories":[50,101,2],"tags":[197,3295,696,33,19],"class_list":["post-113312","post","type-post","status-publish","format-standard","has-post-thumbnail","hentry","category-destacadas","category-interes-general-locales","category-locales","tag-buenos-aires","tag-entrega-de-17-escrituras-sociales-gestionadas-desde-la-oficina-de-escrituraciones-de-la-municipalidad","tag-interes-general","tag-locales","tag-san-pedro"],"aioseo_notices":[],"gutentor_comment":0,"jetpack_featured_media_url":"https:\/\/eldiariodesanpedro.com.ar\/sitio\/wp-content\/uploads\/2022\/12\/WhatsApp-Image-2022-12-16-at-18.16.00.jpeg","jetpack_shortlink":"https:\/\/wp.me\/p6RhLt-ttC","jetpack_sharing_enabled":true,"_links":{"self":[{"href":"https:\/\/eldiariodesanpedro.com.ar\/sitio\/wp-json\/wp\/v2\/posts\/113312","targetHints":{"allow":["GET"]}}],"collection":[{"href":"https:\/\/eldiariodesanpedro.com.ar\/sitio\/wp-json\/wp\/v2\/posts"}],"about":[{"href":"https:\/\/eldiariodesanpedro.com.ar\/sitio\/wp-json\/wp\/v2\/types\/post"}],"author":[{"embeddable":true,"href":"https:\/\/eldiariodesanpedro.com.ar\/sitio\/wp-json\/wp\/v2\/users\/4"}],"replies":[{"embeddable":true,"href":"https:\/\/eldiariodesanpedro.com.ar\/sitio\/wp-json\/wp\/v2\/comments?post=113312"}],"version-history":[{"count":1,"href":"https:\/\/eldiariodesanpedro.com.ar\/sitio\/wp-json\/wp\/v2\/posts\/113312\/revisions"}],"predecessor-version":[{"id":113320,"href":"https:\/\/eldiariodesanpedro.com.ar\/sitio\/wp-json\/wp\/v2\/posts\/113312\/revisions\/113320"}],"wp:featuredmedia":[{"embeddable":true,"href":"https:\/\/eldiariodesanpedro.com.ar\/sitio\/wp-json\/wp\/v2\/media\/113315"}],"wp:attachment":[{"href":"https:\/\/eldiariodesanpedro.com.ar\/sitio\/wp-json\/wp\/v2\/media?parent=113312"}],"wp:term":[{"taxonomy":"category","embeddable":true,"href":"https:\/\/eldiariodesanpedro.com.ar\/sitio\/wp-json\/wp\/v2\/categories?post=113312"},{"taxonomy":"post_tag","embeddable":true,"href":"https:\/\/eldiariodesanpedro.com.ar\/sitio\/wp-json\/wp\/v2\/tags?post=113312"}],"curies":[{"name":"wp","href":"https:\/\/api.w.org\/{rel}","templated":true}]}}