{"id":113309,"date":"2022-12-19T11:16:36","date_gmt":"2022-12-19T14:16:36","guid":{"rendered":"https:\/\/eldiariodesanpedro.com.ar\/sitio\/?p=113309"},"modified":"2022-12-19T11:16:40","modified_gmt":"2022-12-19T14:16:40","slug":"la-hermana-karina-festejo-desde-el-techo-de-la-iglesia","status":"publish","type":"post","link":"https:\/\/eldiariodesanpedro.com.ar\/sitio\/la-hermana-karina-festejo-desde-el-techo-de-la-iglesia\/","title":{"rendered":"La hermana Karina festej\u00f3 desde el techo de la iglesia"},"content":{"rendered":"<!-- VideographyWP Plugin Message: Automatic video embedding prevented by plugin options. -->\n\n<p>Entre los miles de fan\u00e1ticos sampedrinos que se volcaron a las calles para festejar el t\u00edtulo del mundo sobresali\u00f3 la presencia de la religiosa qui\u00e9n apareci\u00f3 en el techo de la iglesia celebrando junto a un grupo de j\u00f3venes el campeonato obtenido.<\/p>\n\n\n\n<p>La consagraci\u00f3n de la selecci\u00f3n Argentina de f\u00fatbol en el mundial de Qatar dio para todo.<\/p>\n\n\n\n<p>Ni bien Gonzalo Montiel anot\u00f3 el penal que le dio el t\u00edtulo al equipo de Lionel Scaloni miles de sampedrinos salieron a las calles a festejar.<\/p>\n\n\n\n<p>Distintos puntos del centro de la ciudad sirvieron para que una verdadera multitud se re\u00fana para celebrar la conquista pero sobresali\u00f3 lo que suced\u00eda en la plaza Constituci\u00f3n ya que all\u00ed se reuni\u00f3 la mayor cantidad de gente. Grande y simp\u00e1tica fue la sorpresa que se llevaron los presentes cuando entre los j\u00f3venes que festejaban envueltos en banderas celestes y blancas en el techo de la iglesia se advirti\u00f3 la presencia de la monja Karina quien con su tradicional atuendo de color blanco no pudo ocultar su alegr\u00eda ante todo lo que estaba sucediendo en nuestro pa\u00eds.<\/p>\n\n\n\n<p>Sor Karina, qui\u00e9n adem\u00e1s dicta clases en distintos establecimientos educativos de nuestra localidad, permaneci\u00f3 durante varios minutos en ese lugar saltando y festejando junto a los j\u00f3venes que nutrieron la plaza de la ciudad durante varias horas.<\/p>\n\n\n\n<iframe data-src=\"https:\/\/www.facebook.com\/plugins\/video.php?height=308&#038;href=https%3A%2F%2Fwww.facebook.com%2Fgustavo.laurino.3%2Fvideos%2F460048156115867%2F&#038;show_text=false&#038;width=560&#038;t=0\" width=\"560\" height=\"308\" style=\"border:none;overflow:hidden\" scrolling=\"no\" frameborder=\"0\" allowfullscreen=\"true\" allow=\"autoplay; clipboard-write; encrypted-media; picture-in-picture; web-share\" allowFullScreen=\"true\" src=\"data:image\/svg+xml;base64,PHN2ZyB3aWR0aD0iMSIgaGVpZ2h0PSIxIiB4bWxucz0iaHR0cDovL3d3dy53My5vcmcvMjAwMC9zdmciPjwvc3ZnPg==\" class=\"lazyload\" data-load-mode=\"1\"><\/iframe>\n","protected":false},"excerpt":{"rendered":"<p>Entre los miles de fan\u00e1ticos sampedrinos que se volcaron a las calles para festejar el t\u00edtulo del mundo sobresali\u00f3 la presencia de la religiosa qui\u00e9n apareci\u00f3 en el techo de la iglesia celebrando junto a un grupo de j\u00f3venes el campeonato obtenido. La consagraci\u00f3n de la selecci\u00f3n Argentina de f\u00fatbol en el mundial de Qatar [&hellip;]<\/p>\n","protected":false},"author":4,"featured_media":113310,"comment_status":"closed","ping_status":"closed","sticky":false,"template":"","format":"standard","meta":{"om_disable_all_campaigns":false,"_jetpack_memberships_contains_paid_content":false,"footnotes":""},"categories":[50,101,2],"tags":[197,696,33,19],"class_list":["post-113309","post","type-post","status-publish","format-standard","has-post-thumbnail","hentry","category-destacadas","category-interes-general-locales","category-locales","tag-buenos-aires","tag-interes-general","tag-locales","tag-san-pedro"],"aioseo_notices":[],"gutentor_comment":0,"jetpack_featured_media_url":"https:\/\/eldiariodesanpedro.com.ar\/sitio\/wp-content\/uploads\/2022\/12\/0000021484-resized-1920x1080-1.jpg","jetpack_shortlink":"https:\/\/wp.me\/p6RhLt-ttz","jetpack_sharing_enabled":true,"_links":{"self":[{"href":"https:\/\/eldiariodesanpedro.com.ar\/sitio\/wp-json\/wp\/v2\/posts\/113309","targetHints":{"allow":["GET"]}}],"collection":[{"href":"https:\/\/eldiariodesanpedro.com.ar\/sitio\/wp-json\/wp\/v2\/posts"}],"about":[{"href":"https:\/\/eldiariodesanpedro.com.ar\/sitio\/wp-json\/wp\/v2\/types\/post"}],"author":[{"embeddable":true,"href":"https:\/\/eldiariodesanpedro.com.ar\/sitio\/wp-json\/wp\/v2\/users\/4"}],"replies":[{"embeddable":true,"href":"https:\/\/eldiariodesanpedro.com.ar\/sitio\/wp-json\/wp\/v2\/comments?post=113309"}],"version-history":[{"count":1,"href":"https:\/\/eldiariodesanpedro.com.ar\/sitio\/wp-json\/wp\/v2\/posts\/113309\/revisions"}],"predecessor-version":[{"id":113311,"href":"https:\/\/eldiariodesanpedro.com.ar\/sitio\/wp-json\/wp\/v2\/posts\/113309\/revisions\/113311"}],"wp:featuredmedia":[{"embeddable":true,"href":"https:\/\/eldiariodesanpedro.com.ar\/sitio\/wp-json\/wp\/v2\/media\/113310"}],"wp:attachment":[{"href":"https:\/\/eldiariodesanpedro.com.ar\/sitio\/wp-json\/wp\/v2\/media?parent=113309"}],"wp:term":[{"taxonomy":"category","embeddable":true,"href":"https:\/\/eldiariodesanpedro.com.ar\/sitio\/wp-json\/wp\/v2\/categories?post=113309"},{"taxonomy":"post_tag","embeddable":true,"href":"https:\/\/eldiariodesanpedro.com.ar\/sitio\/wp-json\/wp\/v2\/tags?post=113309"}],"curies":[{"name":"wp","href":"https:\/\/api.w.org\/{rel}","templated":true}]}}