{"id":113306,"date":"2022-12-19T01:05:50","date_gmt":"2022-12-19T04:05:50","guid":{"rendered":"https:\/\/eldiariodesanpedro.com.ar\/sitio\/?p=113306"},"modified":"2022-12-19T01:05:51","modified_gmt":"2022-12-19T04:05:51","slug":"los-festejos-por-la-3o-copa-del-mundo-en-la-zona-centrica-fueron-hermosos-e-increibles","status":"publish","type":"post","link":"https:\/\/eldiariodesanpedro.com.ar\/sitio\/los-festejos-por-la-3o-copa-del-mundo-en-la-zona-centrica-fueron-hermosos-e-increibles\/","title":{"rendered":"Los festejos por la 3\u00ba Copa del Mundo en la zona c\u00e9ntrica fueron hermosos e incre\u00edbles"},"content":{"rendered":"<!-- VideographyWP Plugin Message: Automatic video embedding prevented by plugin options. -->\n\n<p>La Selecci\u00f3n empat\u00f3 con Francia 3 a 3 en una final electrizante y se impuso en los penales por 4 a 2. Messi en dos oportunidades y Di Mar\u00eda anotaron para la Albiceleste. Mbapp\u00e9 convirti\u00f3 los tres de Les Bleus.<\/p>\n\n\n\n<p>Y los festejos despuesde 36 a\u00f1os sin obtener una copa del mundo no se pudieron controlas con miles de personas por las calles centricas y de todos los barrios.<\/p>\n\n\n\n<p>San Pedro vivi\u00f3 un d\u00eda tan importante para la historia argentina y el Diario de San Pedro estuvo presente, una gran cantidad de ni\u00f1os fan\u00e1ticos de Messi estuvieron con sus familiares y amigos cantando y llorando de felicidad por el titulo obtenido.<\/p>\n\n\n\n<p>Nuestra ciudad por un dia nos olvidamos de todos los problemas cotidianos para dejar un dia para la historia y por eso decidimos reflejar en im\u00e1genes.<\/p>\n\n\n\n<iframe data-src=\"https:\/\/www.facebook.com\/plugins\/video.php?height=314&#038;href=https%3A%2F%2Fwww.facebook.com%2Feldiario.sanpedro.7%2Fvideos%2F1823075121387337%2F&#038;show_text=false&#038;width=560&#038;t=0\" width=\"560\" height=\"314\" style=\"border:none;overflow:hidden\" scrolling=\"no\" frameborder=\"0\" allowfullscreen=\"true\" allow=\"autoplay; clipboard-write; encrypted-media; picture-in-picture; web-share\" allowFullScreen=\"true\" src=\"data:image\/svg+xml;base64,PHN2ZyB3aWR0aD0iMSIgaGVpZ2h0PSIxIiB4bWxucz0iaHR0cDovL3d3dy53My5vcmcvMjAwMC9zdmciPjwvc3ZnPg==\" class=\"lazyload\" data-load-mode=\"1\"><\/iframe>\n\n\n\n<iframe data-src=\"https:\/\/www.facebook.com\/plugins\/post.php?href=https%3A%2F%2Fwww.facebook.com%2Feldiario.sanpedro.7%2Fposts%2Fpfbid02hnLfcWEMrZVzzyuysdKwTbLkGvZP4YYMiF6i9q8i84FVGk5KUdZvXasfL84MERxPl&#038;show_text=true&#038;width=500\" width=\"500\" height=\"665\" style=\"border:none;overflow:hidden\" scrolling=\"no\" frameborder=\"0\" allowfullscreen=\"true\" allow=\"autoplay; clipboard-write; encrypted-media; picture-in-picture; web-share\" src=\"data:image\/svg+xml;base64,PHN2ZyB3aWR0aD0iMSIgaGVpZ2h0PSIxIiB4bWxucz0iaHR0cDovL3d3dy53My5vcmcvMjAwMC9zdmciPjwvc3ZnPg==\" class=\"lazyload\" data-load-mode=\"1\"><\/iframe>\n","protected":false},"excerpt":{"rendered":"<p>La Selecci\u00f3n empat\u00f3 con Francia 3 a 3 en una final electrizante y se impuso en los penales por 4 a 2. Messi en dos oportunidades y Di Mar\u00eda anotaron para la Albiceleste. Mbapp\u00e9 convirti\u00f3 los tres de Les Bleus. Y los festejos despuesde 36 a\u00f1os sin obtener una copa del mundo no se pudieron [&hellip;]<\/p>\n","protected":false},"author":4,"featured_media":113307,"comment_status":"closed","ping_status":"closed","sticky":false,"template":"","format":"standard","meta":{"om_disable_all_campaigns":false,"_jetpack_memberships_contains_paid_content":false,"footnotes":""},"categories":[50,101,2],"tags":[197,696,33,19],"class_list":["post-113306","post","type-post","status-publish","format-standard","has-post-thumbnail","hentry","category-destacadas","category-interes-general-locales","category-locales","tag-buenos-aires","tag-interes-general","tag-locales","tag-san-pedro"],"aioseo_notices":[],"gutentor_comment":0,"jetpack_featured_media_url":"https:\/\/eldiariodesanpedro.com.ar\/sitio\/wp-content\/uploads\/2022\/12\/DSC_0320.jpg","jetpack_shortlink":"https:\/\/wp.me\/p6RhLt-ttw","jetpack_sharing_enabled":true,"_links":{"self":[{"href":"https:\/\/eldiariodesanpedro.com.ar\/sitio\/wp-json\/wp\/v2\/posts\/113306","targetHints":{"allow":["GET"]}}],"collection":[{"href":"https:\/\/eldiariodesanpedro.com.ar\/sitio\/wp-json\/wp\/v2\/posts"}],"about":[{"href":"https:\/\/eldiariodesanpedro.com.ar\/sitio\/wp-json\/wp\/v2\/types\/post"}],"author":[{"embeddable":true,"href":"https:\/\/eldiariodesanpedro.com.ar\/sitio\/wp-json\/wp\/v2\/users\/4"}],"replies":[{"embeddable":true,"href":"https:\/\/eldiariodesanpedro.com.ar\/sitio\/wp-json\/wp\/v2\/comments?post=113306"}],"version-history":[{"count":1,"href":"https:\/\/eldiariodesanpedro.com.ar\/sitio\/wp-json\/wp\/v2\/posts\/113306\/revisions"}],"predecessor-version":[{"id":113308,"href":"https:\/\/eldiariodesanpedro.com.ar\/sitio\/wp-json\/wp\/v2\/posts\/113306\/revisions\/113308"}],"wp:featuredmedia":[{"embeddable":true,"href":"https:\/\/eldiariodesanpedro.com.ar\/sitio\/wp-json\/wp\/v2\/media\/113307"}],"wp:attachment":[{"href":"https:\/\/eldiariodesanpedro.com.ar\/sitio\/wp-json\/wp\/v2\/media?parent=113306"}],"wp:term":[{"taxonomy":"category","embeddable":true,"href":"https:\/\/eldiariodesanpedro.com.ar\/sitio\/wp-json\/wp\/v2\/categories?post=113306"},{"taxonomy":"post_tag","embeddable":true,"href":"https:\/\/eldiariodesanpedro.com.ar\/sitio\/wp-json\/wp\/v2\/tags?post=113306"}],"curies":[{"name":"wp","href":"https:\/\/api.w.org\/{rel}","templated":true}]}}