{"id":113304,"date":"2021-06-18T15:35:00","date_gmt":"2021-06-18T18:35:00","guid":{"rendered":"https:\/\/eldiariodesanpedro.com.ar\/sitio\/?p=113304"},"modified":"2022-12-16T17:16:07","modified_gmt":"2022-12-16T20:16:07","slug":"edicto-de-posesion-veinteanal-de-filiberti-maria-teresa-geronima-y-otra-2","status":"publish","type":"post","link":"https:\/\/eldiariodesanpedro.com.ar\/sitio\/edicto-de-posesion-veinteanal-de-filiberti-maria-teresa-geronima-y-otra-2\/","title":{"rendered":"Edicto de Posesi\u00f3n Veintea\u00f1al de Filiberti Maria Teresa Geronima y Otra"},"content":{"rendered":"<!-- VideographyWP Plugin Message: Automatic video embedding prevented by plugin options. -->\n\n<p>El Juzgado de 1\u00ba Instancia en lo Civil y Comercial N\u00ba 5, Secretar\u00eda&nbsp; \u00fanica del Departamento Judicial de Gral. San Mart\u00edn, sito en Av.101 N\u00ba 1.753, Piso 6\u00ba de San Mart\u00edn, cita a herederos de <strong>Catalina Pettiti y Avico<\/strong>; para que dentro del plazo de <strong>diez<\/strong> d\u00edas, comparezca a tomar la intervenci\u00f3n que le corresponda y contestar demanda en autos \u00ab<strong>Filiberti Maria Teresa Geronima y Otra C\/ Avico Anunciada y Otros S\/ Posesi\u00f3n Veintea\u00f1al<\/strong>\u00ab, bajo apercibimiento de design\u00e1rsele a la <strong>Unidad de la Defensa Departamenta<\/strong>l que corresponda para que lo represente en el presente proceso, como as\u00ed tambi\u00e9n a quienes se consideren con derecho sobre el inmueble.-&nbsp; <strong>Gral. San Mart\u00edn, 16 de Junio de 2.021<\/strong>.-<\/p>\n\n\n\n<p>Dra MARIANELA CRISTINA&nbsp; DELLA VECCHIA<br>ABOGADO SECRETARIO&nbsp;<\/p>\n","protected":false},"excerpt":{"rendered":"<p>El Juzgado de 1\u00ba Instancia en lo Civil y Comercial N\u00ba 5, Secretar\u00eda&nbsp; \u00fanica del Departamento Judicial de Gral. San Mart\u00edn, sito en Av.101 N\u00ba 1.753, Piso 6\u00ba de San Mart\u00edn, cita a herederos de Catalina Pettiti y Avico; para que dentro del plazo de diez d\u00edas, comparezca a tomar la intervenci\u00f3n que le corresponda [&hellip;]<\/p>\n","protected":false},"author":4,"featured_media":102746,"comment_status":"closed","ping_status":"closed","sticky":false,"template":"","format":"standard","meta":{"om_disable_all_campaigns":false,"_jetpack_memberships_contains_paid_content":false,"footnotes":""},"categories":[676,1124],"tags":[3294],"class_list":["post-113304","post","type-post","status-publish","format-standard","has-post-thumbnail","hentry","category-edictos","category-edictos-especiales","tag-edicto-de-posesion-veinteanal-de-filiberti-maria-teresa-geronima-y-otra"],"aioseo_notices":[],"gutentor_comment":0,"jetpack_featured_media_url":"https:\/\/eldiariodesanpedro.com.ar\/sitio\/wp-content\/uploads\/2022\/01\/EDICTO.jpg","jetpack_shortlink":"https:\/\/wp.me\/p6RhLt-ttu","jetpack_sharing_enabled":true,"_links":{"self":[{"href":"https:\/\/eldiariodesanpedro.com.ar\/sitio\/wp-json\/wp\/v2\/posts\/113304","targetHints":{"allow":["GET"]}}],"collection":[{"href":"https:\/\/eldiariodesanpedro.com.ar\/sitio\/wp-json\/wp\/v2\/posts"}],"about":[{"href":"https:\/\/eldiariodesanpedro.com.ar\/sitio\/wp-json\/wp\/v2\/types\/post"}],"author":[{"embeddable":true,"href":"https:\/\/eldiariodesanpedro.com.ar\/sitio\/wp-json\/wp\/v2\/users\/4"}],"replies":[{"embeddable":true,"href":"https:\/\/eldiariodesanpedro.com.ar\/sitio\/wp-json\/wp\/v2\/comments?post=113304"}],"version-history":[{"count":1,"href":"https:\/\/eldiariodesanpedro.com.ar\/sitio\/wp-json\/wp\/v2\/posts\/113304\/revisions"}],"predecessor-version":[{"id":113305,"href":"https:\/\/eldiariodesanpedro.com.ar\/sitio\/wp-json\/wp\/v2\/posts\/113304\/revisions\/113305"}],"wp:featuredmedia":[{"embeddable":true,"href":"https:\/\/eldiariodesanpedro.com.ar\/sitio\/wp-json\/wp\/v2\/media\/102746"}],"wp:attachment":[{"href":"https:\/\/eldiariodesanpedro.com.ar\/sitio\/wp-json\/wp\/v2\/media?parent=113304"}],"wp:term":[{"taxonomy":"category","embeddable":true,"href":"https:\/\/eldiariodesanpedro.com.ar\/sitio\/wp-json\/wp\/v2\/categories?post=113304"},{"taxonomy":"post_tag","embeddable":true,"href":"https:\/\/eldiariodesanpedro.com.ar\/sitio\/wp-json\/wp\/v2\/tags?post=113304"}],"curies":[{"name":"wp","href":"https:\/\/api.w.org\/{rel}","templated":true}]}}