{"id":113302,"date":"2022-12-16T15:33:04","date_gmt":"2022-12-16T18:33:04","guid":{"rendered":"https:\/\/eldiariodesanpedro.com.ar\/sitio\/?p=113302"},"modified":"2022-12-16T15:33:05","modified_gmt":"2022-12-16T18:33:05","slug":"edicto-de-presentacion-de-quiebra-pequena-de-nestor-fabian-sanabria-fleitas","status":"publish","type":"post","link":"https:\/\/eldiariodesanpedro.com.ar\/sitio\/edicto-de-presentacion-de-quiebra-pequena-de-nestor-fabian-sanabria-fleitas\/","title":{"rendered":"Edicto de presentaci\u00f3n de Quiebra (peque\u00f1a) de Nestor Fabian Sanabria Fleitas"},"content":{"rendered":"<!-- VideographyWP Plugin Message: Automatic video embedding prevented by plugin options. -->\n\n<p>El Juzgado de Primera Instancia en lo Civil y Comercial N\u00b0 3 a cargo del Dr. Esteban Luis Magni, Secretar\u00eda \u00danica a mi cargo, sito en Pellegrini 68 1er piso de San Nicol\u00e1s, comunica por cinco (5) d\u00edas que en fecha 04\/11\/2022 se declar\u00f3 la quiebra de <strong>Nestor Fabian Sanabria Fleitas<\/strong>, argentino, DNI N\u00ba 18.826.002, con domicilio real en calle San Lorenzo N\u00ba 2290 de la localidad de San Pedro, Partido de San Pedro, Provincia de Buenos Aires.- Se ha designado S\u00edndico a la Contadora P\u00fablica Nacional Cristina Elizabeth P\u00e9rez (Tel.341-6839495, e-mail: estudiozanassi@arnet.com.ar) con domicilio constituido en calle Sarmiento 68 local 11 de San Nicol\u00e1s, ante quien los acreedores podr\u00e1n presentar sus pedidos de verificaci\u00f3n hasta el d\u00eda 26\/12\/2.022 y la Presentaci\u00f3n por el S\u00edndico de los Informes Individual y General (Art. 35 y 39 LCQ): los d\u00edas 24\/02\/2.023 y 31\/03\/2.023, respectivamente. Asimismo se hace saber que se ha dispuesto intimar al deudor cesante y a terceros para que en el t\u00e9rmino de 24 horas entreguen a la sindicatura los bienes de propiedad del quebrado, al igual que los libros y dem\u00e1s documentaci\u00f3n relacionada con la contabilidad para que tome posesi\u00f3n de la misma (Art. 88 inc. 3\u00ba y 4\u00ba LCQ). Se ha prohibido al quebrado realizar pagos, los que ser\u00e1n ineficaces (Art. 109, LCQ), previni\u00e9ndose a los terceros de la prohibici\u00f3n de hacer pagos al fallido, bajo apercibimiento de considerarlos ineficaces (Art. 88 Inc. 5\u00b0, LCQ).- Tambi\u00e9n se ha decretado la inhabilitaci\u00f3n del fallido, en los t\u00e9rminos de los Arts. 234, 236 y 238 de la Ley 24.522.- San Nicol\u00e1s, 10 de noviembre de 2022.-<\/p>\n\n\n\n<p>CARCURO ANTONELA YAEL<br>ABOGADO SECRETARIO<\/p>\n\n\n\n<p>(Publicaci\u00f3n V\u00e1lida por los d\u00edas 16, 17, 18, 19 y 20 de diciembre de 2022) <a href=\"https:\/\/notificaciones.scba.gov.ar\/verificarnotificacion.aspx?codNotif=V35JP1\">https:\/\/notificaciones.scba.gov.ar\/verificarnotificacion.aspx?codNotif=V35JP1<\/a><\/p>\n","protected":false},"excerpt":{"rendered":"<p>El Juzgado de Primera Instancia en lo Civil y Comercial N\u00b0 3 a cargo del Dr. Esteban Luis Magni, Secretar\u00eda \u00danica a mi cargo, sito en Pellegrini 68 1er piso de San Nicol\u00e1s, comunica por cinco (5) d\u00edas que en fecha 04\/11\/2022 se declar\u00f3 la quiebra de Nestor Fabian Sanabria Fleitas, argentino, DNI N\u00ba 18.826.002, [&hellip;]<\/p>\n","protected":false},"author":4,"featured_media":102746,"comment_status":"closed","ping_status":"closed","sticky":false,"template":"","format":"standard","meta":{"om_disable_all_campaigns":false,"_jetpack_memberships_contains_paid_content":false,"footnotes":""},"categories":[676,1124],"tags":[3293],"class_list":["post-113302","post","type-post","status-publish","format-standard","has-post-thumbnail","hentry","category-edictos","category-edictos-especiales","tag-edicto-de-presentacion-de-quiebra-pequena-de-nestor-fabian-sanabria-fleitas"],"aioseo_notices":[],"gutentor_comment":0,"jetpack_featured_media_url":"https:\/\/eldiariodesanpedro.com.ar\/sitio\/wp-content\/uploads\/2022\/01\/EDICTO.jpg","jetpack_shortlink":"https:\/\/wp.me\/p6RhLt-tts","jetpack_sharing_enabled":true,"_links":{"self":[{"href":"https:\/\/eldiariodesanpedro.com.ar\/sitio\/wp-json\/wp\/v2\/posts\/113302","targetHints":{"allow":["GET"]}}],"collection":[{"href":"https:\/\/eldiariodesanpedro.com.ar\/sitio\/wp-json\/wp\/v2\/posts"}],"about":[{"href":"https:\/\/eldiariodesanpedro.com.ar\/sitio\/wp-json\/wp\/v2\/types\/post"}],"author":[{"embeddable":true,"href":"https:\/\/eldiariodesanpedro.com.ar\/sitio\/wp-json\/wp\/v2\/users\/4"}],"replies":[{"embeddable":true,"href":"https:\/\/eldiariodesanpedro.com.ar\/sitio\/wp-json\/wp\/v2\/comments?post=113302"}],"version-history":[{"count":1,"href":"https:\/\/eldiariodesanpedro.com.ar\/sitio\/wp-json\/wp\/v2\/posts\/113302\/revisions"}],"predecessor-version":[{"id":113303,"href":"https:\/\/eldiariodesanpedro.com.ar\/sitio\/wp-json\/wp\/v2\/posts\/113302\/revisions\/113303"}],"wp:featuredmedia":[{"embeddable":true,"href":"https:\/\/eldiariodesanpedro.com.ar\/sitio\/wp-json\/wp\/v2\/media\/102746"}],"wp:attachment":[{"href":"https:\/\/eldiariodesanpedro.com.ar\/sitio\/wp-json\/wp\/v2\/media?parent=113302"}],"wp:term":[{"taxonomy":"category","embeddable":true,"href":"https:\/\/eldiariodesanpedro.com.ar\/sitio\/wp-json\/wp\/v2\/categories?post=113302"},{"taxonomy":"post_tag","embeddable":true,"href":"https:\/\/eldiariodesanpedro.com.ar\/sitio\/wp-json\/wp\/v2\/tags?post=113302"}],"curies":[{"name":"wp","href":"https:\/\/api.w.org\/{rel}","templated":true}]}}