{"id":113288,"date":"2022-12-16T14:09:11","date_gmt":"2022-12-16T17:09:11","guid":{"rendered":"https:\/\/eldiariodesanpedro.com.ar\/sitio\/?p=113288"},"modified":"2022-12-16T14:09:12","modified_gmt":"2022-12-16T17:09:12","slug":"la-fabrica-toyota-anuncio-que-agregara-un-tercer-turno-de-trabajo","status":"publish","type":"post","link":"https:\/\/eldiariodesanpedro.com.ar\/sitio\/la-fabrica-toyota-anuncio-que-agregara-un-tercer-turno-de-trabajo\/","title":{"rendered":"La fabrica Toyota anuncio que agregara un tercer turno de trabajo"},"content":{"rendered":"<!-- VideographyWP Plugin Message: Automatic video embedding prevented by plugin options. -->\n\n<p>El CEO de Toyota Latinoam\u00e9rica y Caribe, Masahiro Inoue, junto con el presidente de Toyota Argentina, Gustavo Salinas, presentaron al ministro de Econom\u00eda, Sergio Massa, y al secretario de Industria y Desarrollo Productivo, Jos\u00e9 Ignacio de Mendiguren, el nuevo esquema de producci\u00f3n de la compa\u00f1\u00eda en el pa\u00eds.&nbsp;<\/p>\n\n\n\n<p>A partir de 2023 aumentar\u00e1 la capacidad productiva de su planta en Z\u00e1rate (en la que trabajan actualmente centenares sampedrinos y baraderenses) con el objetivo de alcanzar las 182.000 unidades anuales.&nbsp;<a><\/a><\/p>\n\n\n\n<p>Con una inversi\u00f3n cercana a los US$ 60 millones, esta ampliaci\u00f3n implica la creaci\u00f3n de m\u00e1s de 2.000 empleos directos y exportaciones por m\u00e1s de US$ 4.000 millones anuales. Es la primera vez en sus 25 a\u00f1os en Argentina que su planta trabajar\u00e1 a tres turnos.<\/p>\n\n\n\n<p>El incremento de la capacidad productiva de la planta de Z\u00e1rate, que comenzar\u00e1 a ser efectiva a partir de enero de 2023, viene acompa\u00f1ada por el crecimiento de la demanda de las camionetas Hilux y los utilitarios SW4 en toda la regi\u00f3n. Para garantizar dicho incremento, la compa\u00f1\u00eda japonesa lleg\u00f3 a un acuerdo con los sindicatos y toda la cadena de valor para implementar un tercer turno de producci\u00f3n por primera vez en sus 25 a\u00f1os de historia en Argentina.&nbsp;<\/p>\n\n\n\n<p>Este nuevo esquema implica la creaci\u00f3n de m\u00e1s de 2.000 nuevos empleos directos que comenzar\u00e1n a trabajar en un sistema de turnos rotativos. Gran parte de estos equipos ya fueron contratados para cumplir con los planes de producci\u00f3n de 2022. Desde mayo, se han incorporado a la compa\u00f1\u00eda m\u00e1s de 50 personas por semana.<\/p>\n\n\n\n<p>Esta ampliaci\u00f3n de los equipos y la capacidad productiva tendr\u00e1 impacto a su vez en la cadena de valor, donde se crear\u00e1n nuevos empleos. Asimismo, un grupo cr\u00edtico de proveedores tambi\u00e9n incorporar\u00e1 un tercer turno en sus esquemas de trabajo, demandando mayor producci\u00f3n a sus propios proveedores.<\/p>\n\n\n\n<p>Adem\u00e1s, este incremento de la producci\u00f3n comprende la localizaci\u00f3n de nuevas autopartes, que se suman al m\u00e1s de 40% de contenido local y m\u00e1s de 65% regional con que se producen actualmente las Hilux y SW4. La compra de autopartes locales crecer\u00e1 en m\u00e1s de US$ 100 millones, favoreciendo a\u00fan m\u00e1s el valor agregado local con destino exportador.<\/p>\n\n\n\n<p>Actualmente, m\u00e1s del 80% de las Hilux y SW4 que se producen en la planta de Z\u00e1rate se exportan a distintos pa\u00edses de Am\u00e9rica Latina. Este crecimiento le permite a Toyota Argentina alcanzar un super\u00e1vit comercial de alrededor de US$ 750 millones, contribuyendo a la generaci\u00f3n de divisas para el pa\u00eds.<\/p>\n","protected":false},"excerpt":{"rendered":"<p>El CEO de Toyota Latinoam\u00e9rica y Caribe, Masahiro Inoue, junto con el presidente de Toyota Argentina, Gustavo Salinas, presentaron al ministro de Econom\u00eda, Sergio Massa, y al secretario de Industria y Desarrollo Productivo, Jos\u00e9 Ignacio de Mendiguren, el nuevo esquema de producci\u00f3n de la compa\u00f1\u00eda en el pa\u00eds.&nbsp; A partir de 2023 aumentar\u00e1 la capacidad [&hellip;]<\/p>\n","protected":false},"author":4,"featured_media":113289,"comment_status":"closed","ping_status":"closed","sticky":false,"template":"","format":"standard","meta":{"om_disable_all_campaigns":false,"_jetpack_memberships_contains_paid_content":false,"footnotes":""},"categories":[101,2],"tags":[197,33,19],"class_list":["post-113288","post","type-post","status-publish","format-standard","has-post-thumbnail","hentry","category-interes-general-locales","category-locales","tag-buenos-aires","tag-locales","tag-san-pedro"],"aioseo_notices":[],"gutentor_comment":0,"jetpack_featured_media_url":"https:\/\/eldiariodesanpedro.com.ar\/sitio\/wp-content\/uploads\/2022\/12\/180504-4.jpeg","jetpack_shortlink":"https:\/\/wp.me\/p6RhLt-tte","jetpack_sharing_enabled":true,"_links":{"self":[{"href":"https:\/\/eldiariodesanpedro.com.ar\/sitio\/wp-json\/wp\/v2\/posts\/113288","targetHints":{"allow":["GET"]}}],"collection":[{"href":"https:\/\/eldiariodesanpedro.com.ar\/sitio\/wp-json\/wp\/v2\/posts"}],"about":[{"href":"https:\/\/eldiariodesanpedro.com.ar\/sitio\/wp-json\/wp\/v2\/types\/post"}],"author":[{"embeddable":true,"href":"https:\/\/eldiariodesanpedro.com.ar\/sitio\/wp-json\/wp\/v2\/users\/4"}],"replies":[{"embeddable":true,"href":"https:\/\/eldiariodesanpedro.com.ar\/sitio\/wp-json\/wp\/v2\/comments?post=113288"}],"version-history":[{"count":1,"href":"https:\/\/eldiariodesanpedro.com.ar\/sitio\/wp-json\/wp\/v2\/posts\/113288\/revisions"}],"predecessor-version":[{"id":113290,"href":"https:\/\/eldiariodesanpedro.com.ar\/sitio\/wp-json\/wp\/v2\/posts\/113288\/revisions\/113290"}],"wp:featuredmedia":[{"embeddable":true,"href":"https:\/\/eldiariodesanpedro.com.ar\/sitio\/wp-json\/wp\/v2\/media\/113289"}],"wp:attachment":[{"href":"https:\/\/eldiariodesanpedro.com.ar\/sitio\/wp-json\/wp\/v2\/media?parent=113288"}],"wp:term":[{"taxonomy":"category","embeddable":true,"href":"https:\/\/eldiariodesanpedro.com.ar\/sitio\/wp-json\/wp\/v2\/categories?post=113288"},{"taxonomy":"post_tag","embeddable":true,"href":"https:\/\/eldiariodesanpedro.com.ar\/sitio\/wp-json\/wp\/v2\/tags?post=113288"}],"curies":[{"name":"wp","href":"https:\/\/api.w.org\/{rel}","templated":true}]}}