{"id":113279,"date":"2022-12-16T10:41:01","date_gmt":"2022-12-16T13:41:01","guid":{"rendered":"https:\/\/eldiariodesanpedro.com.ar\/sitio\/?p=113279"},"modified":"2022-12-16T10:41:02","modified_gmt":"2022-12-16T13:41:02","slug":"este-jueves-se-aprobo-el-aumento-de-tasas-en-la-sesion-de-mayores-contribuyentes","status":"publish","type":"post","link":"https:\/\/eldiariodesanpedro.com.ar\/sitio\/este-jueves-se-aprobo-el-aumento-de-tasas-en-la-sesion-de-mayores-contribuyentes\/","title":{"rendered":"Este jueves se aprob\u00f3 el aumento de tasas en la sesi\u00f3n de mayores contribuyentes"},"content":{"rendered":"<!-- VideographyWP Plugin Message: Automatic video embedding prevented by plugin options. -->\n\n<p>La asamblea de concejales y mayores contribuyentes aprob\u00f3, con voto dividido, las ordenanzas fiscal e impositiva, que determinen un incremento del 60% en promedio para las tasas municipales.&nbsp;&nbsp;<\/p>\n\n\n\n<p>El proyecto fue rechazado por los concejales de Juntos y por Florencia S\u00e1nchez de Convicci\u00f3n y Coherencia. Tambi\u00e9n se expresaron por la negativa los mayores contribuyentes Carlos Collaretti, Liliana Montero y Stella Bernan.&nbsp;<\/p>\n\n\n\n<p>En cambio, otros 12 mayores contribuyentes y los 10 concejales del Frente de Todos votaron afirmativamente.&nbsp;<\/p>\n\n\n\n<p>El debate, de m\u00e1s de dos horas, gir\u00f3 en torno a los mismos t\u00f3picos que se analizaron durante el tratamiento en la preparatoria: la calidad de la contraprestaci\u00f3n de los servicios tasados, la utilizaci\u00f3n de los fondos y la necesidad de revisi\u00f3n del esquema para que \u00abno paguen siempre los mismos\u00bb.&nbsp;<\/p>\n\n\n\n<p>En contraposici\u00f3n, el oficialismo record\u00f3 que el incremento fue sensiblemente menor al \u00edndice inflacionario.&nbsp;<\/p>\n\n\n\n<p>Minutos despu\u00e9s, en sesi\u00f3n extraordinaria, tambi\u00e9n se aprob\u00f3 el presupuesto para el ejercicio 2023.&nbsp;<\/p>\n","protected":false},"excerpt":{"rendered":"<p>La asamblea de concejales y mayores contribuyentes aprob\u00f3, con voto dividido, las ordenanzas fiscal e impositiva, que determinen un incremento del 60% en promedio para las tasas municipales.&nbsp;&nbsp; El proyecto fue rechazado por los concejales de Juntos y por Florencia S\u00e1nchez de Convicci\u00f3n y Coherencia. Tambi\u00e9n se expresaron por la negativa los mayores contribuyentes Carlos [&hellip;]<\/p>\n","protected":false},"author":4,"featured_media":113281,"comment_status":"closed","ping_status":"closed","sticky":false,"template":"","format":"standard","meta":{"om_disable_all_campaigns":false,"_jetpack_memberships_contains_paid_content":false,"footnotes":""},"categories":[50,101,2],"tags":[197,696,33,19],"class_list":["post-113279","post","type-post","status-publish","format-standard","has-post-thumbnail","hentry","category-destacadas","category-interes-general-locales","category-locales","tag-buenos-aires","tag-interes-general","tag-locales","tag-san-pedro"],"aioseo_notices":[],"gutentor_comment":0,"jetpack_featured_media_url":"https:\/\/eldiariodesanpedro.com.ar\/sitio\/wp-content\/uploads\/2022\/12\/IMG_20200217_122651-800x445-1.jpg","jetpack_shortlink":"https:\/\/wp.me\/p6RhLt-tt5","jetpack_sharing_enabled":true,"_links":{"self":[{"href":"https:\/\/eldiariodesanpedro.com.ar\/sitio\/wp-json\/wp\/v2\/posts\/113279","targetHints":{"allow":["GET"]}}],"collection":[{"href":"https:\/\/eldiariodesanpedro.com.ar\/sitio\/wp-json\/wp\/v2\/posts"}],"about":[{"href":"https:\/\/eldiariodesanpedro.com.ar\/sitio\/wp-json\/wp\/v2\/types\/post"}],"author":[{"embeddable":true,"href":"https:\/\/eldiariodesanpedro.com.ar\/sitio\/wp-json\/wp\/v2\/users\/4"}],"replies":[{"embeddable":true,"href":"https:\/\/eldiariodesanpedro.com.ar\/sitio\/wp-json\/wp\/v2\/comments?post=113279"}],"version-history":[{"count":1,"href":"https:\/\/eldiariodesanpedro.com.ar\/sitio\/wp-json\/wp\/v2\/posts\/113279\/revisions"}],"predecessor-version":[{"id":113282,"href":"https:\/\/eldiariodesanpedro.com.ar\/sitio\/wp-json\/wp\/v2\/posts\/113279\/revisions\/113282"}],"wp:featuredmedia":[{"embeddable":true,"href":"https:\/\/eldiariodesanpedro.com.ar\/sitio\/wp-json\/wp\/v2\/media\/113281"}],"wp:attachment":[{"href":"https:\/\/eldiariodesanpedro.com.ar\/sitio\/wp-json\/wp\/v2\/media?parent=113279"}],"wp:term":[{"taxonomy":"category","embeddable":true,"href":"https:\/\/eldiariodesanpedro.com.ar\/sitio\/wp-json\/wp\/v2\/categories?post=113279"},{"taxonomy":"post_tag","embeddable":true,"href":"https:\/\/eldiariodesanpedro.com.ar\/sitio\/wp-json\/wp\/v2\/tags?post=113279"}],"curies":[{"name":"wp","href":"https:\/\/api.w.org\/{rel}","templated":true}]}}