{"id":113267,"date":"2022-12-16T09:45:55","date_gmt":"2022-12-16T12:45:55","guid":{"rendered":"https:\/\/eldiariodesanpedro.com.ar\/sitio\/?p=113267"},"modified":"2022-12-16T09:45:56","modified_gmt":"2022-12-16T12:45:56","slug":"dos-delincuentes-detenidos-en-caba-por-el-robo-a-sampedrinos-que-festejaban-un-cumpleanos","status":"publish","type":"post","link":"https:\/\/eldiariodesanpedro.com.ar\/sitio\/dos-delincuentes-detenidos-en-caba-por-el-robo-a-sampedrinos-que-festejaban-un-cumpleanos\/","title":{"rendered":"Dos delincuentes detenidos en CABA por el robo a sampedrinos que festejaban un cumplea\u00f1os"},"content":{"rendered":"<!-- VideographyWP Plugin Message: Automatic video embedding prevented by plugin options. -->\n\n<p>El pasado\u00a020 de noviembre, tal como era informado por nuestro medio, varias delincuentes irrumpieron en un domicilio de Combate del Tala al 250, a provechando que la puerta de propiedad se encontraba abierta y les sustrajeron a las personas que all\u00ed se encontraban: telefon\u00eda celular varias, una notebook y dinero en efectivo. En las \u00faltimas horas se llevaron a cabo diligencias en la Villa 31 con resultados positivos.\u00a0<\/p>\n\n\n\n<p>Personal de la Sub DDI Baradero, profundizando en realizaci\u00f3n de tareas investigativas que cont\u00f3 con el an\u00e1lisis\u00a0 distintas c\u00e1maras se seguridad, tanto del interior de la localidad como as\u00ed tambi\u00e9n de puestos de peajes, se logr\u00f3 identificar a dos autom\u00f3viles los cuales se trataban de los mismos que habr\u00edan empleado los malvivientes al ingreso y egreso del lugar del hecho. De forma posterior se logra mediante an\u00e1lisis de comunicaciones telef\u00f3nicas y distintas tareas de campo, identificar al propietario y conductor del rodado y a otro sujeto que habr\u00edan formado parte del grupo de los al menos cinco delincuentes que cometieran el atraco, todos domiciliados en la Ciudad Aut\u00f3noma de Buenos Aires. Una vez que la informaci\u00f3n obtenida fuera puesta en manos del titular de la UFI Nro. 5 Dr. Manso quien interviene en la causa que fuera caratulada ROBO AGRAVADO POR EL EMPLEO DE ARMAS DE FUEGO Y POR SER COMETIDA EN POBLADO Y EN BANDA, es que se obtiene 1 orden de allanamiento para con el domicilio certificado, sito en el Barrio Padre Mujica, o mejor conocido como Villa 31 de Retiro, con el objeto de lograr el secuestro de elementos de inter\u00e9s para la causa, y el secuestro de uno de losl autom\u00f3viles empleados por los malvivientes y la detenci\u00f3n de su propietario de quien su rostro fuera capturado por las c\u00e1maras del peaje de Lima luego del hecho.<\/p>\n\n\n\n<p>El d\u00eda de ayer jueves 15 del corriente, mismo personal de Grupos Operativos de la Sub DDI Baradero, con colaboraci\u00f3n de DDI San Isidro, Comisar\u00eda de San Pedro y Personal de la Divisi\u00f3n Robos y Hurtos de la Polic\u00eda de la Ciudad, a partir de las 15:00 horas hace efectiva las diligencia ordenadas, en las cuales se secuestra el rodado utilizado en la comisi\u00f3n del hecho que se investiga, la detenci\u00f3n de su propietario, y de otro masculino de 31 a\u00f1os de edad, secuestr\u00e1ndose de su domicilio adem\u00e1s, tel\u00e9fonos celulares para su posterior an\u00e1lisis. Luego de prestar Declaraci\u00f3n en sede judicial, ambos ser\u00e1n alojados en DDI San Nicol\u00e1s.<\/p>\n","protected":false},"excerpt":{"rendered":"<p>El pasado\u00a020 de noviembre, tal como era informado por nuestro medio, varias delincuentes irrumpieron en un domicilio de Combate del Tala al 250, a provechando que la puerta de propiedad se encontraba abierta y les sustrajeron a las personas que all\u00ed se encontraban: telefon\u00eda celular varias, una notebook y dinero en efectivo. En las \u00faltimas [&hellip;]<\/p>\n","protected":false},"author":4,"featured_media":113268,"comment_status":"closed","ping_status":"closed","sticky":false,"template":"","format":"standard","meta":{"om_disable_all_campaigns":false,"_jetpack_memberships_contains_paid_content":false,"footnotes":""},"categories":[50,2,103],"tags":[197,33,95,19],"class_list":["post-113267","post","type-post","status-publish","format-standard","has-post-thumbnail","hentry","category-destacadas","category-locales","category-policiales-locales","tag-buenos-aires","tag-locales","tag-policiales","tag-san-pedro"],"aioseo_notices":[],"gutentor_comment":0,"jetpack_featured_media_url":"https:\/\/eldiariodesanpedro.com.ar\/sitio\/wp-content\/uploads\/2022\/12\/Sin-titulo-2.png","jetpack_shortlink":"https:\/\/wp.me\/p6RhLt-tsT","jetpack_sharing_enabled":true,"_links":{"self":[{"href":"https:\/\/eldiariodesanpedro.com.ar\/sitio\/wp-json\/wp\/v2\/posts\/113267","targetHints":{"allow":["GET"]}}],"collection":[{"href":"https:\/\/eldiariodesanpedro.com.ar\/sitio\/wp-json\/wp\/v2\/posts"}],"about":[{"href":"https:\/\/eldiariodesanpedro.com.ar\/sitio\/wp-json\/wp\/v2\/types\/post"}],"author":[{"embeddable":true,"href":"https:\/\/eldiariodesanpedro.com.ar\/sitio\/wp-json\/wp\/v2\/users\/4"}],"replies":[{"embeddable":true,"href":"https:\/\/eldiariodesanpedro.com.ar\/sitio\/wp-json\/wp\/v2\/comments?post=113267"}],"version-history":[{"count":1,"href":"https:\/\/eldiariodesanpedro.com.ar\/sitio\/wp-json\/wp\/v2\/posts\/113267\/revisions"}],"predecessor-version":[{"id":113269,"href":"https:\/\/eldiariodesanpedro.com.ar\/sitio\/wp-json\/wp\/v2\/posts\/113267\/revisions\/113269"}],"wp:featuredmedia":[{"embeddable":true,"href":"https:\/\/eldiariodesanpedro.com.ar\/sitio\/wp-json\/wp\/v2\/media\/113268"}],"wp:attachment":[{"href":"https:\/\/eldiariodesanpedro.com.ar\/sitio\/wp-json\/wp\/v2\/media?parent=113267"}],"wp:term":[{"taxonomy":"category","embeddable":true,"href":"https:\/\/eldiariodesanpedro.com.ar\/sitio\/wp-json\/wp\/v2\/categories?post=113267"},{"taxonomy":"post_tag","embeddable":true,"href":"https:\/\/eldiariodesanpedro.com.ar\/sitio\/wp-json\/wp\/v2\/tags?post=113267"}],"curies":[{"name":"wp","href":"https:\/\/api.w.org\/{rel}","templated":true}]}}