{"id":113263,"date":"2022-12-15T20:25:19","date_gmt":"2022-12-15T23:25:19","guid":{"rendered":"https:\/\/eldiariodesanpedro.com.ar\/sitio\/?p=113263"},"modified":"2022-12-15T20:25:20","modified_gmt":"2022-12-15T23:25:20","slug":"un-conductor-de-automovil-trato-de-pasar-a-dos-camiones-por-la-banquina-por-lo-que-termino-despistando-y-volcando","status":"publish","type":"post","link":"https:\/\/eldiariodesanpedro.com.ar\/sitio\/un-conductor-de-automovil-trato-de-pasar-a-dos-camiones-por-la-banquina-por-lo-que-termino-despistando-y-volcando\/","title":{"rendered":"Un conductor de autom\u00f3vil trato de pasar a dos camiones por la banquina por lo que termin\u00f3 despistando y volcando"},"content":{"rendered":"<!-- VideographyWP Plugin Message: Automatic video embedding prevented by plugin options. -->\n\n<p>En horas de la tarde de este jueves se inform\u00f3 al 911 que un autom\u00f3vil hab\u00eda despistado y volcado en la ruta nacional 9 quedando su conductor atrapado en el veh\u00edculo.<\/p>\n\n\n\n<p>El siniestro tuvo lugar en ruta nacional 9 km 165 sobre el carril Buenos Aires &#8211; Rosario donde veh\u00edculo Renault Logan guiado por \u00fanico ocupante identificado como Norberto Sosa de 56 a\u00f1os de edad el cual qued\u00f3 atrapado en interior de veh\u00edculo hall\u00e1ndose consciente.&nbsp;<\/p>\n\n\n\n<p>Teniendo en cuenta se solicit\u00f3 la presencia de Bomberos Voluntarios quien tras tareas de los mismos la v\u00edctima fue liberada y trasladada por el SAME al hospital subzonal Emilio Ruffa de San Pedro.<\/p>\n\n\n\n<p>Tras averiguaciones con testigos se logr\u00f3 establecer que un cami\u00f3n Mercedes Benz 1634 guiado por\u00a0 Fernandez Walter de 43 a\u00f1os con destino Ramallo se dispuso a pasar por carril r\u00e1pido a otro cami\u00f3n que circulaba por el carril lento, por lo que el conductor del autom\u00f3vil apurado trat\u00f3 de sobrepasar a ambos camiones realizando una maniobra para pasar por banquina lateral izquierdo perdiendo el control del mismo dando varios vuelcos finalizando sobre banquina de lateral derecho a unos 100 mt de la ruta.<\/p>\n\n\n\n<figure class=\"wp-block-image size-large\"><img decoding=\"async\" width=\"1024\" height=\"485\" data-attachment-id=\"113265\" data-permalink=\"https:\/\/eldiariodesanpedro.com.ar\/sitio\/un-conductor-de-automovil-trato-de-pasar-a-dos-camiones-por-la-banquina-por-lo-que-termino-despistando-y-volcando\/whatsapp-image-2022-12-15-at-16-45-04\/\" data-orig-file=\"https:\/\/eldiariodesanpedro.com.ar\/sitio\/wp-content\/uploads\/2022\/12\/WhatsApp-Image-2022-12-15-at-16.45.04.jpeg\" data-orig-size=\"1200,568\" data-comments-opened=\"0\" data-image-meta=\"{&quot;aperture&quot;:&quot;0&quot;,&quot;credit&quot;:&quot;&quot;,&quot;camera&quot;:&quot;&quot;,&quot;caption&quot;:&quot;&quot;,&quot;created_timestamp&quot;:&quot;0&quot;,&quot;copyright&quot;:&quot;&quot;,&quot;focal_length&quot;:&quot;0&quot;,&quot;iso&quot;:&quot;0&quot;,&quot;shutter_speed&quot;:&quot;0&quot;,&quot;title&quot;:&quot;&quot;,&quot;orientation&quot;:&quot;0&quot;}\" data-image-title=\"WhatsApp Image 2022-12-15 at 16.45.04\" data-image-description=\"\" data-image-caption=\"\" data-large-file=\"https:\/\/eldiariodesanpedro.com.ar\/sitio\/wp-content\/uploads\/2022\/12\/WhatsApp-Image-2022-12-15-at-16.45.04-1024x485.jpeg\" data-src=\"https:\/\/eldiariodesanpedro.com.ar\/sitio\/wp-content\/uploads\/2022\/12\/WhatsApp-Image-2022-12-15-at-16.45.04-1024x485.jpeg\" alt=\"\" class=\"wp-image-113265 lazyload\" data-srcset=\"https:\/\/eldiariodesanpedro.com.ar\/sitio\/wp-content\/uploads\/2022\/12\/WhatsApp-Image-2022-12-15-at-16.45.04-1024x485.jpeg 1024w, https:\/\/eldiariodesanpedro.com.ar\/sitio\/wp-content\/uploads\/2022\/12\/WhatsApp-Image-2022-12-15-at-16.45.04-300x142.jpeg 300w, https:\/\/eldiariodesanpedro.com.ar\/sitio\/wp-content\/uploads\/2022\/12\/WhatsApp-Image-2022-12-15-at-16.45.04-768x364.jpeg 768w, https:\/\/eldiariodesanpedro.com.ar\/sitio\/wp-content\/uploads\/2022\/12\/WhatsApp-Image-2022-12-15-at-16.45.04.jpeg 1200w\" data-sizes=\"(max-width: 1024px) 100vw, 1024px\" src=\"data:image\/svg+xml;base64,PHN2ZyB3aWR0aD0iMSIgaGVpZ2h0PSIxIiB4bWxucz0iaHR0cDovL3d3dy53My5vcmcvMjAwMC9zdmciPjwvc3ZnPg==\" style=\"--smush-placeholder-width: 1024px; --smush-placeholder-aspect-ratio: 1024\/485;\" \/><\/figure>\n\n\n\n<iframe data-src=\"https:\/\/www.facebook.com\/plugins\/post.php?href=https%3A%2F%2Fwww.facebook.com%2Fdiariosp2%2Fposts%2Fpfbid0SGZHrEx4w5rp2Aw23PXPJDuke2XgBxBfKcjNKKow7jRGX64ce9iGdZ5XvuSLEfhbl&#038;show_text=true&#038;width=500\" width=\"500\" height=\"684\" style=\"border:none;overflow:hidden\" scrolling=\"no\" frameborder=\"0\" allowfullscreen=\"true\" allow=\"autoplay; clipboard-write; encrypted-media; picture-in-picture; web-share\" src=\"data:image\/svg+xml;base64,PHN2ZyB3aWR0aD0iMSIgaGVpZ2h0PSIxIiB4bWxucz0iaHR0cDovL3d3dy53My5vcmcvMjAwMC9zdmciPjwvc3ZnPg==\" class=\"lazyload\" data-load-mode=\"1\"><\/iframe>\n","protected":false},"excerpt":{"rendered":"<p>En horas de la tarde de este jueves se inform\u00f3 al 911 que un autom\u00f3vil hab\u00eda despistado y volcado en la ruta nacional 9 quedando su conductor atrapado en el veh\u00edculo. El siniestro tuvo lugar en ruta nacional 9 km 165 sobre el carril Buenos Aires &#8211; Rosario donde veh\u00edculo Renault Logan guiado por \u00fanico [&hellip;]<\/p>\n","protected":false},"author":4,"featured_media":113264,"comment_status":"closed","ping_status":"closed","sticky":false,"template":"","format":"standard","meta":{"om_disable_all_campaigns":false,"_jetpack_memberships_contains_paid_content":false,"footnotes":""},"categories":[50,2,103],"tags":[197,696,33,95,19],"class_list":["post-113263","post","type-post","status-publish","format-standard","has-post-thumbnail","hentry","category-destacadas","category-locales","category-policiales-locales","tag-buenos-aires","tag-interes-general","tag-locales","tag-policiales","tag-san-pedro"],"aioseo_notices":[],"gutentor_comment":0,"jetpack_featured_media_url":"https:\/\/eldiariodesanpedro.com.ar\/sitio\/wp-content\/uploads\/2022\/12\/WhatsApp-Image-2022-12-15-at-16.45.03.jpeg","jetpack_shortlink":"https:\/\/wp.me\/p6RhLt-tsP","jetpack_sharing_enabled":true,"_links":{"self":[{"href":"https:\/\/eldiariodesanpedro.com.ar\/sitio\/wp-json\/wp\/v2\/posts\/113263","targetHints":{"allow":["GET"]}}],"collection":[{"href":"https:\/\/eldiariodesanpedro.com.ar\/sitio\/wp-json\/wp\/v2\/posts"}],"about":[{"href":"https:\/\/eldiariodesanpedro.com.ar\/sitio\/wp-json\/wp\/v2\/types\/post"}],"author":[{"embeddable":true,"href":"https:\/\/eldiariodesanpedro.com.ar\/sitio\/wp-json\/wp\/v2\/users\/4"}],"replies":[{"embeddable":true,"href":"https:\/\/eldiariodesanpedro.com.ar\/sitio\/wp-json\/wp\/v2\/comments?post=113263"}],"version-history":[{"count":1,"href":"https:\/\/eldiariodesanpedro.com.ar\/sitio\/wp-json\/wp\/v2\/posts\/113263\/revisions"}],"predecessor-version":[{"id":113266,"href":"https:\/\/eldiariodesanpedro.com.ar\/sitio\/wp-json\/wp\/v2\/posts\/113263\/revisions\/113266"}],"wp:featuredmedia":[{"embeddable":true,"href":"https:\/\/eldiariodesanpedro.com.ar\/sitio\/wp-json\/wp\/v2\/media\/113264"}],"wp:attachment":[{"href":"https:\/\/eldiariodesanpedro.com.ar\/sitio\/wp-json\/wp\/v2\/media?parent=113263"}],"wp:term":[{"taxonomy":"category","embeddable":true,"href":"https:\/\/eldiariodesanpedro.com.ar\/sitio\/wp-json\/wp\/v2\/categories?post=113263"},{"taxonomy":"post_tag","embeddable":true,"href":"https:\/\/eldiariodesanpedro.com.ar\/sitio\/wp-json\/wp\/v2\/tags?post=113263"}],"curies":[{"name":"wp","href":"https:\/\/api.w.org\/{rel}","templated":true}]}}