{"id":113257,"date":"2022-12-15T13:07:37","date_gmt":"2022-12-15T16:07:37","guid":{"rendered":"https:\/\/eldiariodesanpedro.com.ar\/sitio\/?p=113257"},"modified":"2022-12-15T13:07:38","modified_gmt":"2022-12-15T16:07:38","slug":"denunciaron-a-profesional-que-mostro-sus-genitales-a-una-inspectora-de-transito","status":"publish","type":"post","link":"https:\/\/eldiariodesanpedro.com.ar\/sitio\/denunciaron-a-profesional-que-mostro-sus-genitales-a-una-inspectora-de-transito\/","title":{"rendered":"Denunciaron a profesional que mostr\u00f3 sus genitales a una inspectora de tr\u00e1nsito"},"content":{"rendered":"<!-- VideographyWP Plugin Message: Automatic video embedding prevented by plugin options. -->\n\n<p>El hecho se produjo el fin de semana en el comercio Favela cuando la trabajadora intervino por una camioneta mal estacionada. El hecho fue denunciado en la Comisar\u00eda de la Mujer e interviene la fiscal\u00eda de turno.<\/p>\n\n\n\n<p>Un incidente de proporciones se produjo el fin de semana \u00faltimo en el comercio Favela ubicado en San Mart\u00edn y Pellegrini en pleno centro de la ciudad.<\/p>\n\n\n\n<p>Lo llamativo del caso y que quiz\u00e1s lo hace m\u00e1s grave a\u00fan es que qui\u00e9n protagoniz\u00f3 el grave hecho es un reconocido profesional de la ciudad vinculado al \u00e1mbito de la construcci\u00f3n y que en alg\u00fan momento tambi\u00e9n cumpli\u00f3 el rol de funcionario municipal.<\/p>\n\n\n\n<p>El grave episodio se origin\u00f3 alrededor de las 21 horas del viernes cuando una inspectora que recorr\u00eda la zona c\u00e9ntrica advirti\u00f3 que en la esquina mencionada se encontraba mal estacionada una camioneta. Los trabajadores municipales pasaron por el lugar entre tres y cuatro veces llamando la atenci\u00f3n al propietario pero ante la falta de respuestas la trabajadora se dirigi\u00f3 al lugar para labrar la infracci\u00f3n correspondiente y advertir al propietario de rodado. All\u00ed fue cuando recibi\u00f3 como respuesta, por parte del hombre, alg\u00fan que otro improperio y como si eso no alcanzara le mostr\u00f3 los genitales a la mujer.<\/p>\n\n\n\n<p>El profesional, que fue r\u00e1pidamente identificado, fue trasladado por alguno de los presentes al interior del comercio y luego de insistir, la polic\u00eda ya presente en el lugar, pudo acceder al lugar para entrevistarse con el acusado pero llamativamente cuando lo hicieron el hombre ya no se encontraba.<\/p>\n\n\n\n<p>La inspectora radic\u00f3 la denuncia correspondiente en la Comisar\u00eda de la Mujer, el caso ya fue judicializado, y se tramita en la fiscal\u00eda N\u00b0 11 de la doctora Viviana Ramos.<\/p>\n\n\n\n<p>Fuente: San Pedro Informa<\/p>\n","protected":false},"excerpt":{"rendered":"<p>El hecho se produjo el fin de semana en el comercio Favela cuando la trabajadora intervino por una camioneta mal estacionada. El hecho fue denunciado en la Comisar\u00eda de la Mujer e interviene la fiscal\u00eda de turno. Un incidente de proporciones se produjo el fin de semana \u00faltimo en el comercio Favela ubicado en San [&hellip;]<\/p>\n","protected":false},"author":4,"featured_media":113258,"comment_status":"closed","ping_status":"closed","sticky":false,"template":"","format":"standard","meta":{"om_disable_all_campaigns":false,"_jetpack_memberships_contains_paid_content":false,"footnotes":""},"categories":[50,101,2],"tags":[197,696,33,19],"class_list":["post-113257","post","type-post","status-publish","format-standard","has-post-thumbnail","hentry","category-destacadas","category-interes-general-locales","category-locales","tag-buenos-aires","tag-interes-general","tag-locales","tag-san-pedro"],"aioseo_notices":[],"gutentor_comment":0,"jetpack_featured_media_url":"https:\/\/eldiariodesanpedro.com.ar\/sitio\/wp-content\/uploads\/2022\/12\/0000021476-resized-1920x1080-1.jpg","jetpack_shortlink":"https:\/\/wp.me\/p6RhLt-tsJ","jetpack_sharing_enabled":true,"_links":{"self":[{"href":"https:\/\/eldiariodesanpedro.com.ar\/sitio\/wp-json\/wp\/v2\/posts\/113257","targetHints":{"allow":["GET"]}}],"collection":[{"href":"https:\/\/eldiariodesanpedro.com.ar\/sitio\/wp-json\/wp\/v2\/posts"}],"about":[{"href":"https:\/\/eldiariodesanpedro.com.ar\/sitio\/wp-json\/wp\/v2\/types\/post"}],"author":[{"embeddable":true,"href":"https:\/\/eldiariodesanpedro.com.ar\/sitio\/wp-json\/wp\/v2\/users\/4"}],"replies":[{"embeddable":true,"href":"https:\/\/eldiariodesanpedro.com.ar\/sitio\/wp-json\/wp\/v2\/comments?post=113257"}],"version-history":[{"count":1,"href":"https:\/\/eldiariodesanpedro.com.ar\/sitio\/wp-json\/wp\/v2\/posts\/113257\/revisions"}],"predecessor-version":[{"id":113259,"href":"https:\/\/eldiariodesanpedro.com.ar\/sitio\/wp-json\/wp\/v2\/posts\/113257\/revisions\/113259"}],"wp:featuredmedia":[{"embeddable":true,"href":"https:\/\/eldiariodesanpedro.com.ar\/sitio\/wp-json\/wp\/v2\/media\/113258"}],"wp:attachment":[{"href":"https:\/\/eldiariodesanpedro.com.ar\/sitio\/wp-json\/wp\/v2\/media?parent=113257"}],"wp:term":[{"taxonomy":"category","embeddable":true,"href":"https:\/\/eldiariodesanpedro.com.ar\/sitio\/wp-json\/wp\/v2\/categories?post=113257"},{"taxonomy":"post_tag","embeddable":true,"href":"https:\/\/eldiariodesanpedro.com.ar\/sitio\/wp-json\/wp\/v2\/tags?post=113257"}],"curies":[{"name":"wp","href":"https:\/\/api.w.org\/{rel}","templated":true}]}}