{"id":113253,"date":"2022-12-15T13:00:24","date_gmt":"2022-12-15T16:00:24","guid":{"rendered":"https:\/\/eldiariodesanpedro.com.ar\/sitio\/?p=113253"},"modified":"2022-12-15T13:00:24","modified_gmt":"2022-12-15T16:00:24","slug":"egreso-de-estudiantes-del-plan-fines","status":"publish","type":"post","link":"https:\/\/eldiariodesanpedro.com.ar\/sitio\/egreso-de-estudiantes-del-plan-fines\/","title":{"rendered":"Egreso de estudiantes del Plan Fines"},"content":{"rendered":"<!-- VideographyWP Plugin Message: Automatic video embedding prevented by plugin options. -->\n\n<p>Este jueves, en el CENS N\u00b0 452 se llev\u00f3 a cabo el acto de colaci\u00f3n de las Comisiones del Plan Fines en el que 112 egresados y egresadas recibieron su diploma de finalizaci\u00f3n del nivel secundario.<br>Con 22 Comisiones funcionando en sedes distribuidas en el distrito se superaron en el a\u00f1o 2022 los 200 egresados anuales.<\/p>\n\n\n\n<p>Este importante acto fue presidido por la Coordinadora Distrital de Plan Fines, Prof. Natalia Romero y cont\u00f3 con la participaci\u00f3n del Intendente Municipal, Dr. Ram\u00f3n Salazar junto al Secretario Coordinador del Consejo Provincial de Educaci\u00f3n y Trabajo, Prof. Alan Ocampo.<\/p>\n\n\n\n<p>El Plan Fines fue creado por el Gobierno Nacional en el a\u00f1o 2008 para todas las jurisdicciones y est\u00e1 destinado a adultos que, por diferentes razones hayan discontinuado su trayectoria educativa, brind\u00e1ndole la posibilidad de finalizarla y permitiendo a las personas, mayores de 18 a\u00f1os que deseen rendir materias pendientes o cursar para finalizar sus estudios y recibir la acreditaci\u00f3n para poder fortalecerse en el mundo laboral o continuar sus estudios en el nivel superior.<\/p>\n\n\n\n<p>Durante el acto, estuvieron presentes el Inspector \u00c1ngel Salinas y la Referente regional de Plan Fines, Mariela De Filippi.<\/p>\n","protected":false},"excerpt":{"rendered":"<p>Este jueves, en el CENS N\u00b0 452 se llev\u00f3 a cabo el acto de colaci\u00f3n de las Comisiones del Plan Fines en el que 112 egresados y egresadas recibieron su diploma de finalizaci\u00f3n del nivel secundario.Con 22 Comisiones funcionando en sedes distribuidas en el distrito se superaron en el a\u00f1o 2022 los 200 egresados anuales. [&hellip;]<\/p>\n","protected":false},"author":4,"featured_media":113254,"comment_status":"closed","ping_status":"closed","sticky":false,"template":"","format":"standard","meta":{"om_disable_all_campaigns":false,"_jetpack_memberships_contains_paid_content":false,"footnotes":""},"categories":[50,101,2],"tags":[197,696,33,19],"class_list":["post-113253","post","type-post","status-publish","format-standard","has-post-thumbnail","hentry","category-destacadas","category-interes-general-locales","category-locales","tag-buenos-aires","tag-interes-general","tag-locales","tag-san-pedro"],"aioseo_notices":[],"gutentor_comment":0,"jetpack_featured_media_url":"https:\/\/eldiariodesanpedro.com.ar\/sitio\/wp-content\/uploads\/2022\/12\/WhatsApp-Image-2022-12-15-at-11.42.24-1.jpeg","jetpack_shortlink":"https:\/\/wp.me\/p6RhLt-tsF","jetpack_sharing_enabled":true,"_links":{"self":[{"href":"https:\/\/eldiariodesanpedro.com.ar\/sitio\/wp-json\/wp\/v2\/posts\/113253","targetHints":{"allow":["GET"]}}],"collection":[{"href":"https:\/\/eldiariodesanpedro.com.ar\/sitio\/wp-json\/wp\/v2\/posts"}],"about":[{"href":"https:\/\/eldiariodesanpedro.com.ar\/sitio\/wp-json\/wp\/v2\/types\/post"}],"author":[{"embeddable":true,"href":"https:\/\/eldiariodesanpedro.com.ar\/sitio\/wp-json\/wp\/v2\/users\/4"}],"replies":[{"embeddable":true,"href":"https:\/\/eldiariodesanpedro.com.ar\/sitio\/wp-json\/wp\/v2\/comments?post=113253"}],"version-history":[{"count":1,"href":"https:\/\/eldiariodesanpedro.com.ar\/sitio\/wp-json\/wp\/v2\/posts\/113253\/revisions"}],"predecessor-version":[{"id":113256,"href":"https:\/\/eldiariodesanpedro.com.ar\/sitio\/wp-json\/wp\/v2\/posts\/113253\/revisions\/113256"}],"wp:featuredmedia":[{"embeddable":true,"href":"https:\/\/eldiariodesanpedro.com.ar\/sitio\/wp-json\/wp\/v2\/media\/113254"}],"wp:attachment":[{"href":"https:\/\/eldiariodesanpedro.com.ar\/sitio\/wp-json\/wp\/v2\/media?parent=113253"}],"wp:term":[{"taxonomy":"category","embeddable":true,"href":"https:\/\/eldiariodesanpedro.com.ar\/sitio\/wp-json\/wp\/v2\/categories?post=113253"},{"taxonomy":"post_tag","embeddable":true,"href":"https:\/\/eldiariodesanpedro.com.ar\/sitio\/wp-json\/wp\/v2\/tags?post=113253"}],"curies":[{"name":"wp","href":"https:\/\/api.w.org\/{rel}","templated":true}]}}