{"id":113247,"date":"2022-12-15T12:51:47","date_gmt":"2022-12-15T15:51:47","guid":{"rendered":"https:\/\/eldiariodesanpedro.com.ar\/sitio\/?p=113247"},"modified":"2022-12-15T12:51:48","modified_gmt":"2022-12-15T15:51:48","slug":"entrega-de-aportes-no-reintegrables-a-pequenos-comerciantes","status":"publish","type":"post","link":"https:\/\/eldiariodesanpedro.com.ar\/sitio\/entrega-de-aportes-no-reintegrables-a-pequenos-comerciantes\/","title":{"rendered":"Entrega de aportes no reintegrables a peque\u00f1os comerciantes"},"content":{"rendered":"<!-- VideographyWP Plugin Message: Automatic video embedding prevented by plugin options. -->\n\n<p>La Municipalidad de San Pedro concret\u00f3 ayer la entrega de 20 aportes no reintegrables de 300.000 pesos a comerciantes y emprendedores que se registraron oportunamente en un programa lanzado desde la Secretar\u00eda de Desarrollo Econ\u00f3mico, con el prop\u00f3sito de respaldar la inversi\u00f3n, el mantenimiento y el desarrollo de quienes generan empleo y actividad dentro de diferentes sectores de nuestra ciudad.<\/p>\n\n\n\n<p>Tras haber cumplimentado los pasos correspondientes para inscribirse en el registro y la realizaci\u00f3n de un sorteo ante escribano p\u00fablico, este mi\u00e9rcoles se cumpli\u00f3 con la entrega de los cheques correspondientes en un acto desarrollado en el Sal\u00f3n Dorado de la Municipalidad con la presencia del Intendente Ram\u00f3n Salazar y el Secretario de Gobierno Mart\u00edn Baraybar.<\/p>\n\n\n\n<p>El jefe comunal remarc\u00f3 la trascendencia de haber podido destinar estos aportes que tienen como objetivo ratificar el apoyo que desde el gobierno local se desea brindar a quienes dan trabajo y mantienen en funcionamiento el circuito econ\u00f3mico de San Pedro. El Secretario de Gobierno puntualiz\u00f3 que este programa fue concebido desde la gesti\u00f3n municipal y que los recursos entregados fueron generados por la administraci\u00f3n local, con el objetivo de poder incrementar y sostener en el tiempo este tipo de acciones.<\/p>\n\n\n\n<figure class=\"wp-block-image size-full\"><img decoding=\"async\" width=\"945\" height=\"630\" data-attachment-id=\"113248\" data-permalink=\"https:\/\/eldiariodesanpedro.com.ar\/sitio\/entrega-de-aportes-no-reintegrables-a-pequenos-comerciantes\/whatsapp-image-2022-12-15-at-09-05-08\/\" data-orig-file=\"https:\/\/eldiariodesanpedro.com.ar\/sitio\/wp-content\/uploads\/2022\/12\/WhatsApp-Image-2022-12-15-at-09.05.08.jpeg\" data-orig-size=\"945,630\" data-comments-opened=\"0\" data-image-meta=\"{&quot;aperture&quot;:&quot;0&quot;,&quot;credit&quot;:&quot;&quot;,&quot;camera&quot;:&quot;&quot;,&quot;caption&quot;:&quot;&quot;,&quot;created_timestamp&quot;:&quot;0&quot;,&quot;copyright&quot;:&quot;&quot;,&quot;focal_length&quot;:&quot;0&quot;,&quot;iso&quot;:&quot;0&quot;,&quot;shutter_speed&quot;:&quot;0&quot;,&quot;title&quot;:&quot;&quot;,&quot;orientation&quot;:&quot;0&quot;}\" data-image-title=\"WhatsApp Image 2022-12-15 at 09.05.08\" data-image-description=\"\" data-image-caption=\"\" data-large-file=\"https:\/\/eldiariodesanpedro.com.ar\/sitio\/wp-content\/uploads\/2022\/12\/WhatsApp-Image-2022-12-15-at-09.05.08.jpeg\" data-src=\"https:\/\/eldiariodesanpedro.com.ar\/sitio\/wp-content\/uploads\/2022\/12\/WhatsApp-Image-2022-12-15-at-09.05.08.jpeg\" alt=\"\" class=\"wp-image-113248 lazyload\" data-srcset=\"https:\/\/eldiariodesanpedro.com.ar\/sitio\/wp-content\/uploads\/2022\/12\/WhatsApp-Image-2022-12-15-at-09.05.08.jpeg 945w, https:\/\/eldiariodesanpedro.com.ar\/sitio\/wp-content\/uploads\/2022\/12\/WhatsApp-Image-2022-12-15-at-09.05.08-300x200.jpeg 300w, https:\/\/eldiariodesanpedro.com.ar\/sitio\/wp-content\/uploads\/2022\/12\/WhatsApp-Image-2022-12-15-at-09.05.08-768x512.jpeg 768w\" data-sizes=\"(max-width: 945px) 100vw, 945px\" src=\"data:image\/svg+xml;base64,PHN2ZyB3aWR0aD0iMSIgaGVpZ2h0PSIxIiB4bWxucz0iaHR0cDovL3d3dy53My5vcmcvMjAwMC9zdmciPjwvc3ZnPg==\" style=\"--smush-placeholder-width: 945px; --smush-placeholder-aspect-ratio: 945\/630;\" \/><\/figure>\n","protected":false},"excerpt":{"rendered":"<p>La Municipalidad de San Pedro concret\u00f3 ayer la entrega de 20 aportes no reintegrables de 300.000 pesos a comerciantes y emprendedores que se registraron oportunamente en un programa lanzado desde la Secretar\u00eda de Desarrollo Econ\u00f3mico, con el prop\u00f3sito de respaldar la inversi\u00f3n, el mantenimiento y el desarrollo de quienes generan empleo y actividad dentro de [&hellip;]<\/p>\n","protected":false},"author":4,"featured_media":113249,"comment_status":"closed","ping_status":"closed","sticky":false,"template":"","format":"standard","meta":{"om_disable_all_campaigns":false,"_jetpack_memberships_contains_paid_content":false,"footnotes":""},"categories":[50,101,2],"tags":[197,696,33,19],"class_list":["post-113247","post","type-post","status-publish","format-standard","has-post-thumbnail","hentry","category-destacadas","category-interes-general-locales","category-locales","tag-buenos-aires","tag-interes-general","tag-locales","tag-san-pedro"],"aioseo_notices":[],"gutentor_comment":0,"jetpack_featured_media_url":"https:\/\/eldiariodesanpedro.com.ar\/sitio\/wp-content\/uploads\/2022\/12\/WhatsApp-Image-2022-12-15-at-09.05.09.jpeg","jetpack_shortlink":"https:\/\/wp.me\/p6RhLt-tsz","jetpack_sharing_enabled":true,"_links":{"self":[{"href":"https:\/\/eldiariodesanpedro.com.ar\/sitio\/wp-json\/wp\/v2\/posts\/113247","targetHints":{"allow":["GET"]}}],"collection":[{"href":"https:\/\/eldiariodesanpedro.com.ar\/sitio\/wp-json\/wp\/v2\/posts"}],"about":[{"href":"https:\/\/eldiariodesanpedro.com.ar\/sitio\/wp-json\/wp\/v2\/types\/post"}],"author":[{"embeddable":true,"href":"https:\/\/eldiariodesanpedro.com.ar\/sitio\/wp-json\/wp\/v2\/users\/4"}],"replies":[{"embeddable":true,"href":"https:\/\/eldiariodesanpedro.com.ar\/sitio\/wp-json\/wp\/v2\/comments?post=113247"}],"version-history":[{"count":1,"href":"https:\/\/eldiariodesanpedro.com.ar\/sitio\/wp-json\/wp\/v2\/posts\/113247\/revisions"}],"predecessor-version":[{"id":113250,"href":"https:\/\/eldiariodesanpedro.com.ar\/sitio\/wp-json\/wp\/v2\/posts\/113247\/revisions\/113250"}],"wp:featuredmedia":[{"embeddable":true,"href":"https:\/\/eldiariodesanpedro.com.ar\/sitio\/wp-json\/wp\/v2\/media\/113249"}],"wp:attachment":[{"href":"https:\/\/eldiariodesanpedro.com.ar\/sitio\/wp-json\/wp\/v2\/media?parent=113247"}],"wp:term":[{"taxonomy":"category","embeddable":true,"href":"https:\/\/eldiariodesanpedro.com.ar\/sitio\/wp-json\/wp\/v2\/categories?post=113247"},{"taxonomy":"post_tag","embeddable":true,"href":"https:\/\/eldiariodesanpedro.com.ar\/sitio\/wp-json\/wp\/v2\/tags?post=113247"}],"curies":[{"name":"wp","href":"https:\/\/api.w.org\/{rel}","templated":true}]}}