{"id":113223,"date":"2022-12-14T10:30:13","date_gmt":"2022-12-14T13:30:13","guid":{"rendered":"https:\/\/eldiariodesanpedro.com.ar\/sitio\/?p=113223"},"modified":"2022-12-14T10:30:14","modified_gmt":"2022-12-14T13:30:14","slug":"reempadronamiento-para-acceder-al-nuevo-plan-de-facilidades","status":"publish","type":"post","link":"https:\/\/eldiariodesanpedro.com.ar\/sitio\/reempadronamiento-para-acceder-al-nuevo-plan-de-facilidades\/","title":{"rendered":"Reempadronamiento para acceder al nuevo Plan de Facilidades"},"content":{"rendered":"<!-- VideographyWP Plugin Message: Automatic video embedding prevented by plugin options. -->\n\n<p>La Municipalidad de San Pedro informa a trav\u00e9s de la Direcci\u00f3n de Rentas que para acceder al Plan de Facilidades que estar\u00e1 vigente desde el pr\u00f3ximo 19 de diciembre es requisito fundamental cumplir con el \u00abreempadronamiento\u00bb que debe gestionarse en las oficinas de Pellegrini 150. El tr\u00e1mite puede realizarse de lunes a viernes de 8 a 14 horas en la Direcci\u00f3n de Rentas y para obtener mayor informaci\u00f3n pueden comunicarse por correo electr\u00f3nico a atencionalcontribuyente@sanpedro.gob.ar o por WhatsApp al 3329-641517.<\/p>\n\n\n\n<figure class=\"wp-block-image size-full\"><img decoding=\"async\" width=\"504\" height=\"630\" data-attachment-id=\"113224\" data-permalink=\"https:\/\/eldiariodesanpedro.com.ar\/sitio\/reempadronamiento-para-acceder-al-nuevo-plan-de-facilidades\/whatsapp-image-2022-12-13-at-09-57-02\/\" data-orig-file=\"https:\/\/eldiariodesanpedro.com.ar\/sitio\/wp-content\/uploads\/2022\/12\/WhatsApp-Image-2022-12-13-at-09.57.02.jpeg\" data-orig-size=\"504,630\" data-comments-opened=\"0\" data-image-meta=\"{&quot;aperture&quot;:&quot;0&quot;,&quot;credit&quot;:&quot;&quot;,&quot;camera&quot;:&quot;&quot;,&quot;caption&quot;:&quot;&quot;,&quot;created_timestamp&quot;:&quot;0&quot;,&quot;copyright&quot;:&quot;&quot;,&quot;focal_length&quot;:&quot;0&quot;,&quot;iso&quot;:&quot;0&quot;,&quot;shutter_speed&quot;:&quot;0&quot;,&quot;title&quot;:&quot;&quot;,&quot;orientation&quot;:&quot;0&quot;}\" data-image-title=\"WhatsApp-Image-2022-12-13-at-09.57.02\" data-image-description=\"\" data-image-caption=\"\" data-large-file=\"https:\/\/eldiariodesanpedro.com.ar\/sitio\/wp-content\/uploads\/2022\/12\/WhatsApp-Image-2022-12-13-at-09.57.02.jpeg\" data-src=\"https:\/\/eldiariodesanpedro.com.ar\/sitio\/wp-content\/uploads\/2022\/12\/WhatsApp-Image-2022-12-13-at-09.57.02.jpeg\" alt=\"\" class=\"wp-image-113224 lazyload\" data-srcset=\"https:\/\/eldiariodesanpedro.com.ar\/sitio\/wp-content\/uploads\/2022\/12\/WhatsApp-Image-2022-12-13-at-09.57.02.jpeg 504w, https:\/\/eldiariodesanpedro.com.ar\/sitio\/wp-content\/uploads\/2022\/12\/WhatsApp-Image-2022-12-13-at-09.57.02-240x300.jpeg 240w\" data-sizes=\"(max-width: 504px) 100vw, 504px\" src=\"data:image\/svg+xml;base64,PHN2ZyB3aWR0aD0iMSIgaGVpZ2h0PSIxIiB4bWxucz0iaHR0cDovL3d3dy53My5vcmcvMjAwMC9zdmciPjwvc3ZnPg==\" style=\"--smush-placeholder-width: 504px; --smush-placeholder-aspect-ratio: 504\/630;\" \/><\/figure>\n","protected":false},"excerpt":{"rendered":"<p>La Municipalidad de San Pedro informa a trav\u00e9s de la Direcci\u00f3n de Rentas que para acceder al Plan de Facilidades que estar\u00e1 vigente desde el pr\u00f3ximo 19 de diciembre es requisito fundamental cumplir con el \u00abreempadronamiento\u00bb que debe gestionarse en las oficinas de Pellegrini 150. El tr\u00e1mite puede realizarse de lunes a viernes de 8 [&hellip;]<\/p>\n","protected":false},"author":4,"featured_media":102760,"comment_status":"closed","ping_status":"closed","sticky":false,"template":"","format":"standard","meta":{"om_disable_all_campaigns":false,"_jetpack_memberships_contains_paid_content":false,"footnotes":""},"categories":[50,101,2],"tags":[197,696,33,19],"class_list":["post-113223","post","type-post","status-publish","format-standard","has-post-thumbnail","hentry","category-destacadas","category-interes-general-locales","category-locales","tag-buenos-aires","tag-interes-general","tag-locales","tag-san-pedro"],"aioseo_notices":[],"gutentor_comment":0,"jetpack_featured_media_url":"https:\/\/eldiariodesanpedro.com.ar\/sitio\/wp-content\/uploads\/2022\/01\/Municipalidad-e1422657513131.jpg","jetpack_shortlink":"https:\/\/wp.me\/p6RhLt-tsb","jetpack_sharing_enabled":true,"_links":{"self":[{"href":"https:\/\/eldiariodesanpedro.com.ar\/sitio\/wp-json\/wp\/v2\/posts\/113223","targetHints":{"allow":["GET"]}}],"collection":[{"href":"https:\/\/eldiariodesanpedro.com.ar\/sitio\/wp-json\/wp\/v2\/posts"}],"about":[{"href":"https:\/\/eldiariodesanpedro.com.ar\/sitio\/wp-json\/wp\/v2\/types\/post"}],"author":[{"embeddable":true,"href":"https:\/\/eldiariodesanpedro.com.ar\/sitio\/wp-json\/wp\/v2\/users\/4"}],"replies":[{"embeddable":true,"href":"https:\/\/eldiariodesanpedro.com.ar\/sitio\/wp-json\/wp\/v2\/comments?post=113223"}],"version-history":[{"count":1,"href":"https:\/\/eldiariodesanpedro.com.ar\/sitio\/wp-json\/wp\/v2\/posts\/113223\/revisions"}],"predecessor-version":[{"id":113225,"href":"https:\/\/eldiariodesanpedro.com.ar\/sitio\/wp-json\/wp\/v2\/posts\/113223\/revisions\/113225"}],"wp:featuredmedia":[{"embeddable":true,"href":"https:\/\/eldiariodesanpedro.com.ar\/sitio\/wp-json\/wp\/v2\/media\/102760"}],"wp:attachment":[{"href":"https:\/\/eldiariodesanpedro.com.ar\/sitio\/wp-json\/wp\/v2\/media?parent=113223"}],"wp:term":[{"taxonomy":"category","embeddable":true,"href":"https:\/\/eldiariodesanpedro.com.ar\/sitio\/wp-json\/wp\/v2\/categories?post=113223"},{"taxonomy":"post_tag","embeddable":true,"href":"https:\/\/eldiariodesanpedro.com.ar\/sitio\/wp-json\/wp\/v2\/tags?post=113223"}],"curies":[{"name":"wp","href":"https:\/\/api.w.org\/{rel}","templated":true}]}}