{"id":113220,"date":"2022-12-13T13:10:10","date_gmt":"2022-12-13T16:10:10","guid":{"rendered":"https:\/\/eldiariodesanpedro.com.ar\/sitio\/?p=113220"},"modified":"2022-12-14T10:53:48","modified_gmt":"2022-12-14T13:53:48","slug":"asamblea-general-ordinaria-del-aero-club-san-pedro-2","status":"publish","type":"post","link":"https:\/\/eldiariodesanpedro.com.ar\/sitio\/asamblea-general-ordinaria-del-aero-club-san-pedro-2\/","title":{"rendered":"Asamblea General Ordinaria del Aero Club San Pedro"},"content":{"rendered":"<!-- VideographyWP Plugin Message: Automatic video embedding prevented by plugin options. -->\n\n<p class=\"has-text-align-right\">San Pedro 06 de Diciembre de 2022<\/p>\n\n\n\n<p class=\"has-text-align-center\"><strong>CONVOCATORIA ASAMBLEA GENERAL ORDINARIA<\/strong><\/p>\n\n\n\n<p>Estimado Socio: Cumpli\u00e9ndose con las disposiciones de los art\u00edculos 34 y 35 de los Estatutos, convocase a los Se\u00f1ores Asociados a la Asamblea General Ordinaria, correspondiente al ejercicio N\u00b0 67, que tendr\u00e1 lugar el d\u00eda Viernes 30 de Diciembre de 2022, a las 09:00 Hs. en las instalaciones de nuestra instituci\u00f3n, para tratar el siguiente Orden del D\u00eda:<\/p>\n\n\n\n<p class=\"has-text-align-center\"><strong>ORDEN DEL DIA<\/strong><\/p>\n\n\n\n<p>1) Lectura y consideraci\u00f3n de la Memoria, Balance General, Cuentas de Gastos y Recursos e Informe de la Comisi\u00f3n Revisora de Cuentas, correspondiente al 67 ejercicio social, comprendido entre el 1&#8242; de Noviembre de 2021 y el 31 de Octubre de 2022.<\/p>\n\n\n\n<p>2) Fijaci\u00f3n de cuotas de ingreso y mensuales de socios.<\/p>\n\n\n\n<p>3) Facultar a la Comisi\u00f3n Directiva a comprar, permutar y\/o vender material de propiedad de la Instituci\u00f3n, de acuerdo a lo dispuesto en el art. 24 de los Estatutos.<\/p>\n\n\n\n<p>4) Elecci\u00f3n de autoridades de Comisi\u00f3n Directiva: &nbsp;&nbsp;&nbsp;&nbsp;&nbsp;&nbsp;&nbsp;&nbsp;&nbsp;&nbsp;&nbsp;&nbsp;&nbsp;&nbsp;&nbsp;&nbsp;&nbsp;&nbsp;&nbsp;&nbsp;&nbsp;&nbsp;&nbsp;&nbsp;&nbsp;&nbsp;&nbsp;&nbsp;&nbsp;&nbsp;&nbsp;&nbsp;&nbsp;&nbsp;&nbsp;&nbsp;&nbsp;&nbsp;&nbsp;&nbsp;&nbsp;&nbsp;&nbsp;&nbsp;&nbsp;&nbsp;&nbsp;&nbsp;&nbsp;&nbsp;&nbsp;<\/p>\n\n\n\n<p>Un Vicepresidente por dos a\u00f1os en reemplazo del Sr. Abel A. Debock. Un Pro secretario por dos a\u00f1os en reemplazo del Sr. Pablo H. Castillo. Un Tesorero por dos a\u00f1os en reemplazo del Sr. Jorge A. Caso. Un Vocal Titular Segundo por dos a\u00f1os en reemplazo del Sr. Javier A. Casco. Un Vocal Suplente Primero por un a\u00f1o en reemplazo de la Sra. Clarisa I. Barcel\u00f3. Un Vocal Suplente Segundo por un a\u00f1o en reemplazo del Sr. Fernando Amatrian. Un Vocal Suplente Tercero por un a\u00f1o en reemplazo del Sr. Cristian A. Aguirre. Tres Revisores de Cuentas por un a\u00f1o en reemplazo del Sr. Jos\u00e9 B. Pan, el Sr. Eduardo H. Campos y el Sr. Gast\u00f3n H. Par\u00edas.<\/p>\n\n\n\n<p>5) Designaci\u00f3n de dos socios para firmar el acta de la asamblea.<\/p>\n\n\n\n<p>RAMIRO TORRESIN &#8211; Secretario<br>EDUARDO GENOVA &#8211; Presidente<\/p>\n","protected":false},"excerpt":{"rendered":"<p>San Pedro 06 de Diciembre de 2022 CONVOCATORIA ASAMBLEA GENERAL ORDINARIA Estimado Socio: Cumpli\u00e9ndose con las disposiciones de los art\u00edculos 34 y 35 de los Estatutos, convocase a los Se\u00f1ores Asociados a la Asamblea General Ordinaria, correspondiente al ejercicio N\u00b0 67, que tendr\u00e1 lugar el d\u00eda Viernes 30 de Diciembre de 2022, a las 09:00 [&hellip;]<\/p>\n","protected":false},"author":4,"featured_media":113221,"comment_status":"closed","ping_status":"closed","sticky":false,"template":"","format":"standard","meta":{"om_disable_all_campaigns":false,"_jetpack_memberships_contains_paid_content":false,"footnotes":""},"categories":[678,676],"tags":[2544,197,1121,33,19],"class_list":["post-113220","post","type-post","status-publish","format-standard","has-post-thumbnail","hentry","category-convocatorias","category-edictos","tag-asamblea-general-ordinaria-del-aero-club-san-pedro","tag-buenos-aires","tag-edicto","tag-locales","tag-san-pedro"],"aioseo_notices":[],"gutentor_comment":0,"jetpack_featured_media_url":"https:\/\/eldiariodesanpedro.com.ar\/sitio\/wp-content\/uploads\/2022\/12\/Aero-Club-Convocatoria-10-12-2021.jpg","jetpack_shortlink":"https:\/\/wp.me\/p6RhLt-ts8","jetpack_sharing_enabled":true,"_links":{"self":[{"href":"https:\/\/eldiariodesanpedro.com.ar\/sitio\/wp-json\/wp\/v2\/posts\/113220","targetHints":{"allow":["GET"]}}],"collection":[{"href":"https:\/\/eldiariodesanpedro.com.ar\/sitio\/wp-json\/wp\/v2\/posts"}],"about":[{"href":"https:\/\/eldiariodesanpedro.com.ar\/sitio\/wp-json\/wp\/v2\/types\/post"}],"author":[{"embeddable":true,"href":"https:\/\/eldiariodesanpedro.com.ar\/sitio\/wp-json\/wp\/v2\/users\/4"}],"replies":[{"embeddable":true,"href":"https:\/\/eldiariodesanpedro.com.ar\/sitio\/wp-json\/wp\/v2\/comments?post=113220"}],"version-history":[{"count":2,"href":"https:\/\/eldiariodesanpedro.com.ar\/sitio\/wp-json\/wp\/v2\/posts\/113220\/revisions"}],"predecessor-version":[{"id":113227,"href":"https:\/\/eldiariodesanpedro.com.ar\/sitio\/wp-json\/wp\/v2\/posts\/113220\/revisions\/113227"}],"wp:featuredmedia":[{"embeddable":true,"href":"https:\/\/eldiariodesanpedro.com.ar\/sitio\/wp-json\/wp\/v2\/media\/113221"}],"wp:attachment":[{"href":"https:\/\/eldiariodesanpedro.com.ar\/sitio\/wp-json\/wp\/v2\/media?parent=113220"}],"wp:term":[{"taxonomy":"category","embeddable":true,"href":"https:\/\/eldiariodesanpedro.com.ar\/sitio\/wp-json\/wp\/v2\/categories?post=113220"},{"taxonomy":"post_tag","embeddable":true,"href":"https:\/\/eldiariodesanpedro.com.ar\/sitio\/wp-json\/wp\/v2\/tags?post=113220"}],"curies":[{"name":"wp","href":"https:\/\/api.w.org\/{rel}","templated":true}]}}